{"id":100,"date":"2013-06-05T20:19:00","date_gmt":"2013-06-05T18:19:00","guid":{"rendered":"http:\/\/blogit.image.fi\/antiaikalainen\/limonov\/"},"modified":"2018-02-28T09:26:25","modified_gmt":"2018-02-28T07:26:25","slug":"limonov","status":"publish","type":"post","link":"https:\/\/blogit.apu.fi\/antiaikalainen\/limonov\/","title":{"rendered":"Limonov"},"content":{"rendered":"<div style=\"clear: both; text-align: center;\"><a rel=\"nofollow\" href=\"https:\/\/blogit-cdn.a-lehdet.fi\/uploads\/sites\/38\/2015\/03\/limonov.jpg\" style=\"clear: left; float: left; margin-bottom: 1em; margin-right: 1em;\"><img decoding=\"async\" border=\"0\" src=\"https:\/\/blogit-cdn.a-lehdet.fi\/uploads\/sites\/38\/2015\/03\/limonov.jpg\" \/><\/a><\/div>\n<div style=\"line-height: 150%;\"><span style=\"font-family: inherit;\"><span style=\"line-height: 150%;\"><br \/><\/span><\/span><\/div>\n<div style=\"line-height: 150%;\"><span style=\"font-family: inherit;\"><span style=\"line-height: 150%;\">Youtubesta<i> <\/i>l\u00f6ytyy video, jossa ven\u00e4l\u00e4iskirjailija Eduard Limonov seisoo Bosnian serbijohtajan<i><\/i>Radovan<i> <\/i><\/span><\/span>Karad\u017ei\u0107in vierell\u00e4 piiritetyn Sarajevon kukkuloilla 1990-luvun alussa.&nbsp;<span style=\"font-family: inherit; line-height: 150%;\">Karad\u017ei\u0107 selostaa, ett\u00e4 serbijoukot eiv\u00e4t ole hy\u00f6kk\u00e4\u00e4ji\u00e4 vaan haluavat vain palauttaa haltuunsa heill<\/span><span style=\"font-family: inherit; line-height: 150%;\">e ikimuistoisesti kuuluneet maat. Limonov ny\u00f6kyttelee serbijohtajan puheille h\u00e4nnystelij\u00e4m\u00e4isesti.<\/span><\/div>\n<div style=\"line-height: 150%;\"><\/div>\n<div style=\"line-height: 150%;\"><span style=\"font-family: inherit;\"><span style=\"line-height: 150%;\">Kuuluisaksi videon tekee kohtaus, jossa Limonov ampuu konekiv\u00e4\u00e4rill\u00e4 piiritettyyn Sarajevoon. Ennen ampumaan ryhtymist\u00e4 h\u00e4n h\u00e4\u00e4rii konekiv\u00e4\u00e4ri\u00e4 rasvaavan sotilaan ymp\u00e4rill\u00e4 uteliaisuuteen pakahtumaisillaan. Viimein sotilas kysyy, haluaako Limonov kokeilla asetta. Totta kai haluaa! Sotilas joutuu kuitenkin ensin neuvomaan h\u00e4nelle oikeaoppisen ampuma-asennon.<\/span><em><span style=\"font-style: normal; line-height: 150%;\"><o:p><\/o:p><\/span><\/em><\/span><\/div>\n<div style=\"line-height: 150%;\"><\/div>\n<div style=\"line-height: 150%;\"><span style=\"font-family: inherit;\"><span style=\"line-height: 150%;\">Videon perusteella on vaikea kuvitella Eduard Limonovia sellaiseksi sankarilliseksi soturiksi ja seikkailijaksi,<i> <\/i>jollaisena h\u00e4n esiintyy omael\u00e4m\u00e4kerrallisissa teoksissaan. Pikemminkin h\u00e4n n\u00e4ytt\u00e4\u00e4 eniten inhoamaltaan hahmolta:<i> <\/i>intellektuellin reppanalta.&nbsp;<\/span><\/span><\/div>\n<div style=\"line-height: 150%;\"><\/div>\n<div style=\"line-height: 150%;\"><span style=\"font-family: inherit;\"><span style=\"line-height: 150%;\">Ranskalaiskirjailija Emmanuel <\/span><span style=\"line-height: 150%;\">Carr\u00e8ren dokumenttiromaanissa <i>Limonov<\/i> on paljonpuhuva episodi Moskovan parlamenttitalon valtauksesta syksylt\u00e4 1993. Limonov osallistui valtaukseen uskoen vakaasti, ett\u00e4 kapinalliset kaataisivat presidentti Boris Jeltsinin ja ottaisivat komennon Ven\u00e4j\u00e4ll\u00e4.<o:p><\/o:p><\/span><\/span><\/div>\n<div style=\"line-height: 150%;\"><\/div>\n<div style=\"line-height: 150%;\"><span style=\"line-height: 150%;\"><span style=\"font-family: inherit;\">Puna-armeijan tankkien piiritt\u00e4ess\u00e4 parlamenttitaloa Limonov hakeutui valtaajia johtaneen varapresidentti Aleksandr Rutskoin puheille ja neuvoi t\u00e4t\u00e4 ryhtym\u00e4\u00e4n viipym\u00e4tt\u00e4 aseelliseen vastaiskuun. Rutskoi huusi takaisin: \u201dKuka te oikeastaan olette? Joku kirjailija? Intellektuelli? J\u00e4tt\u00e4k\u00e4\u00e4 sotilaalliset p\u00e4\u00e4t\u00f6kset asiantuntijoille.\u201d<o:p><\/o:p><\/span><\/span><\/div>\n<div style=\"line-height: 150%;\"><\/div>\n<div style=\"line-height: 150%;\"><span style=\"font-family: inherit;\"><span style=\"line-height: 150%;\">Pahempaa solvausta ei varapresidentti olisi voinut Limonovin p\u00e4\u00e4lle syyt\u00e4\u00e4. N\u00f6yryytetty kirjailija poistui parlamenttitalosta v\u00e4hin \u00e4\u00e4nin. Palatessaan serbien pariin h\u00e4n sai selitell\u00e4 ihailemalleen taistelutoverille, pahamaineiselle Arkanille eli <\/span><span style=\"background-color: white; line-height: 150%;\">\u017deljko Ra\u017enatovi\u0107ille<\/span><span style=\"line-height: 150%;\">, miksei tehnytk\u00e4\u00e4n Ven\u00e4j\u00e4ll\u00e4 vallankumousta, vaikka uhosi tekev\u00e4ns\u00e4.<o:p><\/o:p><\/span><\/span><\/div>\n<div style=\"line-height: 150%;\"><\/div>\n<div style=\"line-height: 150%;\"><span style=\"line-height: 150%;\"><span style=\"font-family: inherit;\">***<o:p><\/o:p><\/span><\/span><\/div>\n<div style=\"line-height: 150%;\"><\/div>\n<div style=\"line-height: 150%;\"><span style=\"font-family: inherit;\"><span style=\"color: #222222; line-height: 150%;\">Emmanuel <\/span><span style=\"line-height: 150%;\">Carr\u00e8re my\u00f6nt\u00e4\u00e4, ettei h\u00e4nen ollut helppo kirjoittaa kirjaa Limonovista. N\u00e4hty\u00e4\u00e4n Sarajevon kukkuloilla kuvatun videon h\u00e4n ty\u00f6nsi kirjoitushankkeen vuodeksi syrj\u00e4\u00e4n. Tutustuessaan Limonoviin 1980-luvulla Pariisissa Carr\u00e8re ei osannut kuvitella h\u00e4nt\u00e4 sotahulluksi nationalistiksi. Limonov nousi Pariisin kirjallisten piirien lemmikiksi New Yorkin -vuosistaan kertovan railakkaan romaaninsa <i>Le Po\u00e8te russe pr\u00e9f\u00e8re les grands n\u00e8gres<\/i>(\u201dVen\u00e4l\u00e4isrunoilija pit\u00e4\u00e4 isoista neekereist\u00e4\u201d) ansiosta.<o:p><\/o:p><\/span><\/span><\/div>\n<div style=\"line-height: 150%;\"><\/div>\n<div style=\"line-height: 150%;\"><span style=\"line-height: 150%;\"><span style=\"font-family: inherit;\">Kirjan v\u00e4kivalta ja raivo toivat Carr\u00e8relle mieleen Robert De Niron hahmon Martin Scorsesen elokuvassa <i>Taksikuski<\/i>. My\u00f6s kirjailija itse teki nuoreen ranskalais\u00e4lykk\u00f6\u00f6n l\u00e4htem\u00e4tt\u00f6m\u00e4n vaikutuksen. Limonov ei ollut stereotyyppinen Neuvostoliitosta paennut toisinajattelija: parrakas, totinen ja huonosti pukeutuva askeetti, vaan el\u00e4v\u00e4inen, riehakas ja hauska, pikemminkin rockt\u00e4hti kuin kirjailija.<o:p><\/o:p><\/span><\/span><\/div>\n<div style=\"line-height: 150%;\"><\/div>\n<div style=\"line-height: 150%;\"><span style=\"line-height: 150%;\"><span style=\"font-family: inherit;\">Limonovin tyyli vastasi h\u00e4nen ajatusmaailmaansa. H\u00e4n nimitt\u00e4in halveksi avoimesti l\u00e4nnen \u00e4lymyst\u00f6piireiss\u00e4 vaikuttaneita ven\u00e4l\u00e4isemigrantteja, etenkin Joseph Brodsky\u00e4, jonka tapasi el\u00e4ess\u00e4\u00e4n pummina New Yorkissa ja jota kohtaan tunsi sairaalloista kateutta ja halveksuntaa.<o:p><\/o:p><\/span><\/span><\/div>\n<div style=\"line-height: 150%;\"><\/div>\n<div style=\"line-height: 150%;\"><span style=\"line-height: 150%;\"><span style=\"font-family: inherit;\">\u201dUneksin v\u00e4kivaltaisesta kapinasta. Minusta ei koskaan tule Nabokovia, minusta ei ole kirmaamaan Sveitsin niityill\u00e4 perhosten per\u00e4ss\u00e4. Antakaa minulle miljoona niin ostan aseita ja j\u00e4rjest\u00e4n kapinan miss\u00e4 tahansa maassa\u201d, Limonov kirjoitti.<o:p><\/o:p><\/span><\/span><\/div>\n<div style=\"line-height: 150%;\"><\/div>\n<div style=\"line-height: 150%;\"><span style=\"line-height: 150%;\"><span style=\"font-family: inherit;\">H\u00e4n ei paennut Neuvostoliitosta poliittista vainoa vaan l\u00e4hti maailmalle pikemminkin toteuttaakseen seikkailijan luontoaan. New Yorkissa ja Pariisissa asuessaan Limonov hykerteli tyytyv\u00e4isen\u00e4 aina kun neuvostojohtajat onnistuivat edesottamuksillaan her\u00e4tt\u00e4m\u00e4\u00e4n pelkoa \u201dvelttomulkkuisissa\u201d l\u00e4ntisen maailman asukeissa.<o:p><\/o:p><\/span><\/span><\/div>\n<div style=\"line-height: 150%;\"><\/div>\n<div style=\"line-height: 150%;\"><span style=\"line-height: 150%;\"><span style=\"font-family: inherit;\">***<o:p><\/o:p><\/span><\/span><\/div>\n<div style=\"line-height: 150%;\"><\/div>\n<div style=\"line-height: 150%;\"><span style=\"line-height: 150%;\"><span style=\"font-family: inherit;\">Carr\u00e8ren kirja keskittyy pikemminkin Limonovin el\u00e4m\u00e4\u00e4n ja tekoihin kuin h\u00e4nen tuotantoonsa ja ajatteluunsa. Se on sin\u00e4ns\u00e4 s\u00e4\u00e4li.<o:p><\/o:p><\/span><\/span><\/div>\n<div style=\"line-height: 150%;\"><\/div>\n<div style=\"line-height: 150%;\"><span style=\"line-height: 150%;\"><span style=\"font-family: inherit;\">Limonov on noussut t\u00e4ll\u00e4 vuosituhannella yhdeksi Vladimir Putinin hallintoa vastustavan opposition keulakuvaksi. H\u00e4n on my\u00f6s k\u00e4rsinyt nahoissaan poliittisen toimintansa seurauksista. Vankeusaikaa kuvaavat jaksot ovat Carr\u00e8ren kirjan v\u00e4kevint\u00e4 antia.<o:p><\/o:p><\/span><\/span><\/div>\n<div style=\"line-height: 150%;\"><\/div>\n<div style=\"line-height: 150%;\"><span style=\"line-height: 150%;\"><span style=\"font-family: inherit;\">Suomessa Limonovin perustamasta kansallisbol\u0161evistisesta liikkeest\u00e4 harva tiet\u00e4\u00e4 muuta kuin sen tunnuksen: punaisen lipun, jonka keskell\u00e4 on valkoinen ympyr\u00e4 ja ympyr\u00e4n sis\u00e4ll\u00e4 musta sirppi ja vasara. T\u00e4llainen vastakkaisten poliittisten tunnusten sekoittaminen on omiaan her\u00e4tt\u00e4m\u00e4\u00e4n h<br \/>\n\u00e4mmennyst\u00e4.<o:p><\/o:p><\/span><\/span><\/div>\n<div style=\"line-height: 150%;\"><\/div>\n<div style=\"line-height: 150%;\"><span style=\"line-height: 150%;\"><span style=\"font-family: inherit;\">Miss\u00e4 m\u00e4\u00e4rin Limonov kytkeytyy kansallissosialismin ja miss\u00e4 m\u00e4\u00e4rin bol\u0161evismin traditioon? Poliittista analyysi\u00e4 ja aatehistoriallisia viitekehyksi\u00e4 Carr\u00e8re ei edes yrit\u00e4 hahmotella alkua pitemm\u00e4lle. Carr\u00e8re on pikemminkin tarinankertoja kuin pohdiskelija ja erittelij\u00e4. Tulkinnat, johtop\u00e4\u00e4t\u00f6kset ja syvent\u00e4v\u00e4t opinnot aiheesta \u201dLimonov ja kansallisbol\u0161evismi\u201d j\u00e4\u00e4v\u00e4t siten lukijan harrastuneisuuden varaan.<o:p><\/o:p><\/span><\/span><\/div>\n<div style=\"line-height: 150%;\"><span style=\"line-height: 150%;\"><span style=\"font-family: inherit;\"><br \/><\/span><\/span><\/div>\n<div style=\"line-height: 150%;\"><span style=\"line-height: 150%;\"><span style=\"font-family: inherit;\">Limonovin ja h\u00e4nen natsboliensa sijoittaminen poliittiselle kartalle tuottaa suuria hankaluuksia niille, jotka eiv\u00e4t ole perill\u00e4 Ven\u00e4j\u00e4n omaleimaisesta poliittisesta kulttuurista eiv\u00e4tk\u00e4 osaa ven\u00e4j\u00e4n kielt\u00e4. Ulkopuolinen (l\u00e4nsimainen) tarkkailija helposti mielt\u00e4\u00e4 natsbolit jonkinlaisiksi vastuuttomiksi r\u00e4hin\u00f6itsij\u00f6iksi. Kuitenkin esimerkiksi Anna Politkovskaja suhtautui Limonoviin ja h\u00e4nen kannattajiinsa varsin my\u00f6t\u00e4sukaisesti.&nbsp;<\/span><\/span><\/div>\n<div style=\"line-height: 150%;\"><span style=\"line-height: 150%;\"><span style=\"font-family: inherit;\"><br \/><\/span><\/span><\/div>\n<div style=\"line-height: 150%;\"><span style=\"line-height: 150%;\"><span style=\"font-family: inherit;\">Limonovin kaltaisesta kiehtovan ristiriitaisesta hahmosta lukisi mielell\u00e4\u00e4n lis\u00e4\u00e4. Toivoa sopii, ett\u00e4 h\u00e4nen teoksiaan saadaan jossain vaiheessa my\u00f6s suomeksi.<\/span><\/span><\/div>\n<div style=\"line-height: 150%;\"><\/div>\n<div style=\"line-height: 150%;\"><\/div>\n","protected":false},"excerpt":{"rendered":"<p>Youtubesta l\u00f6ytyy video, jossa ven\u00e4l\u00e4iskirjailija Eduard Limonov seisoo Bosnian serbijohtajanRadovan Karad\u017ei\u0107in vierell\u00e4&hellip;<\/p>\n","protected":false},"author":66,"featured_media":739,"comment_status":"open","ping_status":"open","sticky":false,"template":"","format":"standard","meta":{"footnotes":""},"categories":[1],"tags":[],"acf":[],"platta":{"numLikes":0,"numComments":5,"category":null,"themes":[],"commercial_partner":null,"thumbnail":"https:\/\/blogit-cdn.a-lehdet.fi\/uploads\/sites\/38\/2015\/03\/limonov.jpg","blog_id":38},"jetpack_featured_media_url":"https:\/\/blogit-cdn.a-lehdet.fi\/uploads\/sites\/38\/2015\/03\/limonov.jpg","_links":{"self":[{"href":"https:\/\/blogit.apu.fi\/antiaikalainen\/api\/wp\/v2\/posts\/100"}],"collection":[{"href":"https:\/\/blogit.apu.fi\/antiaikalainen\/api\/wp\/v2\/posts"}],"about":[{"href":"https:\/\/blogit.apu.fi\/antiaikalainen\/api\/wp\/v2\/types\/post"}],"author":[{"embeddable":true,"href":"https:\/\/blogit.apu.fi\/antiaikalainen\/api\/wp\/v2\/users\/66"}],"replies":[{"embeddable":true,"href":"https:\/\/blogit.apu.fi\/antiaikalainen\/api\/wp\/v2\/comments?post=100"}],"version-history":[{"count":1,"href":"https:\/\/blogit.apu.fi\/antiaikalainen\/api\/wp\/v2\/posts\/100\/revisions"}],"predecessor-version":[{"id":1986,"href":"https:\/\/blogit.apu.fi\/antiaikalainen\/api\/wp\/v2\/posts\/100\/revisions\/1986"}],"wp:featuredmedia":[{"embeddable":true,"href":"https:\/\/blogit.apu.fi\/antiaikalainen\/api\/wp\/v2\/media\/739"}],"wp:attachment":[{"href":"https:\/\/blogit.apu.fi\/antiaikalainen\/api\/wp\/v2\/media?parent=100"}],"wp:term":[{"taxonomy":"category","embeddable":true,"href":"https:\/\/blogit.apu.fi\/antiaikalainen\/api\/wp\/v2\/categories?post=100"},{"taxonomy":"post_tag","embeddable":true,"href":"https:\/\/blogit.apu.fi\/antiaikalainen\/api\/wp\/v2\/tags?post=100"}],"curies":[{"name":"wp","href":"https:\/\/api.w.org\/{rel}","templated":true}]}}