{"id":105,"date":"2013-04-26T06:46:00","date_gmt":"2013-04-26T04:46:00","guid":{"rendered":"http:\/\/blogit.image.fi\/antiaikalainen\/tallainen-on-hyva-kirjailijahaastattelu\/"},"modified":"2018-02-28T09:26:26","modified_gmt":"2018-02-28T07:26:26","slug":"tallainen-on-hyva-kirjailijahaastattelu","status":"publish","type":"post","link":"https:\/\/blogit.apu.fi\/antiaikalainen\/tallainen-on-hyva-kirjailijahaastattelu\/","title":{"rendered":"T\u00e4llainen on hyv\u00e4 kirjailijahaastattelu"},"content":{"rendered":"<div style=\"clear: both; text-align: center;\"><a rel=\"nofollow\" href=\"https:\/\/blogit-cdn.a-lehdet.fi\/uploads\/sites\/38\/2015\/03\/nyt.jpg\" style=\"clear: left; float: left; margin-bottom: 1em; margin-right: 1em;\"><img decoding=\"async\" border=\"0\" src=\"https:\/\/blogit-cdn.a-lehdet.fi\/uploads\/sites\/38\/2015\/03\/nyt.jpg\" \/><\/a><\/div>\n<p><span style=\"font-family: inherit;\"><br \/><\/span><span style=\"font-family: inherit;\">Oletteko lukeneet New York Timesin verkkolehden kirjasivuja? Jos ette, kannattaa k\u00e4yd\u00e4 lukemassa. Enimm\u00e4kseen fiksujen kirjallisuuskritiikkien lis\u00e4ksi New York Times -julkaisee By the book -nimist\u00e4 kirjailijahaastattelusarjaa, jossa kirjailijat eiv\u00e4t puhu itsest\u00e4\u00e4n ja kirjoittamisestaan, kuten yleens\u00e4, vaan lukemistaan kirjoista. L\u00e4hes poikkeuksetta t\u00e4h\u00e4n sarjaan kuuluvia juttuja on ollut hauska lukea ja parhaimmillaan olen saanut niist\u00e4 hyvi\u00e4 lukuvinkkej\u00e4.<\/span><br \/><span style=\"font-family: inherit;\"><br \/>En oikein jaksa perinteisi\u00e4 kirjailijahaastatteluja, joissa kirjailija kertoo uuden romaaninsa syntyprosessista (vaikeuksien kautta voittoon) ja sen j\u00e4lkeen laukoo omia mielipiteit\u00e4\u00e4n romaaninsa teemasta (tekeytyen aiheensa, olipa se laihduttaminen, ty\u00f6ss\u00e4jaksaminen tai vieraiden kulttuurien kohtaaminen, erityisasiantuntijaksi), kunnes lopulta valittaa, kuinka raskasta on tulla romaanin julkaisun my\u00f6t\u00e4 parrasvaloihin (ik\u00e4\u00e4n kuin ilke\u00e4t toimittajat pakottaisivat h\u00e4net antamaan haastatteluja).<\/span><br \/><span style=\"font-family: inherit;\"><br \/>Parhaita kirjailijahaastatteluja ovat sellaiset, joissa kirjailijat puhuvat toisista kirjailijoista ja heid\u00e4n teoksistaan. Toki he siin\u00e4 samalla kertovat my\u00f6s itsest\u00e4\u00e4n, mutta ep\u00e4suorasti, mik\u00e4 on kiinnostavampaa lukijan kannalta.<\/span><br \/><span style=\"font-family: inherit;\"><br \/><a rel=\"nofollow\" href=\"http:\/\/www.nytimes.com\/2013\/04\/28\/books\/review\/jonathan-franzen-by-the-book.html?ref=books&amp;_r=0\" target=\"_blank\">Uusimmassa By the book -haastattelussa<\/a> Jonathan Franzen paitsi nostaa esiin muutaman hienon kirjailijan (Milan Kundera, Karl Kraus, Don DeLillo, Mario Vargas Llosa) my\u00f6s kertoo anekdootin, johon min\u00e4 ja varmasti moni muukin himolukija pystyy samastumaan. Franzen oli varannut pitk\u00e4lle lennolle kriitikoiden ylist\u00e4m\u00e4n uutuuskirjan ja uskoi nauttivansa sen parissa niin ett\u00e4 lentomatkan rasitukset unohtuisivat. Mutta toisin k\u00e4vi:<\/span><\/p>\n<blockquote><p><span style=\"background-color: white; font-family: inherit; line-height: 22px;\"><i>It was so boring and dead that after 50 pages I just closed it and stared at the seat-back tray and suffered, resenting the author and psychoanalyzing the critics.<\/i><\/span><\/p><\/blockquote>\n<p><span style=\"background-color: white; font-family: inherit; line-height: 22px;\">Onneksi Franzenilla on p\u00e4invastainenkin kokemus. Kerran Edith Whartonin kirja onnistui pelastamaan h\u00e4nen lentomatkansa:<\/span><\/p>\n<blockquote><p><span style=\"background-color: white; font-family: inherit; line-height: 22px;\"><i>Conversely, on an even worse pair of flights, from Zagreb to New York by way of two London airports, I\u2019d carefully saved \u201cThe Custom of the Country,\u201d and it kept me engrossed the entire way. I finished it in the taxi line at J.F.K., feeling bottomlessly grateful to Edith Wharton.<\/i><\/span><\/p><\/blockquote>\n<p><span style=\"font-family: inherit;\">Er\u00e4s t\u00e4rke\u00e4 elementti By the book -sarjan haastatteluja lukiessa on pohtia, mit\u00e4 itse vastaisin esitettyihin kysymyksiin.<\/span><br \/><span style=\"font-family: inherit;\"><br \/><\/span><span style=\"font-family: inherit;\">Muutamaan Franzenille esitettyyn kysymykseen olisi helppo vastata. &#8220;Luetko self help -kirjoja?&#8221; En. Minun on yht\u00e4 vaikea lukea niit\u00e4 kuin ateistin hartauskirjallisuutta. Paitsi ehk\u00e4 camp-hengess\u00e4. &#8220;Luitko lapsena paljon? Mit\u00e4 lapsuuden lukumuistoja sinulla on?&#8221; En lukenut lapsena muuta kuin sarjakuvia. Lapsuuteni ei ollut lukevan lapsen lapsuus. Vasta lukiossa minusta tuli lukutoukka, kun sattumien kautta kiinnostuin 1950-luvun suomalaisesta modernistisesta runoudesta. &#8220;Mit\u00e4 kirjoja on kahvip\u00f6yd\u00e4ll\u00e4si?&#8221; Ei mit\u00e4\u00e4n. Minulla ei ole kahvip\u00f6yt\u00e4\u00e4, pelkk\u00e4 ruokap\u00f6yt\u00e4 vain, eik\u00e4 sen p\u00e4\u00e4ll\u00e4 loju kirjoja. &#8220;Mit\u00e4 aiot lukea seuraavaksi?&#8221; Eilen tuli postista Mikael Niemen <i>Veden viem\u00e4\u00e4<\/i> ja Benoit Peetersin Derrida-el\u00e4m\u00e4kerta. Luen seuraavaksi jommankumman niist\u00e4. Ehk\u00e4 <i>Veden viem\u00e4\u00e4<\/i>.<\/span><br \/><span style=\"font-family: inherit;\"><br \/><\/span><span style=\"font-family: inherit;\">Er\u00e4isiin kysymyksiin taas on vaikea vastata. &#8220;Paras viime vuonna lukemasi kirja?&#8221; Suomalaisista ehdottomasti Jaakko Yli-Juonikkaan&nbsp;<i>Neuromaani<\/i>, mutta mik\u00e4 mahtaa olla muista. T\u00e4m\u00e4 vaatisi perusteellista pohdintaa, ja samalla pit\u00e4isi tarkistaa, mit\u00e4 kaikkea olen oikeasti lukenut viime vuonna ja mit\u00e4 vain kuvittelen lukeneeni, vaikka olen oikeasti lukenut 2011 tai 2010 (en pid\u00e4 listaa lukemistani kirjoista). &#8220;Kuvaile ihanteellinen lukukokemuksesi (miss\u00e4, milloin, mit\u00e4, kuinka)&#8221;? Onkohan Franzen vastannut kysymyksiin lennosta vai onko h\u00e4n saanut kysymykset etuk\u00e4teen ja rustannut vastauksensa s\u00e4hk\u00f6postilla? En osaa kuvailla ihanteellisia lukuolosuhteita. Olisi tietysti mukavaa, jos pystyisin lukemaan lentokoneessa romaaneja, kuten Franzen, mutta en pysty, ainoastaan iltap\u00e4iv\u00e4lehti\u00e4 (en pode varsinaista lentopelkoa, mutta jonkinasteista lentoj\u00e4nnityst\u00e4 kumminkin). &#8220;Paras lahjaksi saamasi kirja?&#8221; Saan kirjoja yleens\u00e4 joululahjaksi. En kuitenkaan jaksa oitis muistaa, mitk\u00e4 kirjat ovat tulleet minulle pukinkontista ja mitk\u00e4 muuta kautta. T\u00e4t\u00e4kin pit\u00e4isi mietti\u00e4 ja muistella kauan.<\/span><br \/><span style=\"font-family: inherit;\"><br \/><\/span><span style=\"font-family: inherit;\">T\u00e4m\u00e4 on puolivaikea kysymys: &#8220;Mist\u00e4 kirjasta kuvittelit varmasti pit\u00e4v\u00e4si, mutta et kuitenkaan pit\u00e4nyt?&#8221; Tuoreena esimerkkin\u00e4 tulee mieleen Renata Adlerin <i>Speedboat<\/i>. Sit\u00e4 on hehkutettu modernina klassikkona, esimerkiksi David Shields nostaa sen itselleen merkitt\u00e4vimm\u00e4ksi kirjaksi teoksessaan <i>How Literature Saved My Life<\/i>. My\u00f6s David Foster Wallace oli kova Adler-fani. Nyt <i>Speedboatista<\/i> on julkaistu uusi painos, jonka tilasin Amazonista hiljattain. Luin sen viime viikonloppuna enk\u00e4 ollut siit\u00e4 l\u00e4hesk\u00e4\u00e4n niin innoissani kuin kuvittelin olevani. Mutta onko se laskettava pettymykseksi? Enk\u00f6 muka pit\u00e4nyt siit\u00e4 lainkaan? Huomaan, ett\u00e4 <i>Speedboat<\/i> j\u00e4i kuin j\u00e4ikin askarruttamaan mielt\u00e4ni, yleens\u00e4h\u00e4n yhdentekev\u00e4t kirjat unohtaa samantien, elleiv\u00e4t ne ole niin surkeita, ett\u00e4 ne muistaa surkeutensa vuoksi. Voin hyvinkin kuvitella palaavani <i>Speedboatin <\/i>pariin my\u00f6hemmin. Joten ehk\u00e4 se ei ollutkaan pettymys, vaikka tuntui silt\u00e4.<\/span><br \/><span style=\"font-family: inherit;\"><br \/><\/span><span style=\"font-family: inherit;\">Ai niin, t\u00e4m\u00e4kin viel\u00e4: &#8220;Mink\u00e4 kirjan presidentin pit\u00e4isi lukea?&#8221; Minulla on eri presidentti kuin Franzenilla, mutta molemmat lienev\u00e4t jonkinlaisia lukumiehi\u00e4, ovatpa kirjoittaneetkin kirjoja. Niinist\u00f6lle voisin luettaa E.M. Cioranin<i> Hajoamisen k\u00e4sikirjan<\/i>. Nimens\u00e4 puolesta se jotenkin sopii ajankohtaan. Sama kirja lukuun my\u00f6s Jyrki Kataiselle ja Alexander Stubbille.<\/span><br \/><span style=\"font-family: inherit;\"><br \/><\/span><span style=\"font-family: inherit;\">P.S.<\/span><br \/><span style=\"font-family: inherit;\"><br \/><\/span><span style=\"font-family: inherit;\">K\u00e4yk\u00e4\u00e4p\u00e4 lukemassa my\u00f6s Ville Luoma-ahon <a rel=\"nofollow\" href=\"http:\/\/schnabelmann.wordpress.com\/2013\/04\/26\/lukemisesta-kirjailijahaastatteluista-osa-1-eli-vuonna-2012-lukemani-kirjat-seka-subjektiivinen-miniessee-neuromaanista\/\" target=\"_blank\">blogi<\/a>. H\u00e4n innostui kirjoittamaan merkint\u00e4ni pohjalta paljon pitemm\u00e4n, perusteellisemman ja antoisamman katsauksen lukemiinsa kirjoihin kuin min\u00e4 aamutoimieni lomassa.<\/span><br \/><span style=\"font-family: inherit;\"><br \/><\/span><span style=\"font-family: inherit;\"><br \/><\/span><\/p>\n","protected":false},"excerpt":{"rendered":"<p>Oletteko lukeneet New York Timesin verkkolehden kirjasivuja? Jos ette, kannattaa k\u00e4yd\u00e4 lukemassa.&hellip;<\/p>\n","protected":false},"author":66,"featured_media":744,"comment_status":"open","ping_status":"open","sticky":false,"template":"","format":"standard","meta":{"footnotes":""},"categories":[1],"tags":[],"acf":[],"platta":{"numLikes":1,"numComments":0,"category":null,"themes":[],"commercial_partner":null,"thumbnail":"https:\/\/blogit-cdn.a-lehdet.fi\/uploads\/sites\/38\/2015\/03\/nyt.jpg","blog_id":38},"jetpack_featured_media_url":"https:\/\/blogit-cdn.a-lehdet.fi\/uploads\/sites\/38\/2015\/03\/nyt.jpg","_links":{"self":[{"href":"https:\/\/blogit.apu.fi\/antiaikalainen\/api\/wp\/v2\/posts\/105"}],"collection":[{"href":"https:\/\/blogit.apu.fi\/antiaikalainen\/api\/wp\/v2\/posts"}],"about":[{"href":"https:\/\/blogit.apu.fi\/antiaikalainen\/api\/wp\/v2\/types\/post"}],"author":[{"embeddable":true,"href":"https:\/\/blogit.apu.fi\/antiaikalainen\/api\/wp\/v2\/users\/66"}],"replies":[{"embeddable":true,"href":"https:\/\/blogit.apu.fi\/antiaikalainen\/api\/wp\/v2\/comments?post=105"}],"version-history":[{"count":1,"href":"https:\/\/blogit.apu.fi\/antiaikalainen\/api\/wp\/v2\/posts\/105\/revisions"}],"predecessor-version":[{"id":1991,"href":"https:\/\/blogit.apu.fi\/antiaikalainen\/api\/wp\/v2\/posts\/105\/revisions\/1991"}],"wp:featuredmedia":[{"embeddable":true,"href":"https:\/\/blogit.apu.fi\/antiaikalainen\/api\/wp\/v2\/media\/744"}],"wp:attachment":[{"href":"https:\/\/blogit.apu.fi\/antiaikalainen\/api\/wp\/v2\/media?parent=105"}],"wp:term":[{"taxonomy":"category","embeddable":true,"href":"https:\/\/blogit.apu.fi\/antiaikalainen\/api\/wp\/v2\/categories?post=105"},{"taxonomy":"post_tag","embeddable":true,"href":"https:\/\/blogit.apu.fi\/antiaikalainen\/api\/wp\/v2\/tags?post=105"}],"curies":[{"name":"wp","href":"https:\/\/api.w.org\/{rel}","templated":true}]}}