{"id":2696,"date":"2022-04-09T12:56:40","date_gmt":"2022-04-09T09:56:40","guid":{"rendered":"https:\/\/blogit.apu.fi\/antiaikalainen\/?p=2696"},"modified":"2022-04-09T13:03:56","modified_gmt":"2022-04-09T10:03:56","slug":"miksi-en-ole-pasifisti","status":"publish","type":"post","link":"https:\/\/blogit.apu.fi\/antiaikalainen\/miksi-en-ole-pasifisti\/","title":{"rendered":"Miksi en ole pasifisti"},"content":{"rendered":"<p><img decoding=\"async\" loading=\"lazy\" class=\"alignnone size-full wp-image-2697\" src=\"https:\/\/blogit-cdn.a-lehdet.fi\/uploads\/sites\/38\/2022\/04\/nato.png\" alt=\"\" width=\"259\" height=\"194\"><\/p>\n<p>Veikko Eranti kiinnitt\u00e4\u00e4 avoimessa Facebook-p\u00e4ivityksess\u00e4\u00e4n huomiota siihen, ett\u00e4 monet ovat luopuneet pasifismistaan Ukrainan sodan t\u00e4hden.<\/p>\n<p>Min\u00e4 en ole niin tehnyt, koska en ole ikin\u00e4 ollut pasifisti. Luonnehdin omaa arvomaailmaani rauhantahtoiseksi, sill\u00e4 vihaan sotaa ja v\u00e4kivaltaa.<\/p>\n<p>Olisin kuitenkin valmis tarttumaan aseisiin, jos vieras valta uhkaisi Suomea, eiv\u00e4tk\u00e4 rauhanneuvottelut auttaisi. Pid\u00e4n hyv\u00e4n\u00e4, ett\u00e4 suuri osa suomalaisista toimisi samoin.<\/p>\n<p>Teen eron oikeutetun ja oikeuttamattoman v\u00e4kivallan v\u00e4lille. Edellisen pystyn tietyiss\u00e4 tilanteissa hyv\u00e4ksym\u00e4\u00e4n, j\u00e4lkimm\u00e4ist\u00e4 en koskaan.<\/p>\n<p>V\u00e4kivallattomat keinot konfliktien ratkaisemiseen ovat ehdoton l\u00e4ht\u00f6kohta, mutta Ukrainan sota osoittaa, ett\u00e4 ne eiv\u00e4t valitettavasti aina auta tai tehoa. Emme el\u00e4 ihannemaailmassa eiv\u00e4tk\u00e4 ihmiset ole enkeleit\u00e4.<\/p>\n<p>Erannin kirjoitus erittelee p\u00e4tev\u00e4sti sit\u00e4, miten Ukrainan sota on muuttanut turvallisuustilannetta.<\/p>\n<p>H\u00e4nkin on valmis nykyisess\u00e4 ymp\u00e4rist\u00f6ss\u00e4 asettumaan Suomen Nato-j\u00e4senyyden taakse, vaikka ei haluakaan sit\u00e4 aktiivisesti kannattaa, vaan mieluummin ulkoistaa p\u00e4\u00e4t\u00f6ksen poliittiselle johdolle: <em>\u201dMik\u00e4li parhaan tiedon p\u00e4\u00e4ll\u00e4 istuva maamme johto tulkitsee sen (turvallisuustilanteen muutoksen) tarkoittavan, ett\u00e4 meid\u00e4n asemamme turvaamiseksi on nyt liitytt\u00e4v\u00e4 Natoon, en min\u00e4 osaa sit\u00e4 vastustaa \u2013 en vaikka vuosia niin ajattelin tekev\u00e4n.\u201d<\/em><\/p>\n<p>Tuskin luen Ernannin sanoja kohtuuttoman pahantahtoisesti, jos aistin niiss\u00e4 poliitikkomaista venkoilua: en kannata, mutta en vastustakaan\u2026<\/p>\n<p>Olen erottavinani sanoista my\u00f6s paasikivil\u00e4isen kaiun: J. K. Paasikivih\u00e4n oli sit\u00e4 mielt\u00e4, ett\u00e4 ulkopolitiikka on aivan liian t\u00e4rke\u00e4 asia kadun miehen p\u00e4\u00e4tett\u00e4v\u00e4ksi. Ulkopolitiikassa vain valtiojohto toimii, eik\u00e4 kansalaiskeskustelu saa sotkea elint\u00e4rkeit\u00e4 turvallisuusratkaisuja.<\/p>\n<p>Erannin kirjoituksen analyyttinen osuus p\u00e4\u00e4ttyy kolmeen t\u00e4hteen (***). Niit\u00e4 seuraa julistuksellinen j\u00e4lkikirjoitus, jossa h\u00e4n sankarillisesti (h\u00e4nt\u00e4 kenties harmittaisi sananvalintani) ilmoittaa, ettei ole luopunut pasifismistaan \u201dn\u00e4iden tapahtumien\u201d seurauksena.<\/p>\n<p>J\u00e4lkikirjoitus edustaa aika velttoa ajattelua, ellei per\u00e4ti iskulausetasoa.<\/p>\n<p>Eranti ilmoittaa, ettei \u201dosaa pit\u00e4\u00e4\u201d Ukrainan sodan suurimpina sankareina (no niin, h\u00e4n k\u00e4ytt\u00e4\u00e4 itsekin sankari-sanaa) \u201dpresidentti\u00e4 erinomaisesti n\u00e4yttelev\u00e4\u00e4\u201d Zelenskyi\u00e4 sen paremmin kuin ukrainalaisia \u201dlennokinlenn\u00e4tt\u00e4ji\u00e4 ja panssariampujia\u201d. Erannin mielest\u00e4 he vain tekev\u00e4t sen, mit\u00e4 t\u00e4ytyy.<\/p>\n<p>Olen samaa mielt\u00e4. He tosiaan tekev\u00e4t sen, mit\u00e4 t\u00e4ytyy. Oma ei-pasifismini kiteytyy juuri tuon kaltaiseen asetelmaan: joskus on teht\u00e4v\u00e4 se, mit\u00e4 t\u00e4ytyy, vaikka se olisi vastenmielist\u00e4 ja ristiriidassa oman rauhantahtoisuuden kanssa.<\/p>\n<p>Mauno Koivisto sanoi, ett\u00e4 armeijassa t\u00e4ytyy olla my\u00f6s niit\u00e4, jotka eiv\u00e4t haluaisi aseisiin tarttua. Olisi pelottavaa, jos sotimisen hoitaisivat vain sotimisesta pit\u00e4v\u00e4t.<\/p>\n<p>En tied\u00e4, mist\u00e4 Eranti on saanut p\u00e4\u00e4h\u00e4ns\u00e4, ett\u00e4 ei-pasifistit automaattisesti rakentavat sankarikuvia ukrainalaisista sotilaista. T\u00e4ss\u00e4 kohdassa h\u00e4n olkiukkoilee h\u00e4pe\u00e4m\u00e4tt\u00f6m\u00e4sti.<\/p>\n<p>Kun min\u00e4 katson ukrainalaisia sotilaita, en n\u00e4e sankaruutta, vaan tragedian. Tunnen surua siit\u00e4, ett\u00e4 he eiv\u00e4t saa el\u00e4\u00e4 samanlaista rauhan ajan el\u00e4m\u00e4\u00e4 kuin me suomalaiset.<\/p>\n<p>Eranti ilmoittaa my\u00f6s omat sankarinsa: heit\u00e4 ovat mets\u00e4\u00e4n karanneet ven\u00e4l\u00e4iset rintamakarkurit ja Ukrainaan l\u00e4hd\u00f6st\u00e4 kielt\u00e4ytyneet ven\u00e4l\u00e4iset kansalliskaartin sotilaat.<\/p>\n<p>Min\u00e4kin olen kiitollinen heille. Mutta Eranti p\u00e4\u00e4st\u00e4\u00e4 itsens\u00e4 t\u00e4ss\u00e4 kohdassa liian helpolla. Ei vaadi erityist\u00e4 suurisyd\u00e4misyytt\u00e4 ihannoida hy\u00f6kk\u00e4\u00e4v\u00e4n armeijan sodastakielt\u00e4ytyji\u00e4.<\/p>\n<p>N\u00e4kisik\u00f6 Eranti yht\u00e4 sankarillisina ukrainalaiset sotilaat, jotka kielt\u00e4ytyv\u00e4t taistelemasta tuhoamissotaa k\u00e4yv\u00e4\u00e4 hy\u00f6kk\u00e4\u00e4j\u00e4\u00e4 vastaan, joka pommittaa sairaaloita ja murhaa ja raiskaa siviileit\u00e4? Olisiko todellakin ollut pasifismille kunniaksi laskea ven\u00e4l\u00e4ispanssarit suosiolla Kiovaan?<\/p>\n<p>On \u00e4lyllisesti ep\u00e4rehellist\u00e4 p\u00f6nkitt\u00e4\u00e4 pasifismiaan tunteisiin menevill\u00e4 lauseilla ven\u00e4l\u00e4isist\u00e4 rauhansankareista, jos ei samalla ole valmis miettim\u00e4\u00e4n my\u00f6s sit\u00e4, mihin vastaavanlainen rauhansankaruus johtaisi ukrainalaisten tekem\u00e4n\u00e4.<\/p>\n<p>Eranti ei laita pasifismiaan lujille eik\u00e4 edes koetukselle. H\u00e4n asettaa riman niin alas, ett\u00e4 sen yli p\u00e4\u00e4see k\u00e4vellen.<\/p>\n<p>\u201dVoimapolitiikan paluun realiteettien ymm\u00e4rt\u00e4misen ei tarvitse tarkoittaa sodan ihailua eik\u00e4 sen osapuolille moraalisesti suopeaa silm\u00e4\u00e4.\u201d<\/p>\n<p>Eranti ei kerro, kuka on v\u00e4itt\u00e4nyt, ett\u00e4 pasifismista irtisanoutumisen pit\u00e4isi tuollaisiin asioihin automaattiesti johtaa. Min\u00e4 en ole ikin\u00e4 ihaillut sotaa. Olen pel\u00e4nnyt ja vihannut sit\u00e4 aina, ja nyky\u00e4\u00e4n pelk\u00e4\u00e4n ja vihaan sit\u00e4 entist\u00e4 enemm\u00e4n.<\/p>\n<p>Ent\u00e4 tuo \u201dmoraalisesti suopea silm\u00e4\u201d? Kai min\u00e4 sitten Erannin mielest\u00e4 katson ukrainalaisia sellaisella, kun en tuomitse tai paheksu sit\u00e4, ett\u00e4 he laittavat hanttiin ven\u00e4l\u00e4isille. Olen siit\u00e4 heille jopa kiitollinen, koska olisimme paljon pahemmassa tilanteessa, jos Putin olisi saavuttanut Ukrainassa tavoittelemansa helpon, nopean voiton.<\/p>\n<p>Surettaa kyll\u00e4 se kova hinta, jonka ukrainalaiset joutuvat maksamaan sotiessaan monessa mieless\u00e4 my\u00f6s meid\u00e4n muiden puolesta.<\/p>\n<p>Kirjoituksensa Eranti p\u00e4\u00e4tt\u00e4\u00e4 komeaan unelmaan siit\u00e4, ett\u00e4 \u201dehk\u00e4 joskus maailmassa on tarpeeksi kapteeni Chitaveja.\u201d<\/p>\n<p>Kyll\u00e4 min\u00e4kin osaan tuollaisesta unelmoida, vaikka en pasifistiksi julistaudukaan.<\/p>\n","protected":false},"excerpt":{"rendered":"<p>Veikko Eranti kiinnitt\u00e4\u00e4 avoimessa Facebook-p\u00e4ivityksess\u00e4\u00e4n huomiota siihen, ett\u00e4 monet ovat luopuneet pasifismistaan&hellip;<\/p>\n","protected":false},"author":66,"featured_media":0,"comment_status":"closed","ping_status":"closed","sticky":false,"template":"","format":"standard","meta":{"footnotes":""},"categories":[1],"tags":[],"acf":[],"platta":{"numLikes":11,"numComments":0,"category":"puheenaiheet","themes":["ukrainan-sota"],"commercial_partner":null,"thumbnail":"https:\/\/blogit-cdn.a-lehdet.fi\/uploads\/sites\/38\/2022\/04\/nato.png","blog_id":38},"jetpack_featured_media_url":"","_links":{"self":[{"href":"https:\/\/blogit.apu.fi\/antiaikalainen\/api\/wp\/v2\/posts\/2696"}],"collection":[{"href":"https:\/\/blogit.apu.fi\/antiaikalainen\/api\/wp\/v2\/posts"}],"about":[{"href":"https:\/\/blogit.apu.fi\/antiaikalainen\/api\/wp\/v2\/types\/post"}],"author":[{"embeddable":true,"href":"https:\/\/blogit.apu.fi\/antiaikalainen\/api\/wp\/v2\/users\/66"}],"replies":[{"embeddable":true,"href":"https:\/\/blogit.apu.fi\/antiaikalainen\/api\/wp\/v2\/comments?post=2696"}],"version-history":[{"count":4,"href":"https:\/\/blogit.apu.fi\/antiaikalainen\/api\/wp\/v2\/posts\/2696\/revisions"}],"predecessor-version":[{"id":2701,"href":"https:\/\/blogit.apu.fi\/antiaikalainen\/api\/wp\/v2\/posts\/2696\/revisions\/2701"}],"wp:attachment":[{"href":"https:\/\/blogit.apu.fi\/antiaikalainen\/api\/wp\/v2\/media?parent=2696"}],"wp:term":[{"taxonomy":"category","embeddable":true,"href":"https:\/\/blogit.apu.fi\/antiaikalainen\/api\/wp\/v2\/categories?post=2696"},{"taxonomy":"post_tag","embeddable":true,"href":"https:\/\/blogit.apu.fi\/antiaikalainen\/api\/wp\/v2\/tags?post=2696"}],"curies":[{"name":"wp","href":"https:\/\/api.w.org\/{rel}","templated":true}]}}