{"id":303,"date":"2009-10-10T10:34:00","date_gmt":"2009-10-10T08:34:00","guid":{"rendered":"http:\/\/blogit.image.fi\/antiaikalainen\/alykas-romaani-21-vuosisadan-turmiollisuudesta\/"},"modified":"2018-02-28T09:30:43","modified_gmt":"2018-02-28T07:30:43","slug":"alykas-romaani-21-vuosisadan-turmiollisuudesta","status":"publish","type":"post","link":"https:\/\/blogit.apu.fi\/antiaikalainen\/alykas-romaani-21-vuosisadan-turmiollisuudesta\/","title":{"rendered":"\u00c4lyk\u00e4s romaani 21. vuosisadan turmiollisuudesta"},"content":{"rendered":"<p><a rel=\"nofollow\" href=\"https:\/\/blogit-cdn.a-lehdet.fi\/uploads\/sites\/38\/2015\/03\/min-C3-A4-dosentti-ja-jane.jpg\"><img decoding=\"async\" style=\"MARGIN: 0px 10px 10px 0px; WIDTH: 73px; FLOAT: left; HEIGHT: 114px; CURSOR: hand\" id=\"BLOGGER_PHOTO_ID_5390904129394892482\" border=\"0\" alt=\"\" src=\"https:\/\/blogit-cdn.a-lehdet.fi\/uploads\/sites\/38\/2015\/03\/min-C3-A4-dosentti-ja-jane.jpg\" \/><\/a><\/p>\n<div><\/div>\n<p><\/p>\n<div>Fredrik L\u00e5ngin uusi romaani <em>Min\u00e4, Dosentti ja Jane<\/em> on \u00e4lyk\u00e4s ja haastava, mutta ristiriitaisia tuntemuksia her\u00e4tt\u00e4v\u00e4 kirja. Sit\u00e4 s\u00e4vytt\u00e4\u00e4 samanlainen vihalla ja herkkyydell\u00e4 ladattu kulttuuripessimismi kuin Thomas Bernhardin teoksia. Eik\u00e4 varmasti ole sattuma, ett\u00e4 p\u00e4\u00e4henkil\u00f6 Dick Soderstrom on It\u00e4vallan kirjallisuuteen ja nimenomaan Bernhardiin perehtynyt kulttuuritoimittaja.<\/div>\n<p><\/p>\n<div><\/div>\n<div>Henkist\u00e4 rappiota ja arvojen kuolemaa ymp\u00e4rill\u00e4\u00e4n n\u00e4kev\u00e4 Soderstrom on antimoderni (ja v\u00e4lill\u00e4 my\u00f6s antihumanistinen) hahmo, joka saa henkisi\u00e4 ja fyysisi\u00e4 oireita s\u00e4hk\u00f6magneettisesta s\u00e4teilyst\u00e4. H\u00e4n kulkee kauniina kev\u00e4tp\u00e4ivin\u00e4 alumiinifoliolla vuorattu karvalakki p\u00e4\u00e4ss\u00e4\u00e4n est\u00e4\u00e4kseen s\u00e4hk\u00f6isten aaltojen p\u00e4\u00e4syn p\u00e4\u00e4koppaansa. Tosiasiassa Soderstromin yliherkkyys on yliherkkyytt\u00e4 21. vuosisataa kohtaan. S\u00e4teily, aallot, v\u00e4r\u00e4htelyt toistuvat L\u00e5ngin kirjassa kuin Don DeLillon <em>Valkoisessa kohinassa<\/em>, jossa &#8220;ilmassa liikkuva myrkkytapahtuma&#8221; on er\u00e4\u00e4nlainen joukkotiedotuksen pime\u00e4n puolen metafora.<\/div>\n<p><\/p>\n<div><\/div>\n<div>L\u00e5ngin kirjan p\u00e4\u00e4henkil\u00f6 kokee l\u00e4pitaloudellistuneen ja l\u00e4pierotisoituneen j\u00e4lkiteollisen ajan kulttuurin pelottavan elinvoimaisena. Se uhkaa pyyhki\u00e4 tielt\u00e4\u00e4n kaiken jalon ja arvokkaan, koko sen vanhan maailman, jota Dick Soderstrom kokee edustavansa. H\u00e4net ajetaan sivuraiteelle kulttuuritoimittajan ty\u00f6st\u00e4\u00e4n, koska h\u00e4nell\u00e4 ei ole sen paremmin haluja kuin edellytyksi\u00e4 p\u00e4rj\u00e4t\u00e4 nopeuteen ja nokkeluuteen perustuvassa, mutta l\u00e4peens\u00e4 tyhj\u00e4ss\u00e4 <em>sis\u00e4ll\u00f6ntuotantoteollisuudessa<\/em>.<\/div>\n<div><\/div>\n<div>Loppua kohti <em>Min\u00e4, Dosentti ja Jane<\/em> muuttuu yh\u00e4 mustemmaksi ja luikahtaa samalla metafiktion suuntaan. Soderstrom alkaa vuodattaa ruotsalaiskirjailija Artur Lundkvistia my\u00f6t\u00e4illen rikoskirjallisuuden turmiollisuutta: dekkareiden massiivinen suosio on kulttuuriel\u00e4m\u00e4n sairauden merkki.<\/div>\n<p><\/p>\n<div><\/div>\n<div><em>&#8220;Rikoskirjallisuus, se mit\u00e4 Te kutsutte &#8216;dekkareiksi&#8217;, korvaa kirjallisessa muodossa ajatuksen teolla, kompleksisuuden yksinkertaistuksella ja harkitun analyysin nopeilla p\u00e4\u00e4telmill\u00e4 ja nopeiden leikkausten filosofialla.&#8221;<\/em><\/div>\n<p><\/p>\n<div><\/div>\n<div>Soderstrom joutuu ep\u00e4illyksi vaimonsa murhasta ja h\u00e4nen el\u00e4m\u00e4ns\u00e4 muuttuu rikosromaanin kaltaiseksi. L\u00e5ng yltyy tekem\u00e4\u00e4n h\u00e4ijy\u00e4 dekkariparodiaa liioiteltuine juonenk\u00e4\u00e4nteineen ja tietoisine antikliimakseineen. Joku saattaa kokea t\u00e4m\u00e4n mustaa huumoria tihkuvan kirjan nihilistiseksi, mutta sellainen se ei miss\u00e4\u00e4n nimess\u00e4 ole. Nihilistinen on se maailma, joka Soderstromia ymp\u00e4r\u00f6i ja jota L\u00e5ng kirjailijana kuvaa. On syyt\u00e4kin olla lohduton, on syyt\u00e4kin olla yliherkk\u00e4 21. vuosisadalle.<\/div>\n<p><\/p>\n<div><\/div>\n<div>Sanoin merkinn\u00e4n alussa, ett\u00e4 romaani her\u00e4tt\u00e4\u00e4 ristiriitaisia tuntemuksia. Se johtuu siit\u00e4, ett\u00e4 <em>Min\u00e4, Dosentti ja Jane<\/em> on \u00e4lyk\u00e4s kirja, mutta ei romaanina mik\u00e4\u00e4n t\u00e4ysosuma. Kun luin sit\u00e4, mieless\u00e4ni v\u00e4ikkyi jonkinlainen varjokuva siit\u00e4, mink\u00e4lainen t\u00e4m\u00e4 kirja <em>olisi voinut olla<\/em> jos kaikki olisi mennyt nappiin. En min\u00e4 pettynyt. Mutta olisin halunnut haltioitua.<\/div>\n","protected":false},"excerpt":{"rendered":"<p>Fredrik L\u00e5ngin uusi romaani Min\u00e4, Dosentti ja Jane on \u00e4lyk\u00e4s ja haastava,&hellip;<\/p>\n","protected":false},"author":66,"featured_media":866,"comment_status":"open","ping_status":"open","sticky":false,"template":"","format":"standard","meta":{"footnotes":""},"categories":[13,21],"tags":[],"acf":[],"platta":{"numLikes":0,"numComments":21,"category":null,"themes":[],"commercial_partner":null,"thumbnail":"https:\/\/blogit-cdn.a-lehdet.fi\/uploads\/sites\/38\/2015\/03\/min-C3-A4-dosentti-ja-jane.jpg","blog_id":38},"jetpack_featured_media_url":"https:\/\/blogit-cdn.a-lehdet.fi\/uploads\/sites\/38\/2015\/03\/min-C3-A4-dosentti-ja-jane.jpg","_links":{"self":[{"href":"https:\/\/blogit.apu.fi\/antiaikalainen\/api\/wp\/v2\/posts\/303"}],"collection":[{"href":"https:\/\/blogit.apu.fi\/antiaikalainen\/api\/wp\/v2\/posts"}],"about":[{"href":"https:\/\/blogit.apu.fi\/antiaikalainen\/api\/wp\/v2\/types\/post"}],"author":[{"embeddable":true,"href":"https:\/\/blogit.apu.fi\/antiaikalainen\/api\/wp\/v2\/users\/66"}],"replies":[{"embeddable":true,"href":"https:\/\/blogit.apu.fi\/antiaikalainen\/api\/wp\/v2\/comments?post=303"}],"version-history":[{"count":1,"href":"https:\/\/blogit.apu.fi\/antiaikalainen\/api\/wp\/v2\/posts\/303\/revisions"}],"predecessor-version":[{"id":2188,"href":"https:\/\/blogit.apu.fi\/antiaikalainen\/api\/wp\/v2\/posts\/303\/revisions\/2188"}],"wp:featuredmedia":[{"embeddable":true,"href":"https:\/\/blogit.apu.fi\/antiaikalainen\/api\/wp\/v2\/media\/866"}],"wp:attachment":[{"href":"https:\/\/blogit.apu.fi\/antiaikalainen\/api\/wp\/v2\/media?parent=303"}],"wp:term":[{"taxonomy":"category","embeddable":true,"href":"https:\/\/blogit.apu.fi\/antiaikalainen\/api\/wp\/v2\/categories?post=303"},{"taxonomy":"post_tag","embeddable":true,"href":"https:\/\/blogit.apu.fi\/antiaikalainen\/api\/wp\/v2\/tags?post=303"}],"curies":[{"name":"wp","href":"https:\/\/api.w.org\/{rel}","templated":true}]}}