{"id":390,"date":"2008-10-18T00:29:00","date_gmt":"2008-10-17T22:29:00","guid":{"rendered":"http:\/\/blogit.image.fi\/antiaikalainen\/hyvinvointivaltio-pastissimukaelma\/"},"modified":"2018-02-28T09:32:37","modified_gmt":"2018-02-28T07:32:37","slug":"hyvinvointivaltio-pastissimukaelma","status":"publish","type":"post","link":"https:\/\/blogit.apu.fi\/antiaikalainen\/hyvinvointivaltio-pastissimukaelma\/","title":{"rendered":"Hyvinvointivaltio (pastissi\/mukaelma)"},"content":{"rendered":"<p><a rel=\"nofollow\" href=\"https:\/\/blogit-cdn.a-lehdet.fi\/uploads\/sites\/38\/2015\/03\/Berlin-wall.jpg\"><img decoding=\"async\" id=\"BLOGGER_PHOTO_ID_5258258861616141858\" style=\"FLOAT: left; MARGIN: 0px 10px 10px 0px; CURSOR: hand\" alt=\"\" src=\"https:\/\/blogit-cdn.a-lehdet.fi\/uploads\/sites\/38\/2015\/03\/Berlin-wall.jpg\" border=\"0\" \/><\/a><\/p>\n<div><em><\/em><\/div>\n<p><\/p>\n<div><em>Kirjailija ajatteli panna uuden kirjansa nimeksi Hyvinvointivaltio. Se vastaisi kirjan sis\u00e4lt\u00f6\u00e4kin nyt kun h\u00e4n oli p\u00e4\u00e4tt\u00e4nyt kirjoittaa el\u00e4m\u00e4ns\u00e4 ensimm\u00e4isen poliittisen jutun. H\u00e4n ei ollut varsinainen poliittisten juttujen mies, mutta keski-ik\u00e4istyv\u00e4 kirjailija tunsi tarvetta vakavoitua, ottaa kantaa ja sanoa kerrankin sanansa maailman menosta ja yhteisist\u00e4 asioista.<\/em><\/div>\n<p><\/p>\n<div><em><\/em><\/div>\n<div><em>Sit\u00e4 paitsi hyvinvointivaltio on iskev\u00e4 sana. Se on poliittisessa kielenk\u00e4yt\u00f6ss\u00e4 paljon k\u00e4ytetty sana, mutta eip\u00e4 ole juuri k\u00e4yt\u00f6ss\u00e4 kulunut. Hyvinvointivaltiota voi kyll\u00e4 vihata, mutta sit\u00e4 ei voi sivuuttaa olankohautuksella. Joka ei hyvinvointivaltion tilasta ja tulevaisuudesta piittaa niin se ei kyll\u00e4 kansalaisten harmaasta arjesta paljon ymm\u00e4rr\u00e4. Kirjailija tunsi, ett\u00e4 h\u00e4nell\u00e4 on t\u00e4hdellist\u00e4 sanottavaa lukijoille. Kun puhuu hyvinvointivaltiosta niin sill\u00e4 on jo astunut askelen k\u00e4rsiv\u00e4\u00e4 l\u00e4himm\u00e4ist\u00e4\u00e4n kohti. Joukossamme el\u00e4\u00e4 suuri joukko kansalaisia joilta puuttuu hyvinvointia ja k\u00e4yt\u00e4nn\u00f6llist\u00e4 tietoa siit\u00e4 miten hyvinvointia voisi lis\u00e4t\u00e4.<\/em><\/div>\n<p><\/p>\n<div><em><\/em><\/div>\n<div><em>Kirjailija ei n\u00e4hnyt mit\u00e4\u00e4n juridisia esteit\u00e4 sille, etteik\u00f6 kirjan nimi voinut olla Hyvinvointivaltio. Kun hyvinvointivaltiosta puhuminen sallittiin poliitikoille niin t\u00e4ytyi se voida sallia my\u00f6s kirjailijoille. Menisik\u00f6h\u00e4n hyvinvointivaltio kaupaksi? Myisik\u00f6 se paremmin kuin kirjailijan l\u00e4pimurtoteos, nuorten kaupunkilaisten eksistentialistista ahdistusta k\u00e4sittelev\u00e4 Sivullinen Kalliossa? Olihan hyvinvointivaltiosta puhumalla voitettu vaaleissa \u00e4\u00e4ni\u00e4, joten miksi sill\u00e4 ei voitettaisi my\u00f6s lukijoita kirjamarkkinoilla. <\/em><\/div>\n<p><\/p>\n<div><em><\/em><\/div>\n<div><em>Syksyn kirjamessuilla kirjailija p\u00e4\u00e4si esittelem\u00e4\u00e4n Hyvinvointivaltionsa lukijoille. Se kirjailijalle mielihyvin sallittiin, ja siihen h\u00e4nt\u00e4 kustantamon markkinointiosastolta viel\u00e4p\u00e4 innolla kannustettiin, koska se joka hyvinvointivaltiolla kynt\u00e4\u00e4, se hyvinvointivaltiosta puhuu. Kirjailija kumarsi ja hymyili runsaslukuiselle yleis\u00f6lleen ja puhui laveasti Hyvinvointivaltiosta ja sen merkityksest\u00e4 kansamme menestykselle ja kilpailukyvylle. Sen j\u00e4lkeen h\u00e4n kirjoitti nimikirjoituksia Hyvinvointivaltioihin. H\u00e4n ojensi Hyvinvointivaltion eduskunnan puhemiehelle ja sanoi ett\u00e4 t\u00e4ss\u00e4 teille sellainen Hyvinvointivaltio jonka toimintaperiaatteisiin kannattaa kyll\u00e4 tutustua. Teh\u00e4n kyll\u00e4 hyvinvointivaltion entuudestaan tunnette mutta t\u00e4ss\u00e4 on nyt teille ihan uusi malli. Olkaa hyv\u00e4 ja paneutukaa. H\u00e4n antoi Hyvinvointivaltionsa my\u00f6s valtiovarainministerille, jolla itsell\u00e4\u00e4n n\u00e4ytti olevan runsaasti omakohtaista kokemusta hyvinvoinnista, mutta niukasti sen jakamisesta. H\u00e4n sanoi ett\u00e4 alustakaapa seuraavassa budjettiriihess\u00e4 t\u00e4st\u00e4 Hyvinvointivaltiosta ja j\u00e4tt\u00e4k\u00e4\u00e4 se kansalaisten hyvinvointiin puuttuminen v\u00e4hemm\u00e4lle.<\/em><\/div>\n<p><\/p>\n<div><em><\/em><\/div>\n<div><em>Kiitt\u00e4vist\u00e4 kritiikeist\u00e4 ja ylist\u00e4v\u00e4st\u00e4 lukijapalautteesta huolimatta koitti kerran se aika ett\u00e4 Hyvinvointivaltiokin joutui alennusmyyntiin. Mik\u00e4p\u00e4 ei t\u00e4ss\u00e4 maailmassa joutunut alennusmyyntiin. Hyvinvointivaltion hinta putosi ja sit\u00e4 myytiin alennusmyyntikaukaloissa ja kirjatoreilla. Se oli kirjailijalle kovaa aikaa, jopa niin kovaa ett\u00e4 h\u00e4nen oma hyvinvointinsa romahti t\u00e4ydellisesti ja h\u00e4nest\u00e4 tuli hyvinvointivaltion asiakas ja el\u00e4tti, sanojen surullisimmassa merkityksess\u00e4.<\/em><\/div>\n<p><\/p>\n<div><\/div>\n","protected":false},"excerpt":{"rendered":"<p>Kirjailija ajatteli panna uuden kirjansa nimeksi Hyvinvointivaltio. Se vastaisi kirjan sis\u00e4lt\u00f6\u00e4kin nyt&hellip;<\/p>\n","protected":false},"author":66,"featured_media":935,"comment_status":"open","ping_status":"open","sticky":false,"template":"","format":"standard","meta":{"footnotes":""},"categories":[2],"tags":[],"acf":[],"platta":{"numLikes":0,"numComments":18,"category":null,"themes":[],"commercial_partner":null,"thumbnail":"https:\/\/blogit-cdn.a-lehdet.fi\/uploads\/sites\/38\/2015\/03\/Berlin-wall.jpg","blog_id":38},"jetpack_featured_media_url":"https:\/\/blogit-cdn.a-lehdet.fi\/uploads\/sites\/38\/2015\/03\/Berlin-wall.jpg","_links":{"self":[{"href":"https:\/\/blogit.apu.fi\/antiaikalainen\/api\/wp\/v2\/posts\/390"}],"collection":[{"href":"https:\/\/blogit.apu.fi\/antiaikalainen\/api\/wp\/v2\/posts"}],"about":[{"href":"https:\/\/blogit.apu.fi\/antiaikalainen\/api\/wp\/v2\/types\/post"}],"author":[{"embeddable":true,"href":"https:\/\/blogit.apu.fi\/antiaikalainen\/api\/wp\/v2\/users\/66"}],"replies":[{"embeddable":true,"href":"https:\/\/blogit.apu.fi\/antiaikalainen\/api\/wp\/v2\/comments?post=390"}],"version-history":[{"count":1,"href":"https:\/\/blogit.apu.fi\/antiaikalainen\/api\/wp\/v2\/posts\/390\/revisions"}],"predecessor-version":[{"id":2270,"href":"https:\/\/blogit.apu.fi\/antiaikalainen\/api\/wp\/v2\/posts\/390\/revisions\/2270"}],"wp:featuredmedia":[{"embeddable":true,"href":"https:\/\/blogit.apu.fi\/antiaikalainen\/api\/wp\/v2\/media\/935"}],"wp:attachment":[{"href":"https:\/\/blogit.apu.fi\/antiaikalainen\/api\/wp\/v2\/media?parent=390"}],"wp:term":[{"taxonomy":"category","embeddable":true,"href":"https:\/\/blogit.apu.fi\/antiaikalainen\/api\/wp\/v2\/categories?post=390"},{"taxonomy":"post_tag","embeddable":true,"href":"https:\/\/blogit.apu.fi\/antiaikalainen\/api\/wp\/v2\/tags?post=390"}],"curies":[{"name":"wp","href":"https:\/\/api.w.org\/{rel}","templated":true}]}}