{"id":410,"date":"2008-08-25T18:24:00","date_gmt":"2008-08-25T16:24:00","guid":{"rendered":"http:\/\/blogit.image.fi\/antiaikalainen\/vasemmiston-tehtava-pamflettien-kirjoittaminen\/"},"modified":"2018-02-28T09:32:42","modified_gmt":"2018-02-28T07:32:42","slug":"vasemmiston-tehtava-pamflettien-kirjoittaminen","status":"publish","type":"post","link":"https:\/\/blogit.apu.fi\/antiaikalainen\/vasemmiston-tehtava-pamflettien-kirjoittaminen\/","title":{"rendered":"Vasemmiston teht\u00e4v\u00e4: pamflettien kirjoittaminen"},"content":{"rendered":"<p><a rel=\"nofollow\" href=\"https:\/\/blogit-cdn.a-lehdet.fi\/uploads\/sites\/38\/2015\/03\/punalippu.jpg\"><img decoding=\"async\" loading=\"lazy\" id=\"BLOGGER_PHOTO_ID_5238504842258142226\" style=\"FLOAT: left; MARGIN: 0px 10px 10px 0px; WIDTH: 85px; CURSOR: hand; HEIGHT: 91px\" height=\"130\" alt=\"\" src=\"https:\/\/blogit-cdn.a-lehdet.fi\/uploads\/sites\/38\/2015\/03\/punalippu.jpg\" width=\"85\" border=\"0\" \/><\/a><\/p>\n<div><\/div>\n<div><\/div>\n<div>Onko mielek\u00e4st\u00e4 puhua oikeistosta ja vasemmistosta? Jos vastaat &#8220;ei&#8221;, et ole ainakaan vasemmistolainen.<\/div>\n<div><\/div>\n<p><\/p>\n<div>En tied\u00e4, olenko kotoisin oikeistosta vai vasemmistosta vai yht\u00e4\u00e4n mist\u00e4\u00e4n, mutta liikutun siit\u00e4 ett\u00e4 t\u00e4n\u00e4 syksyn\u00e4 julkaistavien tietokirjojen joukossa on sellainenkin ilmestys kuin Tommi Uschanovin<em> Mik\u00e4 vasemmistoa vaivaa?<\/em> Valtaisa enemmist\u00f6 kustantamoiden tietokirjoiksi v\u00e4itt\u00e4mist\u00e4 tuotoksista on t\u00e4ytt\u00e4 sontaa.<\/div>\n<div><em><\/em><\/div>\n<p><\/p>\n<div>HS:n sunnuntaisen henkil\u00f6jutun perusteella odotan Uschanovin pamfletilta paljon. Olen toivonut, ett\u00e4 joku vasemmisto\u00e4lyk\u00f6ist\u00e4mme nousisi esiin ja esitt\u00e4isi jotain oivaltavaa kapitalismista ja markkinataloudesta &#8211; p\u00e4tevist\u00e4 aatehistoriallisista l\u00e4ht\u00f6kohdista. Tyhminkin vasemmistohenkinen poliitikko tai kolumnisti osaa kyll\u00e4 herist\u00e4\u00e4 sormea uusliberalismille ja globalisaatiolle. HS:n mukaan Uschanov on sit\u00e4 mielt\u00e4, ett\u00e4 &#8220;talous her\u00e4tt\u00e4\u00e4 vasemmistossa pelkoa, mutta ei synnyt\u00e4 analyyttist\u00e4 mielenkiintoa.&#8221; Olen huomannut saman.<\/div>\n<p><\/p>\n<div><\/div>\n<div>&#8220;Yhdysvaltain pankkikriisin seurauksena kapitalismi on omillakin mittareillaan pahimmassa kriisiss\u00e4 sitten vuoden 1929 p\u00f6rssiromahduksen. Kapitalismin kriisialttiudesta vuosikausia l\u00f6ys\u00e4sti puhuneilla vasemmistolaisilla ei silti tunnu olevan t\u00e4st\u00e4 mit\u00e4\u00e4n sanottavaa&#8221;, Uschanov arvostelee HS:ss\u00e4.<\/div>\n<p><\/p>\n<div><\/div>\n<div>L\u00f6ys\u00e4\u00e4 puhetta on todellakin riitt\u00e4nyt, vuosikausia. Viime vuosisadan alkupuolelta saakka laitavasemmiston maailmanpoliittiset katsaukset ovat sis\u00e4lt\u00e4neet yhden ja saman uskonvarman l\u00e4ht\u00f6kohdan: kapitalismin kriisi on k\u00e4rjistym\u00e4ss\u00e4. Ja niinh\u00e4n se on tehnyt meid\u00e4n p\u00e4iviimme saakka.<\/div>\n<p><\/p>\n<div><\/div>\n<div>Uschanov on oikeassa siin\u00e4, ett\u00e4 luottomarkkinoiden kriisin mittasuhteet ovat poikkeukselliset. Viime kev\u00e4\u00e4n\u00e4 IMF ennusti pankkien tappioiden ja alaskirjausten paisuvan 1 000 miljardiin dollariin. Silloin arviota pidettiin synkk\u00e4n\u00e4, nyt realistisena.<\/div>\n<p><\/p>\n<div><\/div>\n<div>Min\u00e4kin &#8211; kuten kaikki asuntovelkaiset &#8211; joudun maksamaan kalliisti amerikkalaisten pankkiirien ahneudesta ja t\u00f6pp\u00e4ilyst\u00e4. Enk\u00e4 pelk\u00e4st\u00e4\u00e4n v\u00e4lillisesti, vaan ihan suoraan ja konkreettisesti: yhden vuoden euriborkorossa on luottamuspulasta johtuvaa riskilis\u00e4\u00e4 yksi prosenttiyksikk\u00f6. T\u00e4m\u00e4 on aivan poikkeuksellista, suorastaan tolkutonta. Minulle koituu t\u00e4m\u00e4n spredin vuoksi 1 500 euron lis\u00e4kustannus vuodessa.<\/div>\n<div><\/div>\n<p><\/p>\n<div>Ent\u00e4 luottokriisin arkkitehdit, n\u00e4m\u00e4 sliipatut jenkkipankkiirit? Ennen kuin maailma ymp\u00e4rill\u00e4 romahti, he ehtiv\u00e4t nostaa yhden vuoden bonuksia Vietnamin bruttokansantuotteen verran. Toimintansa riskit he j\u00e4ttiv\u00e4t osakkeenomistajien ja veronmaksajien murheiksi. T\u00e4ll\u00e4 tavalla vapaa markkinatalous kannustaa riskien ottoon.<\/div>\n<div><\/div>\n<p><\/p>\n<div>Olen n\u00e4hnyt oikeistolaisiksi luokiteltavissa talouslehdiss\u00e4 oivaltavia kirjoituksia pankkimaailman &#8220;h\u00e4nt\u00e4riskist\u00e4&#8221; ja &#8220;moral hazard&#8221; -ongelmista. Mutta vasemmisto\u00e4lyk\u00f6t puhuvat harvemmin t\u00e4llaisista jutuista. Miksi?<\/div>\n","protected":false},"excerpt":{"rendered":"<p>Onko mielek\u00e4st\u00e4 puhua oikeistosta ja vasemmistosta? Jos vastaat &#8220;ei&#8221;, et ole ainakaan&hellip;<\/p>\n","protected":false},"author":66,"featured_media":950,"comment_status":"open","ping_status":"open","sticky":false,"template":"","format":"standard","meta":{"footnotes":""},"categories":[15],"tags":[],"acf":[],"platta":{"numLikes":0,"numComments":16,"category":null,"themes":[],"commercial_partner":null,"thumbnail":"https:\/\/blogit-cdn.a-lehdet.fi\/uploads\/sites\/38\/2015\/03\/punalippu.jpg","blog_id":38},"jetpack_featured_media_url":"https:\/\/blogit-cdn.a-lehdet.fi\/uploads\/sites\/38\/2015\/03\/punalippu.jpg","_links":{"self":[{"href":"https:\/\/blogit.apu.fi\/antiaikalainen\/api\/wp\/v2\/posts\/410"}],"collection":[{"href":"https:\/\/blogit.apu.fi\/antiaikalainen\/api\/wp\/v2\/posts"}],"about":[{"href":"https:\/\/blogit.apu.fi\/antiaikalainen\/api\/wp\/v2\/types\/post"}],"author":[{"embeddable":true,"href":"https:\/\/blogit.apu.fi\/antiaikalainen\/api\/wp\/v2\/users\/66"}],"replies":[{"embeddable":true,"href":"https:\/\/blogit.apu.fi\/antiaikalainen\/api\/wp\/v2\/comments?post=410"}],"version-history":[{"count":1,"href":"https:\/\/blogit.apu.fi\/antiaikalainen\/api\/wp\/v2\/posts\/410\/revisions"}],"predecessor-version":[{"id":2289,"href":"https:\/\/blogit.apu.fi\/antiaikalainen\/api\/wp\/v2\/posts\/410\/revisions\/2289"}],"wp:featuredmedia":[{"embeddable":true,"href":"https:\/\/blogit.apu.fi\/antiaikalainen\/api\/wp\/v2\/media\/950"}],"wp:attachment":[{"href":"https:\/\/blogit.apu.fi\/antiaikalainen\/api\/wp\/v2\/media?parent=410"}],"wp:term":[{"taxonomy":"category","embeddable":true,"href":"https:\/\/blogit.apu.fi\/antiaikalainen\/api\/wp\/v2\/categories?post=410"},{"taxonomy":"post_tag","embeddable":true,"href":"https:\/\/blogit.apu.fi\/antiaikalainen\/api\/wp\/v2\/tags?post=410"}],"curies":[{"name":"wp","href":"https:\/\/api.w.org\/{rel}","templated":true}]}}