{"id":475,"date":"2008-02-26T12:19:00","date_gmt":"2008-02-26T10:19:00","guid":{"rendered":"http:\/\/blogit.image.fi\/antiaikalainen\/marskin-ryypyt-rinnuksilla\/"},"modified":"2018-02-28T09:33:26","modified_gmt":"2018-02-28T07:33:26","slug":"marskin-ryypyt-rinnuksilla","status":"publish","type":"post","link":"https:\/\/blogit.apu.fi\/antiaikalainen\/marskin-ryypyt-rinnuksilla\/","title":{"rendered":"Marskin ryypyt rinnuksilla"},"content":{"rendered":"<p><a rel=\"nofollow\" href=\"https:\/\/blogit-cdn.a-lehdet.fi\/uploads\/sites\/38\/2015\/03\/ajattelija-9.jpg\"><img decoding=\"async\" loading=\"lazy\" id=\"BLOGGER_PHOTO_ID_5171247768513626338\" style=\"FLOAT: left; MARGIN: 0px 10px 10px 0px; WIDTH: 160px; CURSOR: hand; HEIGHT: 107px\" height=\"212\" alt=\"\" src=\"https:\/\/blogit-cdn.a-lehdet.fi\/uploads\/sites\/38\/2015\/03\/ajattelija-9-300x198.jpg\" width=\"160\" border=\"0\" \/><\/a><\/p>\n<div><a rel=\"nofollow\" href=\"http:\/\/1.bp.blogspot.com\/_5LDO6QlH6PY\/R8P2Xm_JQNI\/AAAAAAAAAGQ\/l9vOxJqEIG8\/s1600-h\/marskin+ryyppy.jpg\"><\/a><\/p>\n<div>Joillakin ihmisill\u00e4 moraalinen n\u00e4rk\u00e4stys ja paheksunta yltyy sellaisiin mittoihin, ett\u00e4 se tuottaa t\u00e4m\u00e4nkaltaisia huomioita ja tuomioita:<\/p>\n<p><em>&#8221;Asiantuntijat, viimeksi kenraali Gustav H\u00e4gglund, ovat paljastaneet filmisuunnitelman sis\u00e4lt\u00e4v\u00e4n samoja aineksia kuin punaisen armeijan sota-aikaisten, Mannerheimia solvanneiden propagandafilmienkin. N\u00e4ink\u00f6 todella on? T\u00e4llaisen, Suomen Marsalkan muistoa h\u00e4p\u00e4isev\u00e4n elokuvan puuhaajien p\u00e4\u00e4t on kuvaannollisesti sanoen asetettava p\u00f6lkylle ja mediassa koko kansan n\u00e4ht\u00e4v\u00e4ksi; maan historian oikean kirjoituksen ja sen merkkihenkil\u00f6itten kunnian turvaamisen vuoksi.&#8221;<\/em><\/p>\n<p>Raimo Ilaskiven paheksunnan aiheuttaja on Mannerheimin raadollisia puolia kosketteleva satiirinen animaatio <em>Uralin perhonen<\/em><em>. <\/em>Ylipormestarin tulikivenkatkuinen kirjoitus on luettavissa h\u00e4nen uusisuomi.fi:n <a rel=\"nofollow\" href=\"http:\/\/www.uusisuomi.fi\/blogit\/raimoilaskivi\/mannerheimin-hapaisijoitten-paat-polkylle\">blogistaan<\/a> .<\/p>\n<p>Joku voisi kuitata asian toteamalla, ett\u00e4 Ilaskivi vain n\u00e4kee sukupolvensa unta. Sit\u00e4 valkoisen Suomen unta, jossa Mannerheim on idealisoitu vapahtajan kaltainen hahmo, vapaa kaikista inhimillisist\u00e4 heikkouksista ja vajavaisuuksista. Kekkosta saa kyll\u00e4 satirisoida, jopa kristillisen uskomme keskeishahmoja, mutta Mannerheim, h\u00e4n on koskematon!<\/p>\n<p>Mutta pahoin pelk\u00e4\u00e4n, ett\u00e4 Mannerheim-myytti pit\u00e4\u00e4 otteessaan muitakin kuin Ilaskiven ik\u00e4polven edustajia.<\/p>\n<p>Jokunen vuosi sitten kiertelin asunton\u00e4yt\u00f6iss\u00e4 ymp\u00e4ri p\u00e4\u00e4kaupunkiseutua. K\u00e4vin katsomassa er\u00e4st\u00e4 omakotitaloa, jossa asui kolmekymppinen pariskunta. Heid\u00e4n siistiss\u00e4 ty\u00f6huoneessaan oli kunniapaikalla Mannerheimin valokuva komeissa raameissa. Tuli kylm\u00e4\u00e4v\u00e4 olo. Ett\u00e4 omaan sukupolveenikin kuuluvat ihmiset&#8230;<\/p>\n<p>Se, ett\u00e4 Mannerheimin &#8221;halventaminen&#8221; nostattaa edelleenkin pintaan verenhimoa ja lynkkausmielialaa kertoo kieroon kasvaneesta is\u00e4nmaallisuudesta. Sellainen ei ole &#8221;is\u00e4nmaan vapauden&#8221; rakastamista, kuten Raimo Ilaskivi kuvittelee.<\/p>\n<\/div>\n<\/div>\n","protected":false},"excerpt":{"rendered":"<p>Joillakin ihmisill\u00e4 moraalinen n\u00e4rk\u00e4stys ja paheksunta yltyy sellaisiin mittoihin, ett\u00e4 se tuottaa&hellip;<\/p>\n","protected":false},"author":66,"featured_media":1005,"comment_status":"open","ping_status":"open","sticky":false,"template":"","format":"standard","meta":{"footnotes":""},"categories":[15],"tags":[],"acf":[],"platta":{"numLikes":0,"numComments":3,"category":null,"themes":[],"commercial_partner":null,"thumbnail":"https:\/\/blogit-cdn.a-lehdet.fi\/uploads\/sites\/38\/2015\/03\/ajattelija-9.jpg","blog_id":38},"jetpack_featured_media_url":"https:\/\/blogit-cdn.a-lehdet.fi\/uploads\/sites\/38\/2015\/03\/ajattelija-9.jpg","_links":{"self":[{"href":"https:\/\/blogit.apu.fi\/antiaikalainen\/api\/wp\/v2\/posts\/475"}],"collection":[{"href":"https:\/\/blogit.apu.fi\/antiaikalainen\/api\/wp\/v2\/posts"}],"about":[{"href":"https:\/\/blogit.apu.fi\/antiaikalainen\/api\/wp\/v2\/types\/post"}],"author":[{"embeddable":true,"href":"https:\/\/blogit.apu.fi\/antiaikalainen\/api\/wp\/v2\/users\/66"}],"replies":[{"embeddable":true,"href":"https:\/\/blogit.apu.fi\/antiaikalainen\/api\/wp\/v2\/comments?post=475"}],"version-history":[{"count":1,"href":"https:\/\/blogit.apu.fi\/antiaikalainen\/api\/wp\/v2\/posts\/475\/revisions"}],"predecessor-version":[{"id":2353,"href":"https:\/\/blogit.apu.fi\/antiaikalainen\/api\/wp\/v2\/posts\/475\/revisions\/2353"}],"wp:featuredmedia":[{"embeddable":true,"href":"https:\/\/blogit.apu.fi\/antiaikalainen\/api\/wp\/v2\/media\/1005"}],"wp:attachment":[{"href":"https:\/\/blogit.apu.fi\/antiaikalainen\/api\/wp\/v2\/media?parent=475"}],"wp:term":[{"taxonomy":"category","embeddable":true,"href":"https:\/\/blogit.apu.fi\/antiaikalainen\/api\/wp\/v2\/categories?post=475"},{"taxonomy":"post_tag","embeddable":true,"href":"https:\/\/blogit.apu.fi\/antiaikalainen\/api\/wp\/v2\/tags?post=475"}],"curies":[{"name":"wp","href":"https:\/\/api.w.org\/{rel}","templated":true}]}}