{"id":505,"date":"2007-12-03T22:19:00","date_gmt":"2007-12-03T20:19:00","guid":{"rendered":"http:\/\/blogit.image.fi\/antiaikalainen\/musta-laatikko\/"},"modified":"2018-02-28T09:33:34","modified_gmt":"2018-02-28T07:33:34","slug":"musta-laatikko","status":"publish","type":"post","link":"https:\/\/blogit.apu.fi\/antiaikalainen\/musta-laatikko\/","title":{"rendered":"Musta laatikko"},"content":{"rendered":"<p><a rel=\"nofollow\" href=\"https:\/\/blogit-cdn.a-lehdet.fi\/uploads\/sites\/38\/2015\/03\/TV-set.jpg\"><img decoding=\"async\" id=\"BLOGGER_PHOTO_ID_5139852855464373506\" style=\"FLOAT: left; MARGIN: 0px 10px 10px 0px; CURSOR: hand\" alt=\"\" src=\"https:\/\/blogit-cdn.a-lehdet.fi\/uploads\/sites\/38\/2015\/03\/TV-set.jpg\" border=\"0\" \/><\/a><\/p>\n<div><em>&#8220;Journalismin ja erityisesti television maailmassa hallitsee paniikinomainen pelko ihmisten ik\u00e4vystytt\u00e4misest\u00e4 sek\u00e4 pyrkimys viihdytt\u00e4\u00e4 mihin hintaan hyv\u00e4ns\u00e4.&#8221;<\/em><\/div>\n<p><\/p>\n<div>Pierre Bourdieu: <em>Televisiosta <\/em>(Otava 1999)<\/div>\n<p><\/p>\n<div><\/div>\n<div>Joskus jokin kirja kolahtaa, mutta vuosien p\u00e4\u00e4st\u00e4 ei en\u00e4\u00e4 muista miksi. Etsin monta viikkoa Pierre Bourdieu\u00b4n hurmaavan ryppyotsaista ja pitk\u00e4piim\u00e4ist\u00e4 pikkuteosta <em>Televisiosta<\/em>, joka julkaistiin suomeksi vuosituhannen vaihteen kynnyksell\u00e4.<\/div>\n<div><\/div>\n<p><\/p>\n<div>Luin sen aikoinaan ja innostuin siit\u00e4. Sitten se meni hukkaan enk\u00e4 en\u00e4\u00e4 vuosikausiin ole muistanut, mik\u00e4 siin\u00e4 oli innostavaa. Nyt kirjan l\u00f6ydetty\u00e4ni ja l\u00e4pi selailtuani huomaan, ettei se kovin kummoinen ollutkaan. Joko kirja on muuttunut tai min\u00e4. <\/div>\n<p><\/p>\n<div><\/div>\n<div>Bourdieu k\u00e4sittelee televisiota ennen muuta journalismin viitekehyksess\u00e4, ja on huolissaan \u00e4lyllisesti vire\u00e4n, kriittisen ajattelun hautautumisesta yhdentekev\u00e4n hutun alle. Tulee avuton olo. N\u00e4inh\u00e4n siin\u00e4 on k\u00e4ynyt eik\u00e4 mit\u00e4\u00e4n ole teht\u00e4viss\u00e4. Sen todistavat kaupallisten kanavien tv-uutiset kaikessa miellytt\u00e4vyydess\u00e4\u00e4n ilta illan j\u00e4lkeen. <\/div>\n<p><\/p>\n<div><\/div>\n<div>Muistan vuosien takaa lestadiolaisperheen, jossa oli kolme poikaa. Perheess\u00e4 ei ollut televisiota. N\u00e4ist\u00e4 pojista kaksi rynt\u00e4si kavereiden luona kyl\u00e4illess\u00e4\u00e4n ensimm\u00e4iseksi t\u00f6ll\u00f6tt\u00e4m\u00e4\u00e4n ruutua eik\u00e4 heit\u00e4 saanut houkutelluksi sen \u00e4\u00e4rest\u00e4 mill\u00e4\u00e4n pois.<\/div>\n<p><\/p>\n<div><\/div>\n<div>Kolmas jostain syyst\u00e4 karttoi televisiota. &#8220;Ei&#8221;, h\u00e4n parahti melkein ep\u00e4toivoisena, kun h\u00e4nt\u00e4 taivuteltiin edes pikaisesti kurkkaamaan t\u00f6ll\u00f6n ihmeellisyyksi\u00e4. Olimme varmoja, ett\u00e4 h\u00e4n j\u00e4isi koukkuun, kun p\u00e4\u00e4sisi &#8220;sivityksen&#8221; makuun, huomaisi mit\u00e4 iloja se tarjoaa.<\/div>\n<p><\/p>\n<div><\/div>\n<div>Tuskin kukaan en\u00e4\u00e4 nyky\u00e4\u00e4n pelk\u00e4\u00e4 tuolla tavalla televisiota, ik\u00e4\u00e4n kuin kuin kuvittellen menett\u00e4v\u00e4ns\u00e4 sielunsa joutuessaan sen vaikutuspiiriin. Se lienee lopullinen todiste t\u00e4m\u00e4n viestint\u00e4v\u00e4lineen vallasta. <\/div>\n<p><\/p>\n<div><\/div>\n<div>Jos televisiossa asuu paholainen, emme mahda sille mit\u00e4\u00e4n. Emme n\u00e4e sit\u00e4.<\/div>\n","protected":false},"excerpt":{"rendered":"<p>&#8220;Journalismin ja erityisesti television maailmassa hallitsee paniikinomainen pelko ihmisten ik\u00e4vystytt\u00e4misest\u00e4 sek\u00e4 pyrkimys&hellip;<\/p>\n","protected":false},"author":66,"featured_media":1030,"comment_status":"open","ping_status":"open","sticky":false,"template":"","format":"standard","meta":{"footnotes":""},"categories":[2],"tags":[],"acf":[],"platta":{"numLikes":0,"numComments":7,"category":null,"themes":[],"commercial_partner":null,"thumbnail":"https:\/\/blogit-cdn.a-lehdet.fi\/uploads\/sites\/38\/2015\/03\/TV-set.jpg","blog_id":38},"jetpack_featured_media_url":"https:\/\/blogit-cdn.a-lehdet.fi\/uploads\/sites\/38\/2015\/03\/TV-set.jpg","_links":{"self":[{"href":"https:\/\/blogit.apu.fi\/antiaikalainen\/api\/wp\/v2\/posts\/505"}],"collection":[{"href":"https:\/\/blogit.apu.fi\/antiaikalainen\/api\/wp\/v2\/posts"}],"about":[{"href":"https:\/\/blogit.apu.fi\/antiaikalainen\/api\/wp\/v2\/types\/post"}],"author":[{"embeddable":true,"href":"https:\/\/blogit.apu.fi\/antiaikalainen\/api\/wp\/v2\/users\/66"}],"replies":[{"embeddable":true,"href":"https:\/\/blogit.apu.fi\/antiaikalainen\/api\/wp\/v2\/comments?post=505"}],"version-history":[{"count":1,"href":"https:\/\/blogit.apu.fi\/antiaikalainen\/api\/wp\/v2\/posts\/505\/revisions"}],"predecessor-version":[{"id":2382,"href":"https:\/\/blogit.apu.fi\/antiaikalainen\/api\/wp\/v2\/posts\/505\/revisions\/2382"}],"wp:featuredmedia":[{"embeddable":true,"href":"https:\/\/blogit.apu.fi\/antiaikalainen\/api\/wp\/v2\/media\/1030"}],"wp:attachment":[{"href":"https:\/\/blogit.apu.fi\/antiaikalainen\/api\/wp\/v2\/media?parent=505"}],"wp:term":[{"taxonomy":"category","embeddable":true,"href":"https:\/\/blogit.apu.fi\/antiaikalainen\/api\/wp\/v2\/categories?post=505"},{"taxonomy":"post_tag","embeddable":true,"href":"https:\/\/blogit.apu.fi\/antiaikalainen\/api\/wp\/v2\/tags?post=505"}],"curies":[{"name":"wp","href":"https:\/\/api.w.org\/{rel}","templated":true}]}}