{"id":347,"date":"2016-04-17T14:28:00","date_gmt":"2016-04-17T11:28:00","guid":{"rendered":"http:\/\/blogit.image.fi\/anzionmukaan\/?p=347"},"modified":"2018-02-28T09:26:01","modified_gmt":"2018-02-28T07:26:01","slug":"eija-riitta-korhola-ei-ole-media-eija-riitta-on-eliittitrolli-mot","status":"publish","type":"post","link":"https:\/\/blogit.apu.fi\/anzionmukaan\/eija-riitta-korhola-ei-ole-media-eija-riitta-on-eliittitrolli-mot\/","title":{"rendered":"Eija-Riitta Korhola ei ole media. Eija-Riitta on eliittitrolli. MOT."},"content":{"rendered":"<p>Eija-Riitta Korhola on erilainen poliitikko.<\/p>\n<p>H\u00e4n on uskaltanut kulkea omia polkujaan.<\/p>\n<p>H\u00e4n loikkasi Kristillisist\u00e4 Kokoomukseen, kun Kristillisiss\u00e4 ei auennut n\u00e4kyv\u00e4\u00e4 roolia, vaikka Eija-Riitta on poikkeuksellisen n\u00e4ytt\u00e4v\u00e4 nainen.<\/p>\n<p>&#8220;T\u00f6rm\u00e4sin&#8221; h\u00e4neen kolmosen sp\u00e5rassa Helsingin etel\u00e4isiss\u00e4 kaupunginosissa.<\/p>\n<p>Sattumus ei ollut vastenmielinen kokemus.<\/p>\n<p>P\u00e4invastoin.<\/p>\n<p>H\u00e4nen tyylins\u00e4 ja ulkoinen olemuksensa olivat tyrm\u00e4\u00e4v\u00e4n huolitellut.<\/p>\n<p>Soitin taustamateriaalia ker\u00e4tess\u00e4ni <strong>Kokoomus<\/strong>-aktiiville, joka vahvisti k\u00e4sitykseni omia teit\u00e4\u00e4n talsivasta daamista.<\/p>\n<p>Lausui pari sanaa: <em><strong>elitistinen<\/strong><\/em> ja <em><strong>erakko<\/strong><\/em>.<\/p>\n<p>Sanoi, ett\u00e4 Eija-Riitta kulkee niin omia polkujaan, etteiv\u00e4t omat puoluetoveritkaan ole aivan selvill\u00e4 h\u00e4nen tekemisist\u00e4\u00e4n.<\/p>\n<p>Syv\u00e4kurkkuni ep\u00e4ili jopa, ettei Eija-Riitta itsek\u00e4\u00e4n ole aina selvill\u00e4 tekemisist\u00e4\u00e4n.<\/p>\n<p>Siksi kehotti varovaisin ja harkituin sanak\u00e4\u00e4ntein olla syyllistym\u00e4tt\u00e4 &#8220;koulukiusaamiseen&#8221;.<\/p>\n<p>Lupasin.<\/p>\n<p>Siksi k\u00e4sittelen Eija-Riitan postauksen pragmaattisesti.<\/p>\n<p>Siis t\u00e4m\u00e4n:<a rel=\"nofollow\" id=\"set-post-thumbnail\" class=\"thickbox\" title=\"Aseta artikkelikuva\" href=\"http:\/\/blogit.image.fi\/anzionmukaan\/wp-admin\/media-upload.php?post_id=347&amp;type=image&amp;TB_iframe=1\"><\/a><\/p>\n<p>&nbsp;<\/p>\n<p><a rel=\"nofollow\" href=\"https:\/\/blogit-cdn.a-lehdet.fi\/uploads\/sites\/39\/2016\/04\/screen-shot-2016-04-17-at-12-09-07.png\" rel=\"attachment wp-att-349\"><img decoding=\"async\" loading=\"lazy\" class=\"alignnone wp-image-349 size-full\" src=\"https:\/\/blogit-cdn.a-lehdet.fi\/uploads\/sites\/39\/2016\/04\/screen-shot-2016-04-17-at-12-09-07.png\" alt=\"Screen Shot 2016-04-17 at 12.09.07\" width=\"562\" height=\"210\" srcset=\"https:\/\/blogit-cdn.a-lehdet.fi\/uploads\/sites\/39\/2016\/04\/screen-shot-2016-04-17-at-12-09-07.png 562w, https:\/\/blogit-cdn.a-lehdet.fi\/uploads\/sites\/39\/2016\/04\/screen-shot-2016-04-17-at-12-09-07-300x112.png 300w\" sizes=\"(max-width: 562px) 100vw, 562px\" \/><\/a><\/p>\n<p>Eija-Riitalle nauraa koko Suomi. Ja pakko my\u00f6nt\u00e4\u00e4, ettei t\u00e4ysin ansiotta.<\/p>\n<p>T\u00e4ss\u00e4 pieni otos twitterist\u00e4:<\/p>\n<p>&nbsp;<\/p>\n<p><a rel=\"nofollow\" href=\"https:\/\/blogit-cdn.a-lehdet.fi\/uploads\/sites\/39\/2016\/04\/screen-shot-2016-04-17-at-12-54-19.png\" rel=\"attachment wp-att-350\"><img decoding=\"async\" loading=\"lazy\" class=\"alignnone wp-image-350 size-full\" src=\"https:\/\/blogit-cdn.a-lehdet.fi\/uploads\/sites\/39\/2016\/04\/screen-shot-2016-04-17-at-12-54-19.png\" alt=\"Screen Shot 2016-04-17 at 12.54.19\" width=\"600\" height=\"219\" srcset=\"https:\/\/blogit-cdn.a-lehdet.fi\/uploads\/sites\/39\/2016\/04\/screen-shot-2016-04-17-at-12-54-19.png 600w, https:\/\/blogit-cdn.a-lehdet.fi\/uploads\/sites\/39\/2016\/04\/screen-shot-2016-04-17-at-12-54-19-300x110.png 300w\" sizes=\"(max-width: 600px) 100vw, 600px\" \/><\/a><\/p>\n<p>Mutta hymy pyllyyn. Ja postauksen analysointiin.<\/p>\n<p><em><strong>Onko Eija-Riitan teksti totta?<\/strong><\/em><\/p>\n<p>Nyky\u00e4\u00e4n valheen ja toden erottaminen toisistaan on vaikeampaa kuin ennen.<\/p>\n<p>Osittain siksi, ett\u00e4 nyt jokainen voi tahtoessaan ryhty\u00e4 mediaksi.<\/p>\n<p>En\u00e4\u00e4 ei tarvitse investoida painokoneisiin ja logistiikkaan.<\/p>\n<p>Kaikki on n\u00e4ill\u00e4 n\u00e4pp\u00e4imill\u00e4.<\/p>\n<p>Mutta kuinka erottaa media ep\u00e4mediasta? <strong>Henrik Rydenfelt<\/strong> pohti asiaa ansiokkaasti <a rel=\"nofollow\" href=\"http:\/\/etiikka.fi\/mista-tunnistat-epamedian\/\">Etiikka.fi-blogissaan<\/a>: <em><strong>Mist\u00e4 tunnistat ep\u00e4median?<\/strong><\/em>.<\/p>\n<p>Henrik kirjoitti, ett\u00e4 jokaisessa mediassa tehd\u00e4\u00e4n virheit\u00e4, j\u00e4tet\u00e4\u00e4n kertomatta merkityksellisi\u00e4 asioita ja aika ajoin annetaan tapahtumista yksipuolinen kuva.<\/p>\n<p>H\u00e4n laati kolmen kohdan ohjelman erottaa ep\u00e4mediat luotettavasta mediasta:<\/p>\n<p>&nbsp;<\/p>\n<p><strong>1. Pyrkimys totuuteen.<\/strong><\/p>\n<p><strong>2. Onko v\u00e4itt\u00e4m\u00e4 riitt\u00e4v\u00e4sti perusteltu?<\/strong><\/p>\n<p><strong>3. Rehellisyys. Antaako kerrottu asiasta oikean kuvan?<\/strong><\/p>\n<p>&nbsp;<\/p>\n<p>No niin. Punnitaanpa Eija-Riitan postausta t\u00e4ss\u00e4 kehyksess\u00e4:<\/p>\n<p>&nbsp;<\/p>\n<p><em><strong>Pyrkik\u00f6 Eija-Riitta totuuteen?<\/strong><\/em><\/p>\n<p>Jos h\u00e4n olisi pyrkinyt totuuteen, h\u00e4n olisi varmastikin selvitt\u00e4nyt l\u00e4hteens\u00e4 luotettavuuden. Sit\u00e4 h\u00e4n ei tehnyt. Itse alkuper\u00e4inen l\u00e4hdenkin kiisti Eija-Riitan postauksen totuudellisuuden <a rel=\"nofollow\" href=\"http:\/\/yle.fi\/uutiset\/villi_huhu_tuulivoiman_tappamista_kanoista_ei_pida_paikkaansa__kanat_tappoi_minkki\/8815515\">Ylelle<\/a>.<\/p>\n<p>Tuulivoima ei ollut kanoja surmannut.<\/p>\n<p>Asialla oli v\u00e4hemm\u00e4n mediaseksik\u00e4s otus: minkki.<\/p>\n<p>&nbsp;<\/p>\n<p><em><strong>Ent\u00e4 oliko Eija-Riitan v\u00e4ite riitt\u00e4v\u00e4n perusteltu?<\/strong> <\/em><\/p>\n<p>No n\u00e4in ei varsinaisesti voida sanoa. L\u00e4hinn\u00e4 siksi, ettei v\u00e4itett\u00e4 oltu perusteltu lainkaan.<\/p>\n<p>Kyseess\u00e4 oli vain ja ainoastaan Eija-Riitan kirjoitusmerkeiksi pukema huhu. Viel\u00e4p\u00e4 perin ep\u00e4uskottava sellainen.<\/p>\n<p>&nbsp;<\/p>\n<p><em><strong>No miten on sitten rehellisyyden laita?<\/strong> <\/em><\/p>\n<p>Antoiko maamme pitk\u00e4aikaisimman europarlamentaarikon postaus totuudenmukaisen kuvan tapahtuneesta?<\/p>\n<p>Jos Eija-Riitta olisi pyrkinyt totuuteen, h\u00e4n olisi varmaankin tarkistanut tietojensa todenper\u00e4isyyden.<\/p>\n<p>Me muut lukutaitoiset sen sijaan olemme\u00a0<a rel=\"nofollow\" href=\"http:\/\/www.iltasanomat.fi\/kotimaa\/art-2000001159950.html\">voineet lukea<\/a>, miten v\u00e4itettyjen tapahtumien keskipisteen\u00e4 olleen paikkakunnan kunnanel\u00e4inl\u00e4\u00e4k\u00e4ri kertoo, ett\u00e4 vain yhdelt\u00e4 alueen siipikarjatilalta on tehty ilmoitus el\u00e4inkuolemien vuoksi.<\/p>\n<p>Siis silt\u00e4, jonka kanalasta yhytettiin minkki itse teossa.<\/p>\n<p>Ja todenn\u00e4k\u00f6isesti IS:n jutussa mainittuun syd\u00e4nkohtaukseen kuolleeseen p\u00e4ssiin Eija-Riitta viittaa uroselikkoa v\u00e4h\u00e4ttelev\u00e4ss\u00e4 maininnassan <em>&#8220;My\u00f6s lampaita kuollut&#8221;<\/em>.<\/p>\n<p>Eli t\u00e4m\u00e4n lyhyen analyysin j\u00e4lkeen voimme yksiselitteisesti todeta, ett\u00e4 Eija-Riitan postaus ei t\u00e4yt\u00e4 luotettavuuden kriteereit\u00e4.<\/p>\n<p><em><strong>Miksi h\u00e4n sitten kirjoitti mit\u00e4 kirjoitti?<\/strong> <\/em><\/p>\n<p>Eija-Riitta on tullut tunnetuksi tuulivoimavastaisista mielipiteist\u00e4\u00e4n, joita l\u00f6ytyy googlettamalla sivukaupalla.<\/p>\n<p><em><strong>Eli Eija-Riitta kirjoitti muunneltua totuutta edist\u00e4\u00e4kseen omaa asiaansa.<\/strong><\/em><\/p>\n<p>Jos joku tarkoituksellisesti harjoittaa valheellista propagandaa edist\u00e4\u00e4kseen asiaansa, h\u00e4nt\u00e4 saatetaan kutsua <a rel=\"nofollow\" href=\"https:\/\/fi.wikipedia.org\/wiki\/Trolli_%28internet%29\">trolliksi<\/a>.<\/p>\n<p>Informaatiosodassa olemme tottuneet l\u00e4hinn\u00e4 ven\u00e4l\u00e4isiin trolleihin.<\/p>\n<p>He ovat riitt\u00e4v\u00e4n fiksuja peitt\u00e4\u00e4kseen todellisen henkil\u00f6llisyytens\u00e4.<\/p>\n<p>Eik\u00e4 heille naureta.<\/p>\n<p>&nbsp;<\/p>\n<p>Totuudellista alkavaa viikkoa,<\/p>\n<p><strong>Anzio<\/strong><\/p>\n<p>Keskustele asiasta <a rel=\"nofollow\" href=\"https:\/\/www.facebook.com\/groups\/1617909915090685\/\">t\u00e4\u00e4ll\u00e4.<\/a><\/p>\n","protected":false},"excerpt":{"rendered":"<p>Eija-Riitta Korhola on erilainen poliitikko. H\u00e4n on uskaltanut kulkea omia polkujaan. H\u00e4n&hellip;<\/p>\n","protected":false},"author":68,"featured_media":349,"comment_status":"open","ping_status":"open","sticky":false,"template":"","format":"standard","meta":{"footnotes":""},"categories":[13,1],"tags":[49,51,79,91,113,180,452],"acf":[],"platta":{"numLikes":3,"numComments":3,"category":null,"themes":[],"commercial_partner":null,"thumbnail":"https:\/\/blogit-cdn.a-lehdet.fi\/uploads\/sites\/39\/2016\/04\/screen-shot-2016-04-17-at-12-09-07.png","blog_id":39},"jetpack_featured_media_url":"https:\/\/blogit-cdn.a-lehdet.fi\/uploads\/sites\/39\/2016\/04\/screen-shot-2016-04-17-at-12-09-07.png","_links":{"self":[{"href":"https:\/\/blogit.apu.fi\/anzionmukaan\/api\/wp\/v2\/posts\/347"}],"collection":[{"href":"https:\/\/blogit.apu.fi\/anzionmukaan\/api\/wp\/v2\/posts"}],"about":[{"href":"https:\/\/blogit.apu.fi\/anzionmukaan\/api\/wp\/v2\/types\/post"}],"author":[{"embeddable":true,"href":"https:\/\/blogit.apu.fi\/anzionmukaan\/api\/wp\/v2\/users\/68"}],"replies":[{"embeddable":true,"href":"https:\/\/blogit.apu.fi\/anzionmukaan\/api\/wp\/v2\/comments?post=347"}],"version-history":[{"count":1,"href":"https:\/\/blogit.apu.fi\/anzionmukaan\/api\/wp\/v2\/posts\/347\/revisions"}],"predecessor-version":[{"id":1565,"href":"https:\/\/blogit.apu.fi\/anzionmukaan\/api\/wp\/v2\/posts\/347\/revisions\/1565"}],"wp:featuredmedia":[{"embeddable":true,"href":"https:\/\/blogit.apu.fi\/anzionmukaan\/api\/wp\/v2\/media\/349"}],"wp:attachment":[{"href":"https:\/\/blogit.apu.fi\/anzionmukaan\/api\/wp\/v2\/media?parent=347"}],"wp:term":[{"taxonomy":"category","embeddable":true,"href":"https:\/\/blogit.apu.fi\/anzionmukaan\/api\/wp\/v2\/categories?post=347"},{"taxonomy":"post_tag","embeddable":true,"href":"https:\/\/blogit.apu.fi\/anzionmukaan\/api\/wp\/v2\/tags?post=347"}],"curies":[{"name":"wp","href":"https:\/\/api.w.org\/{rel}","templated":true}]}}