{"id":1720,"date":"2020-07-01T13:52:13","date_gmt":"2020-07-01T10:52:13","guid":{"rendered":"https:\/\/blogit.apu.fi\/koponen\/?p=1720"},"modified":"2020-07-02T09:45:31","modified_gmt":"2020-07-02T06:45:31","slug":"sopeutuvat","status":"publish","type":"post","link":"https:\/\/blogit.apu.fi\/koponen\/sopeutuvat\/","title":{"rendered":"Sopeutuvat"},"content":{"rendered":"<p>Politiikka Ven\u00e4j\u00e4ll\u00e4 ei ole mit\u00e4\u00e4n viinin lipittely\u00e4 tai edes rankkaa vodkan kittaamista &#8211; vaan sotaa.<br \/>\nN\u00e4in arvioi politiikan tutkija<strong> Kirill Rogov<\/strong> blogissaan.<\/p>\n<p><img decoding=\"async\" loading=\"lazy\" class=\"alignnone size-full wp-image-1719\" src=\"https:\/\/blogit-cdn.a-lehdet.fi\/uploads\/sites\/46\/2020\/07\/img_2725.jpg\" alt=\"\" width=\"1114\" height=\"698\" srcset=\"https:\/\/blogit-cdn.a-lehdet.fi\/uploads\/sites\/46\/2020\/07\/img_2725.jpg 1114w, https:\/\/blogit-cdn.a-lehdet.fi\/uploads\/sites\/46\/2020\/07\/img_2725-300x188.jpg 300w, https:\/\/blogit-cdn.a-lehdet.fi\/uploads\/sites\/46\/2020\/07\/img_2725-768x481.jpg 768w, https:\/\/blogit-cdn.a-lehdet.fi\/uploads\/sites\/46\/2020\/07\/img_2725-1024x642.jpg 1024w\" sizes=\"(max-width: 1114px) 100vw, 1114px\" \/><\/p>\n<p>Ven\u00e4j\u00e4ll\u00e4 politiikan nykyinen tila on tullut selv\u00e4ksi, kun ihmisille on tarjottu kolmen ruokalajin ateriaa, ja kysytty sivulauseessa eik\u00f6 bor\u0161t\u0161-keitto maistu.<\/p>\n<p>Kuten Ven\u00e4j\u00e4n presidentti itse sanoo: jos nyt ei \u00e4\u00e4nestett\u00e4isi, alettaisiin kohta jokaisella v\u00e4h\u00e4nk\u00e4\u00e4n poliittisesti merkitt\u00e4v\u00e4ll\u00e4 taholla mietti\u00e4 h\u00e4nen seuraajaansa.<\/p>\n<div class=\"entry-content-asset aspect-16by9\"><iframe loading=\"lazy\" title=\"\u041d\u043e\u0432\u0430\u044f \u041a\u043e\u043d\u0441\u0442\u0438\u0442\u0443\u0446\u0438\u044f \u041f\u0443\u0442\u0438\u043d\u0430. \u041c\u0438\u0445\u0430\u0438\u043b \u0424\u0438\u0448\u043c\u0430\u043d \u043e \u0442\u043e\u043c, \u043a\u0442\u043e \u00ab\u0440\u044b\u0441\u043a\u0430\u0435\u0442\u00bb \u0433\u043b\u0430\u0437\u0430\u043c\u0438 \u0432 \u043f\u043e\u0438\u0441\u043a\u0430\u0445 \u043f\u0440\u0435\u0435\u043c\u043d\u0438\u043a\u0430\" width=\"500\" height=\"281\" src=\"https:\/\/www.youtube.com\/embed\/GeCnyBcZugg?start=126&#038;feature=oembed\" frameborder=\"0\" allow=\"accelerometer; autoplay; clipboard-write; encrypted-media; gyroscope; picture-in-picture; web-share\" allowfullscreen><\/iframe><\/div>\n<p>Ven\u00e4j\u00e4ll\u00e4 on \u00e4\u00e4nestetty jo viikon ajan perustuslakimuutosta, joka mahdollistaa presidentti <strong>Vladimir Putinin<\/strong> jatkokaudet. \u00c4\u00e4nestys jatkuu 1. p\u00e4iv\u00e4 hein\u00e4kuuta kello 20 asti.<\/p>\n<p>K\u00e4yt\u00e4nn\u00f6ss\u00e4 nyky-Ven\u00e4j\u00e4 toimii vain, jos nykyinen presidentti jatkaa.<\/p>\n<p><em>\u201dTeht\u00e4v\u00e4 t\u00f6it\u00e4, ei etsitt\u00e4v\u00e4 seuraajaa<\/em>\u201d, Putin sanoo itsekin. H\u00e4nell\u00e4 on ollut toinen toistaan kansaa kosiskelevampia esityksi\u00e4 televisiossa.<\/p>\n<p>Johtajalle pelk\u00e4t luvut eiv\u00e4t ole t\u00e4rkeit\u00e4. H\u00e4n tekee kaikkensa, jotta n\u00e4ytt\u00e4isi silt\u00e4, ett\u00e4 enemmist\u00f6 tukee h\u00e4nt\u00e4.<\/p>\n<p>Mainiot politiikan tutkijat, riippumattomien kanavien toimittajat ja todellisen el\u00e4m\u00e4n huvittavat tapahtumat tekev\u00e4t Ven\u00e4j\u00e4n seuraamisesta kiinnostavaa.<\/p>\n<p>Ven\u00e4j\u00e4ll\u00e4 on aina ollut useampia &#8220;todellisuuksia&#8221;. <a rel=\"nofollow\" href=\"https:\/\/tvrain.ru\/teleshow\/notes\/pensionery_na_ves_golosa-511572\/\">Uutiskanava Do\u017ed on onnistunut p\u00e4ivitt\u00e4in esittelem\u00e4\u00e4n uusia oleellisia asioita aikana, jolloin muutoksista maan perustuslakiin vallitsee valtion tiedotusv\u00e4lineiden mukaan autuas yksimielisyys. <\/a><\/p>\n<p>Kanava on my\u00f6s osoittanut, ettei pelkk\u00e4 rikkomusten esittely ole kenenk\u00e4\u00e4n etu. Tavoitteena on vastuullinen journalismi, jollaisesta k\u00e4y esimerkiksi juttusarja s\u00e4hk\u00f6isen \u00e4\u00e4nest\u00e4misen v\u00e4\u00e4rink\u00e4yt\u00f6st\u00e4.<\/p>\n<div class=\"entry-content-asset aspect-16by9\"><iframe loading=\"lazy\" title=\"\u0412\u0442\u043e\u0440\u043e\u0435 \u043e\u0431\u0440\u0430\u0449\u0435\u043d\u0438\u0435 \u041d\u0435\u0432\u043b\u0430\u0434\u0438\u043c\u0438\u0440\u0430 \u041d\u0435\u0432\u043b\u0430\u0434\u0438\u043c\u0438\u0440\u043e\u0432\u0438\u0447\u0430 \u041d\u0435\u043f\u0443\u0442\u0438\u043d\u0430 \u043a \u043d\u0430\u0440\u043e\u0434\u0443 \/\/ \u0414\u043e\u0436\u0434\u044c\" width=\"500\" height=\"281\" src=\"https:\/\/www.youtube.com\/embed\/rHlZB_-nRWU?feature=oembed\" frameborder=\"0\" allow=\"accelerometer; autoplay; clipboard-write; encrypted-media; gyroscope; picture-in-picture; web-share\" allowfullscreen><\/iframe><\/div>\n<p>Propagandan vastapainoa on tietenkin huumori, jolla selvittiin Neuvostoliitossa Leonid Bre\u017enevin pys\u00e4htyneisyyden jakso 1980-luvulla. <a rel=\"nofollow\" href=\"https:\/\/memepedia.ru\/parodii-na-reklamu-popravok-v-konstituciyu-kak-otdelnyj-vid-iskusstva\/?fbclid=IwAR1TT7PUgJcbTdtuG1_B55zCEgP8JqDaXs92MWDqARdMnTEmvxryQMJyWZU\">Ven\u00e4j\u00e4l\u00e4iset nauravat ja itkev\u00e4t l\u00e4pi tiukkojen aikojen kuten ennenkin.<\/a><\/p>\n<div class=\"entry-content-asset \">\n<blockquote class=\"twitter-tweet\" data-width=\"500\" data-dnt=\"true\">\n<p lang=\"en\" dir=\"ltr\">Here\u2019s the full ad with subtitles: <a rel=\"nofollow\" href=\"https:\/\/t.co\/vpbVynJLBs\">pic.twitter.com\/vpbVynJLBs<\/a><\/p>\n<p>&mdash; Dylan Meisner (@DylMeisner) <a rel=\"nofollow\" href=\"https:\/\/twitter.com\/DylMeisner\/status\/1276622789013680128?ref_src=twsrc%5Etfw\">June 26, 2020<\/a><\/p><\/blockquote>\n<p><script async src=\"https:\/\/platform.twitter.com\/widgets.js\" charset=\"utf-8\"><\/script><\/div>\n<p><a rel=\"nofollow\" href=\"https:\/\/www.themoscowtimes.com\/2020\/06\/23\/russia-wields-memes-to-protest-putins-constitutional-reforms-a70670\">Internet tulvii hulvattomia videoita ja meemej\u00e4 kansalais\u00e4\u00e4nestyksest\u00e4.<\/a><\/p>\n<p><em>\u00c4\u00e4nest\u00e4 &#8211; nosta maamme parhaiden joukkoon! Senegalin ja Burundin rinnalle<\/em>:<\/p>\n<div class=\"fb-post\" data-href=\"https:\/\/www.facebook.com\/100002003204102\/posts\/3071586766251400\/?\" data-width=\"552\"><\/div>\n<p><strong>Kaikuja vuodelta 1937<\/strong><\/p>\n<p>Mutta samaan aikaan maan kulttuuripiireiss\u00e4 kuohuu, koska yksi sen valovoimaisimpia taiteilijoita, teatterinjohtaja ja ohjaaja <strong>Kirill Serebrennikov<\/strong> tuomittiin petoksesta. <a rel=\"nofollow\" href=\"https:\/\/yle.fi\/uutiset\/3-11419894\">H\u00e4nen katsottiin osallistuneen valtiolta saatujen avustusten kavallukseen.<\/a><\/p>\n<p>Tunnettu ohjaaja <strong>Andrei Zvjagintsev<\/strong> <a rel=\"nofollow\" href=\"https:\/\/fi.wikipedia.org\/wiki\/Leviathan_(elokuva)\">(Leviathan ym.)<\/a> tulistui juuri \u00e4\u00e4nestyksen alla tuomitun kollegansa\u00a0 puolesta.<\/p>\n<p><img decoding=\"async\" loading=\"lazy\" class=\"alignnone size-full wp-image-1726\" src=\"https:\/\/blogit-cdn.a-lehdet.fi\/uploads\/sites\/46\/2020\/07\/img_2738.jpg\" alt=\"\" width=\"1118\" height=\"662\" srcset=\"https:\/\/blogit-cdn.a-lehdet.fi\/uploads\/sites\/46\/2020\/07\/img_2738.jpg 1118w, https:\/\/blogit-cdn.a-lehdet.fi\/uploads\/sites\/46\/2020\/07\/img_2738-300x178.jpg 300w, https:\/\/blogit-cdn.a-lehdet.fi\/uploads\/sites\/46\/2020\/07\/img_2738-768x455.jpg 768w, https:\/\/blogit-cdn.a-lehdet.fi\/uploads\/sites\/46\/2020\/07\/img_2738-1024x606.jpg 1024w\" sizes=\"(max-width: 1118px) 100vw, 1118px\" \/><\/p>\n<p>\u201d<em>Kysymys on siit\u00e4, ett\u00e4 meilt\u00e4 kiellet\u00e4\u00e4n oma ajattelu siten kuin vapauden, luovuuden, uskalluksen ja tulevaisuuden vuoksi syntyneet ajattelevat. Meilt\u00e4 peitet\u00e4\u00e4n tulevaisuudenn\u00e4kym\u00e4t. Maa ilman tulevaisuudenn\u00e4kymi\u00e4 on tuhoon tuomittu.<\/em><\/p>\n<p><em>T\u00e4ss\u00e4 olisi uudelle <strong>Hieronymus Boschille<\/strong> maalauksen aihetta kerrakseen: maassa riehuu tappava tauti, joka niitt\u00e4\u00e4 maahan joka p\u00e4iv\u00e4 tuhansia ihmisi\u00e4. Samaan aikaa valtavat massat kasvonaamareissa \u00e4\u00e4nest\u00e4v\u00e4t monarkin ikuisen hallitsemisen puolesta &#8211; monarkin, joka istuu bunkkerissaan desinfioidun tunnelin p\u00e4\u00e4ss\u00e4. Kruunu on viruksen p\u00e4\u00e4ss\u00e4. T\u00e4llaisessa maassako me olemme haaveilleet asuvamme?<\/em>\u201d<\/p>\n<p><span class=\"oi732d6d ik7dh3pa d2edcug0 qv66sw1b c1et5uql a8c37x1j irj2b8pg enqfppq2 jq4qci2q a3bd9o3v knj5qynh oo9gr5id\">Kulttuuriv\u00e4en hermostuminen kuvaa yhteiskunnan tilaa laajemminkin. Ven\u00e4j\u00e4 on jo valmis diktaattorin vallan t\u00e4ydent\u00e4miseen, ja niin sanotulla perustuslain tarkistuksella on vaikea n\u00e4hd\u00e4 muuta tarkoitusta kuin vahvistaa johtajan asemaa, jota ei pid\u00e4 mink\u00e4\u00e4n uhan horjuttaa. Ei edes kuvitellun.<br \/>\n<\/span><\/p>\n<p><span class=\"oi732d6d ik7dh3pa d2edcug0 qv66sw1b c1et5uql a8c37x1j irj2b8pg enqfppq2 jq4qci2q a3bd9o3v knj5qynh oo9gr5id\">Suuri osa kansasta hyv\u00e4ksyy sen, ett\u00e4 heille tuntemattoman taiteilijan t\u00f6iden rahoittaminen lopetetaan eik\u00e4 heit\u00e4 haittaa vaikka samalla saadaan jarrutettua kaikkien taiteilijoiden intoa kokeilla ja tehd\u00e4 jotain toisella tavalla.<\/span><\/p>\n<p>\u00c4\u00e4nest\u00e4misen kanssa tilanne\u00a0 ei ole ihan yht\u00e4 lohduton &#8211; toistaiseksi.<\/p>\n<p><strong>Uusi normaali<\/strong><\/p>\n<p>Vaikuttaa kuitenkin silt\u00e4, ett\u00e4 hallinnollisin keinoin Ven\u00e4j\u00e4n johto ei en\u00e4\u00e4 saa riitt\u00e4v\u00e4sti \u00e4\u00e4nest\u00e4ji\u00e4 liikkeelle.<\/p>\n<p>Valtion propagandaan on k\u00e4ytetty kymmeni\u00e4 miljardeja. Kyse on itseasiassa pienest\u00e4 summasta, koska nyt valitaan diktaattorin lis\u00e4ksi my\u00f6s muuta v\u00e4ke\u00e4. Koko hallintomalli &#8211; putinismi, lep\u00e4\u00e4 johtajansa varassa.<\/p>\n<p>Koska pyrkimys sementoida valtion johdon asema on historiallinen, ei niin sanottujen vaalien seurauksille ole hintalappua.<\/p>\n<p>Tutkija <strong>Lilia \u0160evtsova<\/strong> muistuttaa historiassa olleen hetki\u00e4, jolloin hallitsijat ovat yritt\u00e4neet pys\u00e4ytt\u00e4\u00e4 ajan. Joskus he ovat onnistuneetkin ja sen takia kokonaisia sivilisaatioita on kuollut pois.<\/p>\n<p><em>\u201dEi kai sellaista voi sattua yhteiskunnassa, joka on osa globaalia yhteis\u00f6\u00e4.\u201d<\/em><\/p>\n<p>Kiinnostavinta onkin jo mietti\u00e4 sit\u00e4, miten \u00e4\u00e4nest\u00e4minen jatkuu Ven\u00e4j\u00e4ll\u00e4. Syksyll\u00e4 pidet\u00e4\u00e4n monia paikallisvaaleja.<\/p>\n<p>K\u00e4ytett\u00e4viss\u00e4 olevien tietojen perusteella voidaan p\u00e4\u00e4tell\u00e4, ett\u00e4 ennakkoon ovat \u00e4\u00e4nest\u00e4neet valveutuneet valtion ohjaukseen luottavat tai siit\u00e4 riippuvaiset.<\/p>\n<p>Tietenkin etuk\u00e4teen kerrottiin, ett\u00e4 kaikki p\u00e4\u00e4sev\u00e4t varmasti ilmaisemaan mielipiteens\u00e4: sanomaan kyll\u00e4 tai ei, mutta silti sirkus yll\u00e4tti kyyniset tarkkailijat.<\/p>\n<p><img decoding=\"async\" loading=\"lazy\" class=\"alignnone size-full wp-image-1712\" src=\"https:\/\/blogit-cdn.a-lehdet.fi\/uploads\/sites\/46\/2020\/07\/img_2599.jpg\" alt=\"\" width=\"862\" height=\"1138\" srcset=\"https:\/\/blogit-cdn.a-lehdet.fi\/uploads\/sites\/46\/2020\/07\/img_2599.jpg 862w, https:\/\/blogit-cdn.a-lehdet.fi\/uploads\/sites\/46\/2020\/07\/img_2599-227x300.jpg 227w, https:\/\/blogit-cdn.a-lehdet.fi\/uploads\/sites\/46\/2020\/07\/img_2599-768x1014.jpg 768w, https:\/\/blogit-cdn.a-lehdet.fi\/uploads\/sites\/46\/2020\/07\/img_2599-776x1024.jpg 776w\" sizes=\"(max-width: 862px) 100vw, 862px\" \/><\/p>\n<p>Vastaisuudessa Ven\u00e4j\u00e4ll\u00e4 haluttaisiin k\u00e4yd\u00e4 \u00e4\u00e4nestyksen toteuttamisesta avointa keskustelua.<\/p>\n<p>\u00c4\u00e4nest\u00e4misen s\u00e4\u00e4nt\u00f6j\u00e4 on Ven\u00e4j\u00e4ll\u00e4 rukattu lopputulosta silm\u00e4ll\u00e4 pit\u00e4en. Kahta kertaa ei ole voinut onnistua samoilla s\u00e4\u00e4nn\u00f6ill\u00e4.<\/p>\n<p>Nyt on todistettu, ett\u00e4 varsinkin monip\u00e4iv\u00e4isi\u00e4 vaaleja on vaikeaa &#8211; fyysisesti mahdotonta &#8211; valvoa.<\/p>\n<p>T\u00e4rkeint\u00e4 vaikuttaa olevan osallistumisprosentti. Seuraavaa liikett\u00e4 mietit\u00e4\u00e4n my\u00f6hemmin.<\/p>\n<p>Rogov kirjoittaa Facebookissaan:<\/p>\n<p><em>&#8220;Ei ole niin t\u00e4rke\u00e4\u00e4, mit\u00e4 \u00e4\u00e4nest\u00e4tte, vaan mink\u00e4 menettelyn mukaan. Se onkin t\u00e4ysin huijausta, neuvosto\u00e4\u00e4nestys, jossa teit\u00e4 voidaan huijata vaikkapa s\u00e4hk\u00f6isesti, tai penkill\u00e4 istuen, tai auton tavaras\u00e4ili\u00f6ss\u00e4, tai kotona. Se on ja tulee olemaan uusi normaali.<\/em><\/p>\n<p><em>T\u00e4m\u00e4 ei ole edes sanojen tarina, vaan diktaattorin tarina: millainen h\u00e4n on, miten muuttuu ulkon\u00e4k\u00f6 ja plastiikka, mik\u00e4 taas ei muutu.&#8221;<\/em><\/p>\n<div class=\"entry-content-asset aspect-16by9\"><iframe loading=\"lazy\" width=\"500\" height=\"281\" src=\"https:\/\/www.youtube.com\/embed\/pSu-C87M4oA?feature=oembed\" frameborder=\"0\" allow=\"accelerometer; autoplay; encrypted-media; gyroscope; picture-in-picture\" allowfullscreen><\/iframe><\/div>\n<p><strong>Paluu perestroikkaan<\/strong><\/p>\n<p>Edellisten 20 vuoden aikana vaalit eiv\u00e4t ole kertoneet koko kuvaa ihmisten mielialoista. Todenn\u00e4k\u00f6isesti \u00e4\u00e4nestysluvut ovat korkeita, mutta niihin voidaan suhtautua ep\u00e4illen \u2013 kuten aina.<\/p>\n<p>Asiantuntijoiden n\u00e4kemykset ovat tietenkin varovaisia. Ehk\u00e4 kolmannes \u00e4\u00e4nest\u00e4jist\u00e4 antaa tukensa presidentille. Osa ihmisist\u00e4 on varmasti vasta ihan viime hetkill\u00e4 ymm\u00e4rt\u00e4nyt, ett\u00e4 he antavat \u00e4\u00e4nens\u00e4 elinik\u00e4iselle presidentille.<\/p>\n<p>Region-Expert -sivuston p\u00e4\u00e4toimittaja <strong>Vadim Shtepa<\/strong> arvioi kirjoituksessaan sit\u00e4: &#8220;Onnistuuko Bre\u017enevin perustuslain palautus?&#8221;<\/p>\n<p><em>\u201dVen\u00e4j\u00e4n eri alueilla lis\u00e4\u00e4ntyy oikeutettu tarve saada valita alueen oma johto itse paikallisesti. Nykyinen Kremlin valitsema johto eli kuvern\u00f6\u00f6rit ei eroa mitenk\u00e4\u00e4n Bre\u017enevin aikojen tavasta sijoittaa alueille \u00b4ensimm\u00e4iset sihteerit\u00b4. Meid\u00e4n aikamme kansalaiset eiv\u00e4t oikein sulata t\u00e4t\u00e4. Putin on kuitenkin itse luomansa j\u00e4rjestelm\u00e4n vanki. H\u00e4n ei voi sallia vapaita vaaleja ja todellista federalismia, koska silloin h\u00e4nen \u00b4vertikaalinsa\u00b4[kuvitteellinen] hajoaisi. Yritt\u00e4ess\u00e4\u00e4n tehd\u00e4 hallinnostaan \u00b4ikuisen\u00b4 h\u00e4n ohjelmoi itse yhteiskuntaan \u00b4uuden perestroikan\u00b4 odotuksen.<\/em>\u201d<\/p>\n<div class=\"entry-content-asset \">\n<blockquote class=\"wp-embedded-content\" data-secret=\"29OSZDxIrg\"><p><a rel=\"nofollow\" href=\"https:\/\/icds.ee\/ru\/poluchitsja-li-u-putina-remejk-brezhnevs\/\">\u041f\u043e\u043b\u0443\u0447\u0438\u0442\u0441\u044f \u043b\u0438 \u0443 \u041f\u0443\u0442\u0438\u043d\u0430 \u0440\u0435\u043c\u0435\u0439\u043a \u0431\u0440\u0435\u0436\u043d\u0435\u0432\u0441\u043a\u043e\u0439 \u043a\u043e\u043d\u0441\u0442\u0438\u0442\u0443\u0446\u0438\u0438?<\/a><\/p><\/blockquote>\n<p><iframe class=\"wp-embedded-content\" sandbox=\"allow-scripts\" security=\"restricted\" style=\"position: absolute; clip: rect(1px, 1px, 1px, 1px);\" src=\"https:\/\/icds.ee\/ru\/poluchitsja-li-u-putina-remejk-brezhnevs\/embed\/#?secret=29OSZDxIrg\" data-secret=\"29OSZDxIrg\" width=\"500\" height=\"282\" title=\"\u00ab\u041f\u043e\u043b\u0443\u0447\u0438\u0442\u0441\u044f \u043b\u0438 \u0443 \u041f\u0443\u0442\u0438\u043d\u0430 \u0440\u0435\u043c\u0435\u0439\u043a \u0431\u0440\u0435\u0436\u043d\u0435\u0432\u0441\u043a\u043e\u0439 \u043a\u043e\u043d\u0441\u0442\u0438\u0442\u0443\u0446\u0438\u0438?\u00bb &#8212; ICDS\" frameborder=\"0\" marginwidth=\"0\" marginheight=\"0\" scrolling=\"no\"><\/iframe><\/div>\n<p>Vaalivilpin paljastaminen on t\u00e4ll\u00e4 kertaa vaikeampaa. Mutta toisaalta aiemmin ei my\u00f6sk\u00e4\u00e4n ole julkaistu samaan tahtiin ennakkokyselyj\u00e4 \u00e4\u00e4nestysvilkkaudesta.<\/p>\n<p>Valtiollisen tutkimuskeskuksen tekem\u00e4n kyselyn mukaan valtaosa ven\u00e4l\u00e4isist\u00e4 tukee muutoksia perustuslakiin. 163\u2009000 \u00e4\u00e4nest\u00e4j\u00e4n parissa tehdyn kyselyn mukaan 76 prosenttia vastaajista tukisi lakimuutosta.<\/p>\n<p><img decoding=\"async\" loading=\"lazy\" class=\"alignnone size-full wp-image-1729\" src=\"https:\/\/blogit-cdn.a-lehdet.fi\/uploads\/sites\/46\/2020\/07\/img_2528.jpg\" alt=\"\" width=\"1122\" height=\"1115\" srcset=\"https:\/\/blogit-cdn.a-lehdet.fi\/uploads\/sites\/46\/2020\/07\/img_2528.jpg 1122w, https:\/\/blogit-cdn.a-lehdet.fi\/uploads\/sites\/46\/2020\/07\/img_2528-150x150.jpg 150w, https:\/\/blogit-cdn.a-lehdet.fi\/uploads\/sites\/46\/2020\/07\/img_2528-300x298.jpg 300w, https:\/\/blogit-cdn.a-lehdet.fi\/uploads\/sites\/46\/2020\/07\/img_2528-768x763.jpg 768w, https:\/\/blogit-cdn.a-lehdet.fi\/uploads\/sites\/46\/2020\/07\/img_2528-1024x1018.jpg 1024w\" sizes=\"(max-width: 1122px) 100vw, 1122px\" \/><\/p>\n<p>Vaihtoehtoisen, puhelinhaastatteluihin perustuvan oman kyselyn tehneen ryhm\u00e4n mukaan perustuslain muutokset eiv\u00e4t ole sittenk\u00e4\u00e4n mik\u00e4\u00e4n l\u00e4pihuutojuttu.<\/p>\n<p><strong>\u201dVastaan enemm\u00e4n kuin puolesta \u201d<\/strong><\/p>\n<p>Sosiologi <strong>Sergei Balanovski<\/strong> <a rel=\"nofollow\" href=\"https:\/\/www.forbes.ru\/obshchestvo\/403897-kak-rossiyane-dumayut-o-popravkah-k-konstitucii?fbclid=IwAR0saZRdh9OdP8nMY93dq_ab4jJw_YFQMRYNSFddGawqo86LmiPnnQLONQk\">kertoo Facebook-sivullaan j\u00e4tt\u00e4neens\u00e4 pyynn\u00f6st\u00e4 yhden lauseen pois Forbes-lehdess\u00e4 julkaistusta artikkelistaan:<\/a><\/p>\n<p>\u201d<em>Vaikka moni kansan\u00e4\u00e4nestykseen osallistuva antaa \u00e4\u00e4nens\u00e4 koko uudistuspaketin puolesta, virkakausien nollaaminen ja presidentin valtaoikeuksien laajentaminen eiv\u00e4t saa v\u00e4ltt\u00e4m\u00e4tt\u00e4 edes ehdotonta enemmist\u00f6\u00e4 puolelleen. Jos niist\u00e4 \u00e4\u00e4nestett\u00e4isiin erikseen, ne eiv\u00e4t menisi l\u00e4pi. Juuri siksi ne ovat osa kokonaispakettia.<\/em>\u201d<\/p>\n<p><img decoding=\"async\" loading=\"lazy\" class=\"alignnone size-full wp-image-1716\" src=\"https:\/\/blogit-cdn.a-lehdet.fi\/uploads\/sites\/46\/2020\/07\/img_2699.jpg\" alt=\"\" width=\"1125\" height=\"627\" srcset=\"https:\/\/blogit-cdn.a-lehdet.fi\/uploads\/sites\/46\/2020\/07\/img_2699.jpg 1125w, https:\/\/blogit-cdn.a-lehdet.fi\/uploads\/sites\/46\/2020\/07\/img_2699-300x167.jpg 300w, https:\/\/blogit-cdn.a-lehdet.fi\/uploads\/sites\/46\/2020\/07\/img_2699-768x428.jpg 768w, https:\/\/blogit-cdn.a-lehdet.fi\/uploads\/sites\/46\/2020\/07\/img_2699-1024x571.jpg 1024w\" sizes=\"(max-width: 1125px) 100vw, 1125px\" \/><\/p>\n<p>Tutkija <strong>Jekaterina \u0160ulman<\/strong> muistuttaa, ett\u00e4 Balanovskin tutkimuksessa kyse ei ole taikatempusta, vaan satunnaisotannalla valituista ryhmist\u00e4, jotka edustavat eri sukupuolia, ik\u00e4ryhmi\u00e4 ja alueita, yhteens\u00e4 1267 henke\u00e4. Kyselyn toiseen osaan, joka koski eri uudistuksia, vastasi 584 henke\u00e4.<\/p>\n<p>&#8220;<em>Voidaan olettaa, ett\u00e4 nuo ihmiset ovat tiedostavampia ja poliittisesti motivoituneita: on monimutkaisempaa t\u00e4ytt\u00e4\u00e4 lomake netiss\u00e4 kuin vastailla puhelimitse esitettyihin kysymyksiin. Kokonaisuus vastaa sosiologien oletuksia: vastaan on enemm\u00e4n kuin puolesta.<\/em>&#8221;<\/p>\n<p>\u00c4\u00e4nestyksen j\u00e4rjest\u00e4jillekin luvut olivat jo etuk\u00e4teen tiedossa. Juuri siksi \u00e4\u00e4nestyksen s\u00e4\u00e4nn\u00f6t laadittiin t\u00e4ll\u00e4 tavoin: muuten ei olisi satu toivottua tulosta.<\/p>\n<p>Kantansa p\u00e4\u00e4tt\u00e4neist\u00e4 uudistuksia vastaan siis 32 % ja niiden puolesta 28 %. Yhteens\u00e4 60 %. 25 % vastaajista ei osannut sanoa kantaansa ja 15 % oli p\u00e4\u00e4tt\u00e4nyt j\u00e4tt\u00e4\u00e4 \u00e4\u00e4nest\u00e4m\u00e4tt\u00e4.<\/p>\n<p><img decoding=\"async\" loading=\"lazy\" class=\"alignnone size-full wp-image-1730\" src=\"https:\/\/blogit-cdn.a-lehdet.fi\/uploads\/sites\/46\/2020\/07\/img_2739.jpg\" alt=\"\" width=\"1021\" height=\"685\" srcset=\"https:\/\/blogit-cdn.a-lehdet.fi\/uploads\/sites\/46\/2020\/07\/img_2739.jpg 1021w, https:\/\/blogit-cdn.a-lehdet.fi\/uploads\/sites\/46\/2020\/07\/img_2739-300x201.jpg 300w, https:\/\/blogit-cdn.a-lehdet.fi\/uploads\/sites\/46\/2020\/07\/img_2739-768x515.jpg 768w\" sizes=\"(max-width: 1021px) 100vw, 1021px\" \/><\/p>\n<p>Vaalien varmistamiseksi Ven\u00e4j\u00e4n perustuslakiin kirjattiin kummallisuuksia. Samaan malliin eteni \u00e4\u00e4nest\u00e4minenkin.<br \/>\nVaaliuurnia on joka paikassa: porttikongeissa, internetiss\u00e4. Virkailijan voi pyyt\u00e4\u00e4 kotiin.<\/p>\n<p>Syyksi kotona \u00e4\u00e4nest\u00e4miseen riitt\u00e4\u00e4 vanhuus. Onpa raportoitu siit\u00e4kin, ett\u00e4 kotiinsa on voinut saada vaaliuurnan, vaikka ei olisi sit\u00e4 pyyt\u00e4nytk\u00e4\u00e4n.<\/p>\n<p>\u201d<em>\u00c4\u00e4nest\u00e4k\u00e4\u00e4 &#8211; ei haittaa vaikka ilmestytte paikalle ilman passia. Setvit\u00e4\u00e4n my\u00f6hemmin.<\/em>\u201d<\/p>\n<p>Ihmiset \u00e4\u00e4nest\u00e4v\u00e4t koko perheen puolesta.<\/p>\n<p>Alueilla voidaan \u00e4\u00e4nest\u00e4\u00e4 my\u00f6s joistakin omista asioista. Volgogradissa kysyt\u00e4\u00e4n kellojen siirt\u00e4misest\u00e4.Toisilla alueilla annetaan alennuslippuja kauppoihin ja jotkut vetoavat \u00e4\u00e4nest\u00e4jiin arpajaisilla, joissa palkintoina on autoja ja puhelimia.<\/p>\n<p><img decoding=\"async\" loading=\"lazy\" class=\"alignnone size-full wp-image-1711\" src=\"https:\/\/blogit-cdn.a-lehdet.fi\/uploads\/sites\/46\/2020\/07\/img_2587.jpg\" alt=\"\" width=\"1099\" height=\"1155\" srcset=\"https:\/\/blogit-cdn.a-lehdet.fi\/uploads\/sites\/46\/2020\/07\/img_2587.jpg 1099w, https:\/\/blogit-cdn.a-lehdet.fi\/uploads\/sites\/46\/2020\/07\/img_2587-285x300.jpg 285w, https:\/\/blogit-cdn.a-lehdet.fi\/uploads\/sites\/46\/2020\/07\/img_2587-768x807.jpg 768w, https:\/\/blogit-cdn.a-lehdet.fi\/uploads\/sites\/46\/2020\/07\/img_2587-974x1024.jpg 974w\" sizes=\"(max-width: 1099px) 100vw, 1099px\" \/><\/p>\n<p>Kun \u00e4\u00e4nestykseen liittyv\u00e4\u00e4 kuvamateriaalia katselee matkan p\u00e4\u00e4st\u00e4, kuten min\u00e4 Suomessa, voi hyvin havaita sen, kuinka vuoden 1945 yhdist\u00e4misess\u00e4 \u00e4\u00e4nest\u00e4miseen vuonna 2020 on onnistuttu; Perinteisten arvojen yll\u00e4pit\u00e4minen n\u00e4ytt\u00e4\u00e4 sopivan monelle yht\u00e4 hyvin kuin jumalan lis\u00e4\u00e4minen perustuslakiin: avioliitto on miehen ja naisen liitto \u2013 LGBT on l\u00e4nnen juoni.<\/p>\n<p>(<a rel=\"nofollow\" href=\"https:\/\/www.youtube.com\/watch?v=dvx5PqYRARs&amp;t=20s\">Videossa lyhyesti Ven\u00e4j\u00e4n muutoksista englanniksi<\/a>.)<\/p>\n<p>\u201d<em>Ilmapiiri Ven\u00e4j\u00e4ll\u00e4 huononee joka p\u00e4iv\u00e4<\/em>\u201d, arvioi poliitikko <strong>Leonid Gozman<\/strong>. Perustuslailla ei ole k\u00e4yt\u00e4nn\u00f6n merkityst\u00e4. Tavallinen ihminen ei el\u00e4 sen mukaan.<\/p>\n<p>Kyse ei ole edes siit\u00e4, miten vallanpit\u00e4j\u00e4t legitimoivat oman asemansa vaan siit\u00e4, ett\u00e4 miljoonat eri mielt\u00e4 olevat ymm\u00e4rt\u00e4isiv\u00e4t olevansa v\u00e4hemmist\u00f6ss\u00e4. Siksi on t\u00e4rke\u00e4\u00e4 \u00e4\u00e4nestytt\u00e4\u00e4 kansaa.<\/p>\n<p><img decoding=\"async\" loading=\"lazy\" class=\"alignnone size-full wp-image-1727\" src=\"https:\/\/blogit-cdn.a-lehdet.fi\/uploads\/sites\/46\/2020\/07\/img_2513.jpg\" alt=\"\" width=\"1125\" height=\"993\" srcset=\"https:\/\/blogit-cdn.a-lehdet.fi\/uploads\/sites\/46\/2020\/07\/img_2513.jpg 1125w, https:\/\/blogit-cdn.a-lehdet.fi\/uploads\/sites\/46\/2020\/07\/img_2513-300x265.jpg 300w, https:\/\/blogit-cdn.a-lehdet.fi\/uploads\/sites\/46\/2020\/07\/img_2513-768x678.jpg 768w, https:\/\/blogit-cdn.a-lehdet.fi\/uploads\/sites\/46\/2020\/07\/img_2513-1024x904.jpg 1024w\" sizes=\"(max-width: 1125px) 100vw, 1125px\" \/><a rel=\"nofollow\" href=\"https:\/\/echo.msk.ru\/blog\/leonid_gozman\/2668509-echo\/\">Valtaa pit\u00e4v\u00e4t ymm\u00e4rsiv\u00e4t vuosi sitten, ett\u00e4 eiv\u00e4t en\u00e4\u00e4 voi voittaa vaaleissa<\/a>. Kun \u00e4\u00e4nest\u00e4misest\u00e4 on tehty helppoa, ovat my\u00f6s rikkomukset paitsi mahdollisimpia my\u00f6s todenn\u00e4k\u00f6isi\u00e4. (Esimerkiksi mahdollisuus kahteen kertaan \u00e4\u00e4nest\u00e4misen on osoitus j\u00e4rjestelm\u00e4n heikkouksista.)<\/p>\n<p>Viime vuonna valtaa pit\u00e4v\u00e4t joutuivat antamaan periksi oppositiolle paikallisvaaleissa muun muassa Moskovassa.<\/p>\n<p>\u201d<em>\u00c4\u00e4nestyst\u00e4 ei j\u00e4rjestettyk\u00e4\u00e4n uudistusten hyv\u00e4ksymist\u00e4 varten. Ei siihen \u00e4\u00e4nestyst\u00e4 tarvittu. Se oli propagandistinen toimi ja suunnattu niille kymmenille miljoonille, jotka ovat v\u00e4syneit\u00e4 Putiniin ja haluavat muutosta, ovat saaneet tarpeekseen. Heid\u00e4t piti vakuuttaa siit\u00e4, ett\u00e4 enemmist\u00f6 on Putinin puolella, ja heid\u00e4n siis v\u00e4synein\u00e4 ja erimielisin\u00e4 on istuttava kiltisti ja oltava kiitollisia siit\u00e4, ett\u00e4 heid\u00e4n annetaan hengitt\u00e4\u00e4.<\/em>\u201d<\/p>\n<p>Gozmanin mukaan ihmisi\u00e4 valmistellaan kohtaamaan valtiovallan toimet, joilla kavennetaan monia kansalaisten oikeuksia. Poliitikko ei usko, ett\u00e4 parlamentin alahuoneen vaaleja aiotaan edes j\u00e4rjest\u00e4\u00e4.<\/p>\n<p><strong>\u201dHiipiv\u00e4 t\u0161et\u0161enisaatio\u201d<\/strong><\/p>\n<p>Poliittista huoraamista, sanovat vastustajat, kun monia suuria yleis\u00f6\u00e4 ker\u00e4\u00e4vi\u00e4 some-t\u00e4hti\u00e4 on ostettu mukaan propagoimaan niin sanottua kansalais\u00e4\u00e4nestyst\u00e4. Tunnetut n\u00e4yttelij\u00e4t kertovat velvollisuudestaan maataan ja sen johtajaa kohtaan.<\/p>\n<p><a rel=\"nofollow\" href=\"https:\/\/www.1tv.ru\/news\/2020-06-29\/388528-tret_rossiyskih_izbirateley_uzhe_sdelali_vybor_po_voprosu_vneseniya_izmeneniy_v_konstitutsiyu\">Valtakunnallisissa television uutisissa kerrotaan siit\u00e4, kuinka monet julkkikset \u00e4\u00e4nest\u00e4v\u00e4t:<\/a> <strong>Sergei Garma\u0161<\/strong> tulee \u00e4\u00e4nest\u00e4m\u00e4\u00e4n suoraan teatterista. Samoin <strong>Vera Alentova<\/strong> ja <strong>Vladimir Meny\u0161ov<\/strong>.<\/p>\n<p>\u201d<em>Asun t\u00e4ss\u00e4 maassa. Rakastan sit\u00e4. Miksi en \u00e4\u00e4nest\u00e4isi?<\/em>\u201d<\/p>\n<p>Suomalainen \u00e4\u00e4nestyksen seuraajaksi kutsuttu tarkkailija arvioi Ven\u00e4j\u00e4n perustuslakimuutoksia koskevaa \u00e4\u00e4nestyst\u00e4 valtiollisen uutistoimisto Rian jutussa:<\/p>\n<p>\u201d<em>Suomalainen politiikan tutkija, ihmisoikeuspuolustaja, Helsingin yliopiston dosentti ja <a rel=\"nofollow\" href=\"https:\/\/ria.ru\/20200629\/1573635233.html\">kansainv\u00e4lisen tarkkailijakomitean j\u00e4sen Johan B\u00e4ckman lausuu toimittajalle,<\/a> ett\u00e4 \u00e4\u00e4nestys on j\u00e4rjestetty eritt\u00e4in hyvin pandemian aikaisissa poikkeusoloissa. Kansalaisten turvallisuus on otettu t\u00e4ydellisesti huomioon. Kaikki perustuslakiuudistusta koskeva informaatio on avoimesti saatavilla, ja jokainen \u00e4\u00e4nestyspaikan toimihenkil\u00f6 tiet\u00e4\u00e4 teht\u00e4v\u00e4ns\u00e4. B\u00e4ckman sanoo olevansa varma, ett\u00e4 Ven\u00e4j\u00e4n kansan \u00e4\u00e4ni tulee kuulluksi t\u00e4ss\u00e4 \u00e4\u00e4nestyksess\u00e4, jolla on \u00e4\u00e4rimm\u00e4isen t\u00e4rke\u00e4 merkitys my\u00f6s koko maailmalle, vaikkakin se vahvistaa juuri ven\u00e4l\u00e4ist\u00e4 demokratiaa ja tekee siit\u00e4 l\u00e4pin\u00e4kyv\u00e4mm\u00e4n. Tarkkailija ei n\u00e4e mit\u00e4\u00e4n ongelmia \u00e4\u00e4nestyksess\u00e4 lukuun ottamatta \u201djoitakin russofobian ilmentymi\u00e4, joita esiintyy ulkomaisissa tiedotusv\u00e4lineiss\u00e4<\/em>\u201d.<\/p>\n<p><img decoding=\"async\" loading=\"lazy\" class=\"alignnone size-full wp-image-1713\" src=\"https:\/\/blogit-cdn.a-lehdet.fi\/uploads\/sites\/46\/2020\/07\/img_2635.jpg\" alt=\"\" width=\"1090\" height=\"644\" srcset=\"https:\/\/blogit-cdn.a-lehdet.fi\/uploads\/sites\/46\/2020\/07\/img_2635.jpg 1090w, https:\/\/blogit-cdn.a-lehdet.fi\/uploads\/sites\/46\/2020\/07\/img_2635-300x177.jpg 300w, https:\/\/blogit-cdn.a-lehdet.fi\/uploads\/sites\/46\/2020\/07\/img_2635-768x454.jpg 768w, https:\/\/blogit-cdn.a-lehdet.fi\/uploads\/sites\/46\/2020\/07\/img_2635-1024x605.jpg 1024w\" sizes=\"(max-width: 1090px) 100vw, 1090px\" \/><\/p>\n<p>Uutisl\u00e4hetykset ovat vain Ven\u00e4j\u00e4n virallisen n\u00e4kemyksen peili. \u00c4\u00e4nestysten \u201dt\u0161et\u0161enisaatio\u201d on viel\u00e4 jonkun matkan p\u00e4\u00e4ss\u00e4, mutta samalla n\u00e4ytt\u00e4\u00e4 silt\u00e4, ett\u00e4 illuusio yhten\u00e4isesti \u00e4\u00e4nest\u00e4vist\u00e4 ven\u00e4j\u00e4l\u00e4isist\u00e4 ei pid\u00e4 ollenkaan. <a rel=\"nofollow\" href=\"https:\/\/echo.msk.ru\/blog\/oreshkin\/2667819-echo\/\">Politiikan tutkija Dmitri Ore\u0161kin:<\/a><\/p>\n<p>\u201d<em>Hiipiv\u00e4 &#8216;t\u0161et\u0161enisaatio&#8217; on vain yksi heikentymisen ilmenemismuoto. Jos j\u00e4tt\u00e4ytyy t\u00e4m\u00e4n ik\u00e4v\u00e4n prosessin ulkopuolelle, se saattaa tuoda mukanaan illuusion siit\u00e4, ett\u00e4 on pystynyt henkil\u00f6kohtaisesti olemaan osallistumatta, mutta todellisuudessa se poistaa viimeisetkin jarrut sy\u00f6ksyss\u00e4 vuorenrinnett\u00e4 alas.<\/em>\u201d<\/p>\n<p><strong>Ramzan Kadyrovin<\/strong> T\u0161et\u0161enia voi olla jo l\u00e4hemp\u00e4n\u00e4 meit\u00e4 kuin osaamme ajatella.<\/p>\n<p>Pienen nuken k\u00e4dess\u00e4 <a rel=\"nofollow\" href=\"https:\/\/www.themoscowtimes.com\/2020\/06\/23\/russia-investigates-toy-protests-against-vote-on-putins-term-limits-a70668\">olevassa kyltiss\u00e4 lukee: Vastustan!<\/a><\/p>\n<p><img decoding=\"async\" loading=\"lazy\" class=\"alignnone size-full wp-image-1710\" src=\"https:\/\/blogit-cdn.a-lehdet.fi\/uploads\/sites\/46\/2020\/07\/img_2544.jpg\" alt=\"\" width=\"1118\" height=\"746\" srcset=\"https:\/\/blogit-cdn.a-lehdet.fi\/uploads\/sites\/46\/2020\/07\/img_2544.jpg 1118w, https:\/\/blogit-cdn.a-lehdet.fi\/uploads\/sites\/46\/2020\/07\/img_2544-300x200.jpg 300w, https:\/\/blogit-cdn.a-lehdet.fi\/uploads\/sites\/46\/2020\/07\/img_2544-768x512.jpg 768w, https:\/\/blogit-cdn.a-lehdet.fi\/uploads\/sites\/46\/2020\/07\/img_2544-1024x683.jpg 1024w\" sizes=\"(max-width: 1118px) 100vw, 1118px\" \/><\/p>\n","protected":false},"excerpt":{"rendered":"<p>Politiikka Ven\u00e4j\u00e4ll\u00e4 ei ole mit\u00e4\u00e4n viinin lipittely\u00e4 tai edes rankkaa vodkan kittaamista&hellip;<\/p>\n","protected":false},"author":71,"featured_media":1706,"comment_status":"open","ping_status":"open","sticky":false,"template":"","format":"standard","meta":{"footnotes":""},"categories":[1],"tags":[512,513,508,493,514,509,166,511,510,187,480,250,258,353,371],"acf":[],"platta":{"numLikes":0,"numComments":0,"category":"puheenaiheet","themes":["venaja"],"commercial_partner":null,"thumbnail":"https:\/\/blogit-cdn.a-lehdet.fi\/uploads\/sites\/46\/2020\/06\/img_2478.jpg","blog_id":46},"jetpack_featured_media_url":"https:\/\/blogit-cdn.a-lehdet.fi\/uploads\/sites\/46\/2020\/06\/img_2478.jpg","_links":{"self":[{"href":"https:\/\/blogit.apu.fi\/koponen\/api\/wp\/v2\/posts\/1720"}],"collection":[{"href":"https:\/\/blogit.apu.fi\/koponen\/api\/wp\/v2\/posts"}],"about":[{"href":"https:\/\/blogit.apu.fi\/koponen\/api\/wp\/v2\/types\/post"}],"author":[{"embeddable":true,"href":"https:\/\/blogit.apu.fi\/koponen\/api\/wp\/v2\/users\/71"}],"replies":[{"embeddable":true,"href":"https:\/\/blogit.apu.fi\/koponen\/api\/wp\/v2\/comments?post=1720"}],"version-history":[{"count":21,"href":"https:\/\/blogit.apu.fi\/koponen\/api\/wp\/v2\/posts\/1720\/revisions"}],"predecessor-version":[{"id":1752,"href":"https:\/\/blogit.apu.fi\/koponen\/api\/wp\/v2\/posts\/1720\/revisions\/1752"}],"wp:featuredmedia":[{"embeddable":true,"href":"https:\/\/blogit.apu.fi\/koponen\/api\/wp\/v2\/media\/1706"}],"wp:attachment":[{"href":"https:\/\/blogit.apu.fi\/koponen\/api\/wp\/v2\/media?parent=1720"}],"wp:term":[{"taxonomy":"category","embeddable":true,"href":"https:\/\/blogit.apu.fi\/koponen\/api\/wp\/v2\/categories?post=1720"},{"taxonomy":"post_tag","embeddable":true,"href":"https:\/\/blogit.apu.fi\/koponen\/api\/wp\/v2\/tags?post=1720"}],"curies":[{"name":"wp","href":"https:\/\/api.w.org\/{rel}","templated":true}]}}