{"id":2632,"date":"2021-01-20T17:42:47","date_gmt":"2021-01-20T15:42:47","guid":{"rendered":"https:\/\/blogit.apu.fi\/koponen\/?p=2632"},"modified":"2021-01-20T22:00:30","modified_gmt":"2021-01-20T20:00:30","slug":"bunkkeripappa-kihisee-raivosta","status":"publish","type":"post","link":"https:\/\/blogit.apu.fi\/koponen\/bunkkeripappa-kihisee-raivosta\/","title":{"rendered":"Bunkkeripappa kihisee raivosta"},"content":{"rendered":"<p>Ajatelkaa, jos teid\u00e4n hellim\u00e4nne yksityisyys raiskataan. Ven\u00e4j\u00e4n johtajan palatsi &#8211; Mustameren \u00e4\u00e4rell\u00e4 &#8211; on miljoonien (pian kymmenien) katsojien &#8221;omaisuutta&#8221;.<\/p>\n<p><img decoding=\"async\" loading=\"lazy\" class=\"alignnone size-full wp-image-2641\" src=\"https:\/\/blogit-cdn.a-lehdet.fi\/uploads\/sites\/46\/2021\/01\/nacc88yttocc88kuva-2021-1-20-kello-14-16-32.png\" alt=\"\" width=\"1200\" height=\"1068\"><\/p>\n<p>Navalnyin s\u00e4\u00e4ti\u00f6 teki suurimman ty\u00f6ns\u00e4 ja kutsui ihmiset kyl\u00e4\u00e4n.<\/p>\n<p>Rakennuksesta paljastuneet n\u00e4kym\u00e4t kertovat, ett\u00e4 Ven\u00e4j\u00e4n johtajalle on yhteist\u00e4 Yhdysvaltojen v\u00e4istyv\u00e4n presidentin kanssa se, ett\u00e4 molemmat ovat uskomattoman mauttomia.<\/p>\n<div class=\"fb-post\" data-href=\"https:\/\/www.facebook.com\/sergei.medvedev3\/posts\/10224948310523308\" data-width=\"552\"><\/div>\n<p>Pohjapiirroksista n\u00e4kyv\u00e4t niin vessojen kuin pistorasioiden sijainnit, ja ulkokuvissa esitell\u00e4\u00e4n muun muassa viinitehdas ja maan alle piilotettu j\u00e4\u00e4halli.<\/p>\n<p><a rel=\"nofollow\" href=\"https:\/\/www.svoboda.org\/a\/27335661.html\">Videon katsojille selvi\u00e4\u00e4 mit\u00e4 kummallisempia asioita valtavasta rakennuskokonaisuudesta ja kymmenien hehtaarien minivaltiosta<\/a>.<\/p>\n<p>(Video on tekstitetty englanniksi)<\/p>\n<div class=\"entry-content-asset aspect-16by9\"><iframe loading=\"lazy\" title=\"\u0414\u0432\u043e\u0440\u0435\u0446 \u0434\u043b\u044f \u041f\u0443\u0442\u0438\u043d\u0430. \u0418\u0441\u0442\u043e\u0440\u0438\u044f \u0441\u0430\u043c\u043e\u0439 \u0431\u043e\u043b\u044c\u0448\u043e\u0439 \u0432\u0437\u044f\u0442\u043a\u0438\" width=\"500\" height=\"281\" src=\"https:\/\/www.youtube.com\/embed\/ipAnwilMncI?feature=oembed\" frameborder=\"0\" allow=\"accelerometer; autoplay; clipboard-write; encrypted-media; gyroscope; picture-in-picture; web-share\" allowfullscreen><\/iframe><\/div>\n<p>Ven\u00e4j\u00e4n johtaja on linjansa valinnut. H\u00e4n opasti syksyll\u00e4 Valko-Ven\u00e4j\u00e4n johtajaa: v\u00e4kivalta ratkaisee.<\/p>\n<div class=\"entry-content-asset aspect-16by9\"><iframe loading=\"lazy\" title=\"\u041a\u0443\u0440\u0441 \u043d\u0430 \u0411\u0435\u043b\u0430\u0440\u0443\u0441\u044c: \u0447\u0442\u043e \u041f\u0443\u0442\u0438\u043d \u0443\u0436\u0435 \u043f\u043e\u0437\u0430\u0438\u043c\u0441\u0442\u0432\u043e\u0432\u0430\u043b \u0443 \u041b\u0443\u043a\u0430\u0448\u0435\u043d\u043a\u043e\" width=\"500\" height=\"281\" src=\"https:\/\/www.youtube.com\/embed\/Z5pPFCD4-1M?feature=oembed\" frameborder=\"0\" allow=\"accelerometer; autoplay; clipboard-write; encrypted-media; gyroscope; picture-in-picture; web-share\" allowfullscreen><\/iframe><\/div>\n<p>Politiikan tutkija <a rel=\"nofollow\" href=\"https:\/\/echo.msk.ru\/programs\/personalnovash\/2776820-echo\/\"><strong>Kirill Rogovin<\/strong> mukaan palatsi-videon julkaisu on vakava isku Ven\u00e4j\u00e4n johtajan imagolle<\/a>.<\/p>\n<p>Vaikka videolla kerrataan monia kauan julkisuudessa olleita asioita, ihmiset ovat kiinnostuneita valtionp\u00e4\u00e4miehen intiimimm\u00e4st\u00e4 puolesta. Rakastajattaresta voidaan korkeintaan julkaista kuva.<\/p>\n<p>YouTubessa katsojalaskin nakuttaa: keskiviikkona illansuussa katsojia oli yli 25 miljoonaa kertaa.<\/p>\n<p><img decoding=\"async\" loading=\"lazy\" class=\"alignnone size-full wp-image-2638\" src=\"https:\/\/blogit-cdn.a-lehdet.fi\/uploads\/sites\/46\/2021\/01\/nacc88yttocc88kuva-2021-1-20-kello-15-16-57.png\" alt=\"\" width=\"1200\" height=\"1200\"><\/p>\n<p>Videosta on jo tullut symboli yhteiskunnan hajoamisesta.<\/p>\n<p>Mik\u00e4\u00e4n raivoaminen Ven\u00e4j\u00e4n parlamentin alahuoneessa, duumassa ei en\u00e4\u00e4 muuta katsojien mielipiteit\u00e4: huijarit ja varkaat on paljastettu &#8211; taas.<\/p>\n<p>Duumassa oppositiopoliitikkoa haukkuneet kansanedustajat ylittiv\u00e4t itsens\u00e4 v\u00e4itt\u00e4m\u00e4ll\u00e4 parlamentin ulkopuolista oppositiota narkomaaneiksi ja prostituoiduiksi.<\/p>\n<p><a rel=\"nofollow\" href=\"https:\/\/www.rosbalt.ru\/russia\/2021\/01\/20\/1882958.html?utm_source=yxnews&amp;utm_medium=desktop&amp;utm_referrer=https%3A%2F%2Fyandex.ru%2Fnews%2Fsearch%3Ftext%3D\">Petturiksi haukkuminen on pient\u00e4.<\/a><\/p>\n<p>https:\/\/www.youtube.com\/watch?v=IJOuoyoMhj8<\/p>\n<p>Kuvaavaa nyky-Ven\u00e4j\u00e4lle on se, ett\u00e4 duumassa edustettuina olevien puolueiden johtajat eiv\u00e4t juurikaan kommentoineet Navalnyin tilannetta ennen istuntokauden avaamista.<\/p>\n<p><a rel=\"nofollow\" href=\"https:\/\/tvrain.ru\/teleshow\/vechernee_shou\/zjuganov_zhirinovskij_volodin_i_mironov_o_navalnom-522899\/?utm_source=yxnews&amp;utm_medium=desktop&amp;utm_referrer=https%3A%2F%2Fyandex.ru%2Fnews%2Fsearch%3Ftext%3D\">Mutta tiistaina monet puoluejohtajat antoivat palaa.<\/a><\/p>\n<p>Duumassa Yhten\u00e4isen Ven\u00e4j\u00e4n apupuolueena toimivan LDPR:n johtaja <strong>Vladimir \u017dirinovski<\/strong> <a rel=\"nofollow\" href=\"https:\/\/www.vedomosti.ru\/politics\/articles\/2021\/01\/19\/854692-gosduma-otkrila\">vihki melkein koko puheensa Navalnyille.<\/a><\/p>\n<p><img decoding=\"async\" loading=\"lazy\" class=\"alignnone size-full wp-image-2643\" src=\"https:\/\/blogit-cdn.a-lehdet.fi\/uploads\/sites\/46\/2021\/01\/nacc88yttocc88kuva-2021-1-20-kello-11-42-32.png\" alt=\"\" width=\"1200\" height=\"932\">\u017dirinovski kutsui vangittua poliitikkoa muun muassa &#8221;idioottien, sairaiden ihmisten ja seikkailijoiden johtajaksi&#8221; ja vaati Navalnyin vangitsemista elini\u00e4ksi tai p\u00e4\u00e4st\u00e4m\u00e4\u00e4n h\u00e4net l\u00e4htem\u00e4\u00e4n &#8221;ikuisesti&#8221;.<\/p>\n<p>R\u00e4yh\u00e4populistinen \u017dirinovski viittasi Ven\u00e4j\u00e4n johtajan <a rel=\"nofollow\" href=\"https:\/\/fi.wikipedia.org\/wiki\/Mihail_Hodorkovski\">vangitsemana vuosia olleeseen <strong>Mihail Hodorkovskiin<\/strong>.<\/a><\/p>\n<p>Oikeudenmukainen Ven\u00e4j\u00e4 -puolueen johtaja <strong>Sergei Mironov \u00a0<\/strong>oli nauhoittanut kommenttinsa. Toimituksiin l\u00e4hetetyll\u00e4 videolla h\u00e4n kutsui oppositiopoliitikkoa petturiksi ja nukeksi.<\/p>\n<p>Presidentin lehdist\u00f6sihteeri <strong>Dmitri Peskov<\/strong> on koettanut edelleen olla tiukka ja painottanut, ettei h\u00e4nen esimiehens\u00e4 <strong>Vladimir Putin<\/strong> pelk\u00e4\u00e4 Navalnya. Syntynyt tilanne on &#8221;t\u00e4ysin Ven\u00e4j\u00e4n sis\u00e4inen asia&#8221;.<\/p>\n<p><a rel=\"nofollow\" href=\"https:\/\/dailystorm.ru\/news\/u-putina-net-dvorca-peskov-prokommentiroval-novoe-video-navalnogo\">&#8221;<em>Voin sanoa suoraan, ett\u00e4 nyt soitetaan vanhaa levy\u00e4. Kerroimme jo vuosia sitten, ettei Putinille ole Gelend\u017eikiss\u00e4 palatsia.&#8221;<\/em><\/a><\/p>\n<p>Mutta unohtaako Kreml meemit?<\/p>\n<p><img decoding=\"async\" loading=\"lazy\" class=\"alignnone size-full wp-image-2642\" src=\"https:\/\/blogit-cdn.a-lehdet.fi\/uploads\/sites\/46\/2021\/01\/nacc88yttocc88kuva-2021-1-20-kello-14-15-56.png\" alt=\"\" width=\"1200\" height=\"1012\"><\/p>\n<p>Joillakin TikTokin palatsi-videoilla on jo miljoonia katsojakertoja. Videolla kutsutaan ihmisi\u00e4 osoittamaan mielt\u00e4 Navalnyin vapauttamiseksi. <a rel=\"nofollow\" href=\"https:\/\/www.rbc.ru\/politics\/20\/01\/2021\/600862309a7947b226f20083\">Sensuuriviranomainen vaatii jo palvelua puuttumaan kutsuihin.<\/a><\/p>\n<p>Useat julkkikset, <a rel=\"nofollow\" href=\"https:\/\/en.wikipedia.org\/wiki\/Noize_MC\">kuten muusikko Noize MC<\/a>, esiintyv\u00e4t avoimesti <a rel=\"nofollow\" href=\"https:\/\/meduza.io\/feature\/2021\/01\/20\/kogda-bespredel-stanovitsya-normoy-ego-zhertvami-ochen-chasto-stanovyatsya-vse\">Navalnyin puolesta, ja kehottavat osallistumaan mielenosoituksiin 23. p\u00e4iv\u00e4 tammikuuta<\/a>. R\u00e4pp\u00e4ri sanoo menestyneens\u00e4 nykyisten vallanpit\u00e4jien aikana, mutta vaatimattomista oloista kotoisin oleva mies on huolestunut siit\u00e4, millaisessa maassa h\u00e4nen omat lapsensa varttuvat.<\/p>\n<p><strong>&#8221;Vapauttakaa Aleksei Navalnyi!&#8221;<\/strong><\/p>\n<p><img decoding=\"async\" loading=\"lazy\" class=\"alignnone size-full wp-image-2639\" src=\"https:\/\/blogit-cdn.a-lehdet.fi\/uploads\/sites\/46\/2021\/01\/nacc88yttocc88kuva-2021-1-20-kello-15-02-51.png\" alt=\"\" width=\"1200\" height=\"1080\"><\/p>\n<p>US Puheenvuoro vuonna 2011:<\/p>\n<p><a rel=\"nofollow\" href=\"https:\/\/puheenvuoro.uusisuomi.fi\/jarmokoponen\/90833-venajalla-kyllastyttiin-huoli-tulevaisuudesta-purkautuu\/\">&#8221;Solidaarisuus-liikkeen\u00a0ilmoituksen mukaan Moskovassa esiintyy mielenosoituksessa koko joukko tunnettuja taiteilijoita: muun muassa r\u00e4pp\u00e4ri Noize MC ja Valko-Ven\u00e4l\u00e4inen Lajabis Trubetskoi.\u00a0\u00a0<\/a>Kreml lupaa tarkistaa kaikki v\u00e4\u00e4renn\u00f6kset: tarina ei kerro onko kyseess\u00e4 sittenkin vain v\u00e4itettyjen ulkomaisten v\u00e4\u00e4renn\u00f6sten selvitt\u00e4minen.&#8221;<\/p>\n","protected":false},"excerpt":{"rendered":"<p>Ajatelkaa, jos teid\u00e4n hellim\u00e4nne yksityisyys raiskataan. Ven\u00e4j\u00e4n johtajan palatsi &#8211; Mustameren \u00e4\u00e4rell\u00e4&hellip;<\/p>\n","protected":false},"author":71,"featured_media":2643,"comment_status":"open","ping_status":"open","sticky":false,"template":"","format":"standard","meta":{"footnotes":""},"categories":[1],"tags":[631,72,508,632,166,209,630,353,373],"acf":[],"platta":{"numLikes":1,"numComments":3,"category":"puheenaiheet","themes":["venaja"],"commercial_partner":null,"thumbnail":"https:\/\/blogit-cdn.a-lehdet.fi\/uploads\/sites\/46\/2021\/01\/nacc88yttocc88kuva-2021-1-20-kello-11-42-32.png","blog_id":46},"jetpack_featured_media_url":"https:\/\/blogit-cdn.a-lehdet.fi\/uploads\/sites\/46\/2021\/01\/nacc88yttocc88kuva-2021-1-20-kello-11-42-32.png","_links":{"self":[{"href":"https:\/\/blogit.apu.fi\/koponen\/api\/wp\/v2\/posts\/2632"}],"collection":[{"href":"https:\/\/blogit.apu.fi\/koponen\/api\/wp\/v2\/posts"}],"about":[{"href":"https:\/\/blogit.apu.fi\/koponen\/api\/wp\/v2\/types\/post"}],"author":[{"embeddable":true,"href":"https:\/\/blogit.apu.fi\/koponen\/api\/wp\/v2\/users\/71"}],"replies":[{"embeddable":true,"href":"https:\/\/blogit.apu.fi\/koponen\/api\/wp\/v2\/comments?post=2632"}],"version-history":[{"count":20,"href":"https:\/\/blogit.apu.fi\/koponen\/api\/wp\/v2\/posts\/2632\/revisions"}],"predecessor-version":[{"id":2661,"href":"https:\/\/blogit.apu.fi\/koponen\/api\/wp\/v2\/posts\/2632\/revisions\/2661"}],"wp:featuredmedia":[{"embeddable":true,"href":"https:\/\/blogit.apu.fi\/koponen\/api\/wp\/v2\/media\/2643"}],"wp:attachment":[{"href":"https:\/\/blogit.apu.fi\/koponen\/api\/wp\/v2\/media?parent=2632"}],"wp:term":[{"taxonomy":"category","embeddable":true,"href":"https:\/\/blogit.apu.fi\/koponen\/api\/wp\/v2\/categories?post=2632"},{"taxonomy":"post_tag","embeddable":true,"href":"https:\/\/blogit.apu.fi\/koponen\/api\/wp\/v2\/tags?post=2632"}],"curies":[{"name":"wp","href":"https:\/\/api.w.org\/{rel}","templated":true}]}}