{"id":4403,"date":"2022-02-27T22:30:48","date_gmt":"2022-02-27T20:30:48","guid":{"rendered":"https:\/\/blogit.apu.fi\/koponen\/?p=4403"},"modified":"2022-02-28T07:17:07","modified_gmt":"2022-02-28T05:17:07","slug":"valheen-kyllastamat","status":"publish","type":"post","link":"https:\/\/blogit.apu.fi\/koponen\/valheen-kyllastamat\/","title":{"rendered":"Valheen kyll\u00e4st\u00e4m\u00e4t"},"content":{"rendered":"<p>Ukrainassa taistellaan demokratian mahdollisuuksien puolesta. Ven\u00e4j\u00e4 ep\u00e4onnistui salamasodassaan.<\/p>\n<p><a rel=\"nofollow\" href=\"https:\/\/www.youtube.com\/watch?v=YyhTw-ZHTiE\">Ven\u00e4j\u00e4n arvellaan bluffaavan my\u00f6s ydinasevalmiutensa nostamisella.<\/a> Kyse on enemm\u00e4n painostuksesta.<\/p>\n<p><img decoding=\"async\" loading=\"lazy\" class=\"alignnone size-full wp-image-4419\" src=\"https:\/\/blogit-cdn.a-lehdet.fi\/uploads\/sites\/46\/2022\/02\/nacc88yttocc88kuva-2022-2-27-kello-20-49-06.png\" alt=\"\" width=\"2126\" height=\"1082\" srcset=\"https:\/\/blogit-cdn.a-lehdet.fi\/uploads\/sites\/46\/2022\/02\/nacc88yttocc88kuva-2022-2-27-kello-20-49-06.png 2126w, https:\/\/blogit-cdn.a-lehdet.fi\/uploads\/sites\/46\/2022\/02\/nacc88yttocc88kuva-2022-2-27-kello-20-49-06-300x153.png 300w, https:\/\/blogit-cdn.a-lehdet.fi\/uploads\/sites\/46\/2022\/02\/nacc88yttocc88kuva-2022-2-27-kello-20-49-06-1024x521.png 1024w, https:\/\/blogit-cdn.a-lehdet.fi\/uploads\/sites\/46\/2022\/02\/nacc88yttocc88kuva-2022-2-27-kello-20-49-06-768x391.png 768w, https:\/\/blogit-cdn.a-lehdet.fi\/uploads\/sites\/46\/2022\/02\/nacc88yttocc88kuva-2022-2-27-kello-20-49-06-1536x782.png 1536w, https:\/\/blogit-cdn.a-lehdet.fi\/uploads\/sites\/46\/2022\/02\/nacc88yttocc88kuva-2022-2-27-kello-20-49-06-2048x1042.png 2048w\" sizes=\"(max-width: 2126px) 100vw, 2126px\" \/><strong>Propagandan t\u00e4rkeimpi\u00e4 teht\u00e4vi\u00e4 on vakuuttaa, ett\u00e4 Ukrainan kanssa edet\u00e4\u00e4n suunnitellusti<\/strong>.<\/p>\n<p>Siksi on t\u00e4rke\u00e4\u00e4 esitt\u00e4\u00e4, ett\u00e4 Ven\u00e4j\u00e4n joukot ottivat haltuunsa T\u0161ernobylin ydinvoimalan alueen. Nyt siell\u00e4 toimitaan yhdess\u00e4 voimalaa vartioineiden ukrainalaisten kanssa.<\/p>\n<p><img decoding=\"async\" loading=\"lazy\" class=\"alignnone size-full wp-image-4418\" src=\"https:\/\/blogit-cdn.a-lehdet.fi\/uploads\/sites\/46\/2022\/02\/nacc88yttocc88kuva-2022-2-27-kello-20-50-11.png\" alt=\"\" width=\"2076\" height=\"1148\" srcset=\"https:\/\/blogit-cdn.a-lehdet.fi\/uploads\/sites\/46\/2022\/02\/nacc88yttocc88kuva-2022-2-27-kello-20-50-11.png 2076w, https:\/\/blogit-cdn.a-lehdet.fi\/uploads\/sites\/46\/2022\/02\/nacc88yttocc88kuva-2022-2-27-kello-20-50-11-300x166.png 300w, https:\/\/blogit-cdn.a-lehdet.fi\/uploads\/sites\/46\/2022\/02\/nacc88yttocc88kuva-2022-2-27-kello-20-50-11-1024x566.png 1024w, https:\/\/blogit-cdn.a-lehdet.fi\/uploads\/sites\/46\/2022\/02\/nacc88yttocc88kuva-2022-2-27-kello-20-50-11-768x425.png 768w, https:\/\/blogit-cdn.a-lehdet.fi\/uploads\/sites\/46\/2022\/02\/nacc88yttocc88kuva-2022-2-27-kello-20-50-11-1536x849.png 1536w, https:\/\/blogit-cdn.a-lehdet.fi\/uploads\/sites\/46\/2022\/02\/nacc88yttocc88kuva-2022-2-27-kello-20-50-11-2048x1133.png 2048w\" sizes=\"(max-width: 2076px) 100vw, 2076px\" \/><\/p>\n<p>Keskeist\u00e4 on luoda mielikuva siit\u00e4, ett\u00e4 Ukrainalta vietiin mahdollisuus k\u00e4ytt\u00e4\u00e4 ydinvoimalaa my\u00f6s ydinasettaan varten. Ukraina <a rel=\"nofollow\" href=\"https:\/\/www.hs.fi\/ulkomaat\/art-2000008643744.html\">luopui n\u00e4ist\u00e4 aseista Budapestin sopimuksen my\u00f6t\u00e4<\/a>, mutta Ven\u00e4j\u00e4ll\u00e4 on nostettu esiin se, ett\u00e4 maa saattaa tavoitella voimakkaampaa aseistusta ja voi kyet\u00e4 tekem\u00e4\u00e4n niin sanottuja &#8220;likaisia pommeja&#8221;.<\/p>\n<p>Uutisjutussa vakuutetaan, ett\u00e4 varastot piti ottaa luotettaviin k\u00e4siin, jotta estet\u00e4\u00e4n plutoniumin joutuminen terroristien kaltaisen &#8220;Oikean sektorin&#8221; joukkojen k\u00e4siin.<\/p>\n<p><img decoding=\"async\" loading=\"lazy\" class=\"alignnone size-full wp-image-4421\" src=\"https:\/\/blogit-cdn.a-lehdet.fi\/uploads\/sites\/46\/2022\/02\/nacc88yttocc88kuva-2022-2-27-kello-20-32-09.png\" alt=\"\" width=\"2038\" height=\"1142\" srcset=\"https:\/\/blogit-cdn.a-lehdet.fi\/uploads\/sites\/46\/2022\/02\/nacc88yttocc88kuva-2022-2-27-kello-20-32-09.png 2038w, https:\/\/blogit-cdn.a-lehdet.fi\/uploads\/sites\/46\/2022\/02\/nacc88yttocc88kuva-2022-2-27-kello-20-32-09-300x168.png 300w, https:\/\/blogit-cdn.a-lehdet.fi\/uploads\/sites\/46\/2022\/02\/nacc88yttocc88kuva-2022-2-27-kello-20-32-09-1024x574.png 1024w, https:\/\/blogit-cdn.a-lehdet.fi\/uploads\/sites\/46\/2022\/02\/nacc88yttocc88kuva-2022-2-27-kello-20-32-09-768x430.png 768w, https:\/\/blogit-cdn.a-lehdet.fi\/uploads\/sites\/46\/2022\/02\/nacc88yttocc88kuva-2022-2-27-kello-20-32-09-1536x861.png 1536w\" sizes=\"(max-width: 2038px) 100vw, 2038px\" \/><\/p>\n<p>My\u00f6s presidentti <strong>Volodymyr Zelenskyin<\/strong> ilmoitus Ukrainan halusta palata ydinasevallaksi on jutun mukaan tulkittu uhkaksi Ven\u00e4j\u00e4lle.<\/p>\n<p><strong>Informaatiorintamalla Ven\u00e4j\u00e4 onneton<\/strong><\/p>\n<p>T\u00e4st\u00e4kin johtuen on selv\u00e4\u00e4, ett\u00e4 katastrofi on itsevaltiaalle l\u00e4hemp\u00e4n\u00e4 kuin koskaan.<\/p>\n<p>Julkisuudessa on esitetty jopa ep\u00e4ilyj\u00e4 palatsivallankaappauksen uhasta ja medialle vuodetuista tiedoista Ven\u00e4j\u00e4n sis\u00e4isist\u00e4 ongelmista, ja vaikeuksista toteuttaa hy\u00f6kk\u00e4yksi\u00e4 Ukrainassa.<\/p>\n<p>Vuodoista ei k\u00e4y selville se, levitt\u00e4\u00e4k\u00f6 niit\u00e4 Ven\u00e4j\u00e4 vai Ukraina vai joku muu taho, mutta tiedotusv\u00e4lineet ovat tarttuneet hanakasti aineistoon.<\/p>\n<p>Sodan oloissa on kuitenkin syyt\u00e4 muistuttaa, ett\u00e4 v\u00e4\u00e4ristelty\u00e4 ja harhaanjohtavaa tietoa k\u00e4ytet\u00e4\u00e4n aseena, ja kaikkeen tietoon tappioista selkeisiin strategisiin linjauksiin on syyt\u00e4 suhteutua ep\u00e4illen. Aina.<\/p>\n<div class=\"entry-content-asset aspect-16by9\"><iframe loading=\"lazy\" title=\"\u0420\u043e\u0441\u0441\u0438\u0439\u0441\u043a\u0430\u044f \u0432\u043e\u0435\u043d\u043d\u0430\u044f \u0442\u0435\u0445\u043d\u0438\u043a\u0430 \u0432 \u0425\u0430\u0440\u044c\u043a\u043e\u0432\u0435, \u0441\u0442\u0440\u0435\u043b\u044c\u0431\u0430 \u0432 \u041a\u0438\u0435\u0432\u0435: \u0447\u0442\u043e \u043f\u0440\u043e\u0438\u0441\u0445\u043e\u0434\u0438\u0442 \u0432 \u0423\u043a\u0440\u0430\u0438\u043d\u0435\" width=\"500\" height=\"281\" src=\"https:\/\/www.youtube.com\/embed\/638csP0t0Qw?feature=oembed\" frameborder=\"0\" allow=\"accelerometer; autoplay; clipboard-write; encrypted-media; gyroscope; picture-in-picture; web-share\" allowfullscreen><\/iframe><\/div>\n<p>Kuvat Harkovista kertoivat jo aamulla, ett\u00e4 y\u00f6 oli ollut raskas. Taisteluiden nelj\u00e4sk\u00e4\u00e4n p\u00e4iv\u00e4 ei ole murtanut kaupunkilaisia.<\/p>\n<p>Virallisia ilmoituksia kuolleista alettiin tehd\u00e4 illansuussa my\u00f6s Ven\u00e4j\u00e4ll\u00e4.<\/p>\n<p><strong>Hyv\u00e4t vaihtoehdot ovat\u00a0 menneet<br \/>\n<\/strong><\/p>\n<p>En\u00e4\u00e4 ei odoteta, ett\u00e4 Ven\u00e4j\u00e4 pystyisi selvitytym\u00e4\u00e4n taisteluista nopeana voittajana.<\/p>\n<p>Monet merkit viittaavat siihen, ett\u00e4 kaikissa Ven\u00e4j\u00e4n toimissa keskityt\u00e4\u00e4n turvaamaan itsevaltiaan asema.<\/p>\n<p>Kaukaa katsovalle on entist\u00e4 selvemp\u00e4\u00e4, ett\u00e4 jos Ukraina taipuu, on meill\u00e4 kaikilla kurjempaa &#8211; v\u00e4hint\u00e4\u00e4n yhden sukupolven ajan.<\/p>\n<p><strong><img decoding=\"async\" loading=\"lazy\" class=\"alignnone size-full wp-image-4394\" src=\"https:\/\/blogit-cdn.a-lehdet.fi\/uploads\/sites\/46\/2022\/02\/nacc88yttocc88kuva-2022-2-27-kello-14-44-07.png\" alt=\"\" width=\"982\" height=\"874\" srcset=\"https:\/\/blogit-cdn.a-lehdet.fi\/uploads\/sites\/46\/2022\/02\/nacc88yttocc88kuva-2022-2-27-kello-14-44-07.png 982w, https:\/\/blogit-cdn.a-lehdet.fi\/uploads\/sites\/46\/2022\/02\/nacc88yttocc88kuva-2022-2-27-kello-14-44-07-300x267.png 300w, https:\/\/blogit-cdn.a-lehdet.fi\/uploads\/sites\/46\/2022\/02\/nacc88yttocc88kuva-2022-2-27-kello-14-44-07-768x684.png 768w\" sizes=\"(max-width: 982px) 100vw, 982px\" \/><\/strong><\/p>\n<p><strong>@Danila Kozlovsky Instagram<\/strong><\/p>\n<p><em>&#8211; Sota on katastrofi ennen muuta Ukrainalle ja toiseksi Ven\u00e4j\u00e4lle<\/em>, sanoo politiikan tutkija <strong>Dmitri Ore\u0161kin.<\/strong><\/p>\n<p>H\u00e4n ei edes uskonut t\u00e4h\u00e4n typeryyteen viel\u00e4 muutamia p\u00e4iv\u00e4 sitten.<\/p>\n<p>Ore\u0161kin arvioi, ett\u00e4<strong> Vladimir Putinin<\/strong> johdolla maa liukuu hitaasti suohon. Itsevaltias kiihdytti prosessia ja teki suosta verisen.<\/p>\n<p>Taloudellisen ja poliittisen painostuksen vuoksi Ven\u00e4j\u00e4n on jo rautaesiripun takana: &#8220;<em>Kun maassa takavarikoidaan kansalaisten omia rahoja, on kyse on katastrofista seuraavien p\u00e4ivien ja kuukausien ajaksi.&#8221;<\/em><\/p>\n<p>Ore\u0161kin muistuttaa, ett\u00e4 monet tuntevat tietenkin syyllisyytt\u00e4 siit\u00e4, ett\u00e4 eiv\u00e4t kyenneet lopettamaan tai hillitsem\u00e4\u00e4n t\u00e4t\u00e4 hulluutta.<\/p>\n<p>Ukraina itse asiassa taistelee my\u00f6s Ven\u00e4j\u00e4n demokratian puolesta. Toisin kuin Ven\u00e4j\u00e4 &#8211; Ukraina on monikansallinen ihmisist\u00e4 huolehtiva maa.<\/p>\n<p>Politikan tutkijan n\u00e4k\u00f6piiriss\u00e4 ei ole mit\u00e4\u00e4n, jota itsevaltias voisi esitell\u00e4 voittona.<\/p>\n<p><em>&#8220;Ehk\u00e4 he nappaavat jonkun kaistaleen Dneprin vasemmasta rannasta, mutta silti &#8211; sissisota jatkuu<\/em> \u201d, Ore\u0161kin sanoi <em>Do\u017ed-kanavan<\/em> l\u00e4hetyksess\u00e4.<\/p>\n<p>Ven\u00e4j\u00e4 pyrkii osoittamaan suojelevansa It\u00e4-Ukrainaa hy\u00f6kk\u00e4\u00e4j\u00e4\u00e4 vastaan, vaikka k\u00e4yt\u00e4nn\u00f6ss\u00e4 se on tunnustanut alueet, jotka se itse on v\u00e4kivallallaan kaapannut Ukrainalta.<\/p>\n<p>Todisteita alueen kuulumisesta Ven\u00e4j\u00e4\u00e4n haetaan asukkaiden yleisimmin k\u00e4ytt\u00e4m\u00e4st\u00e4 kielest\u00e4 ja ikiaikaisista siteist\u00e4 Ven\u00e4j\u00e4\u00e4n.<\/p>\n<p><img decoding=\"async\" loading=\"lazy\" class=\"alignnone size-full wp-image-4420\" src=\"https:\/\/blogit-cdn.a-lehdet.fi\/uploads\/sites\/46\/2022\/02\/nacc88yttocc88kuva-2022-2-27-kello-20-34-26.png\" alt=\"\" width=\"2042\" height=\"1134\" srcset=\"https:\/\/blogit-cdn.a-lehdet.fi\/uploads\/sites\/46\/2022\/02\/nacc88yttocc88kuva-2022-2-27-kello-20-34-26.png 2042w, https:\/\/blogit-cdn.a-lehdet.fi\/uploads\/sites\/46\/2022\/02\/nacc88yttocc88kuva-2022-2-27-kello-20-34-26-300x167.png 300w, https:\/\/blogit-cdn.a-lehdet.fi\/uploads\/sites\/46\/2022\/02\/nacc88yttocc88kuva-2022-2-27-kello-20-34-26-1024x569.png 1024w, https:\/\/blogit-cdn.a-lehdet.fi\/uploads\/sites\/46\/2022\/02\/nacc88yttocc88kuva-2022-2-27-kello-20-34-26-768x426.png 768w, https:\/\/blogit-cdn.a-lehdet.fi\/uploads\/sites\/46\/2022\/02\/nacc88yttocc88kuva-2022-2-27-kello-20-34-26-1536x853.png 1536w\" sizes=\"(max-width: 2042px) 100vw, 2042px\" \/><strong>Ven\u00e4j\u00e4\u00e4 vuosikymmenet seuranneelle tapahtuva valtava pettymys<\/strong><\/p>\n<p>Eurooppa on joka tapauksessa tilanteessa, jossa rauha saadaan aikaan vasta kun valta vaihtuu Ven\u00e4j\u00e4ll\u00e4.<\/p>\n<p>N\u00e4in miettii Ruotsin entinen p\u00e4\u00e4- ja ulkoministeri <strong>Carl Bildt.<\/strong><\/p>\n<div class=\"entry-content-asset \">\n<blockquote class=\"twitter-tweet\" data-width=\"500\" data-dnt=\"true\">\n<p lang=\"en\" dir=\"ltr\">All of us must now face the reality that we will not have peace in Europe until there is regime change in Russia. Then we should seek to welcome a new Russia as a partner for peace. <a rel=\"nofollow\" href=\"https:\/\/t.co\/vkjQalJnXk\">pic.twitter.com\/vkjQalJnXk<\/a><\/p>\n<p>&mdash; Carl Bildt (@carlbildt) <a rel=\"nofollow\" href=\"https:\/\/twitter.com\/carlbildt\/status\/1497921226924347394?ref_src=twsrc%5Etfw\">February 27, 2022<\/a><\/p><\/blockquote>\n<p><script async src=\"https:\/\/platform.twitter.com\/widgets.js\" charset=\"utf-8\"><\/script><\/div>\n<p>Joillekin Ukrainan kohtalo on merkki Ven\u00e4j\u00e4n vajoamisesta hylki\u00f6valtioksi, joka vie ihmiset mukanaan.<\/p>\n<p>Putin peri edelt\u00e4j\u00e4lt\u00e4\u00e4n Ven\u00e4j\u00e4n, jolla oli kaikista vaikeuksistaan huolimatta mahdollisuus kasvaa osaksi muuta maailmaa.<\/p>\n<p>Se oli mukana vahvojen instituutioiden ty\u00f6ss\u00e4, ja osa avointa maailmaa. Lopulta itsevaltiaan valinnat ovat johtaneet h\u00e4net veljesmurhasotaan naapurin kanssa ja pudottaneet maan roskaluokkaan, arvioi poliitikko <strong>Vladimir Ry\u017ekov<\/strong> Twitteriss\u00e4\u00e4n.<\/p>\n<div class=\"entry-content-asset \">\n<blockquote class=\"twitter-tweet\" data-width=\"500\" data-dnt=\"true\">\n<p lang=\"ru\" dir=\"ltr\">\u041f\u0443\u0442\u0438\u043d \u043f\u0440\u0438\u043d\u044f\u043b \u0420\u043e\u0441\u0441\u0438\u044e \u0441 \u0440\u0430\u0441\u0442\u0443\u0449\u0435\u0439 \u044d\u043a\u043e\u043d\u043e\u043c\u0438\u043a\u043e\u0439, \u0441\u0438\u043b\u044c\u043d\u044b\u043c\u0438 \u0438\u043d\u0441\u0442\u0438\u0442\u0443\u0442\u0430\u043c\u0438, \u043a\u0430\u043a \u0447\u0430\u0441\u0442\u044c \u043b\u0438\u0434\u0435\u0440\u043e\u0432 \u043e\u0442\u043a\u0440\u044b\u0442\u043e\u0433\u043e \u043c\u0438\u0440\u0430. \u0418 \u043f\u0440\u0438\u0432\u0435\u043b \u0435\u0435 \u0432 \u0431\u0440\u0430\u0442\u043e\u0443\u0431\u0438\u0439\u0441\u0442\u0432\u0435\u043d\u043d\u043e\u0439 \u0432\u043e\u0439\u043d\u0435 \u0441 \u0441\u043e\u0441\u0435\u0434\u043e\u043c \u0438 \u043c\u0443\u0441\u043e\u0440\u043d\u043e\u043c\u0443 \u0440\u0435\u0439\u0442\u0438\u043d\u0433\u0443.<\/p>\n<p>&mdash; \u0412\u043b\u0430\u0434\u0438\u043c\u0438\u0440 \u0420\u044b\u0436\u043a\u043e\u0432 (@Respublicanez) <a rel=\"nofollow\" href=\"https:\/\/twitter.com\/Respublicanez\/status\/1497469614581686275?ref_src=twsrc%5Etfw\">February 26, 2022<\/a><\/p><\/blockquote>\n<p><script async src=\"https:\/\/platform.twitter.com\/widgets.js\" charset=\"utf-8\"><\/script><\/div>\n<p><strong>Sumutettu kansakunta<\/strong><\/p>\n<p>Toimittaja <strong>Mihail Fi\u0161man<\/strong> arvioi Do\u017edissa, ett\u00e4 sotaa Ukrainassa tukee v\u00e4hemmist\u00f6 ven\u00e4j\u00e4l\u00e4isi\u00e4.<\/p>\n<p>Krimin haltuunoton noste on jo kadonnut itsevaltiaan kannatuksesta. Putin on tuhlannut hankkimansa tuen. H\u00e4nen takanaan on edelleen maan turvallisuusneuvosto, mutta kansan tuen t\u00e4m\u00e4 on menett\u00e4nyt.<\/p>\n<div class=\"entry-content-asset aspect-16by9\"><iframe loading=\"lazy\" title=\"\u00ab\u041a\u0430\u0440\u044c\u0435\u0440\u0430 \u041f\u0443\u0442\u0438\u043d\u0430 \u043a\u0430\u043a \u043b\u0438\u0434\u0435\u0440\u0430 \u0420\u043e\u0441\u0441\u0438\u0438 \u0437\u0430\u043a\u043e\u043d\u0447\u0435\u043d\u0430\u00bb. \u041c\u0438\u0445\u0430\u0438\u043b \u0424\u0438\u0448\u043c\u0430\u043d \u043e \u043f\u0435\u0440\u0432\u044b\u0445 \u0434\u043d\u044f\u0445 \u0432\u043e\u0435\u043d\u043d\u043e\u0439 \u043e\u043f\u0435\u0440\u0430\u0446\u0438\u0438 \u0432 \u0423\u043a\u0440\u0430\u0438\u043d\u0435\" width=\"500\" height=\"281\" src=\"https:\/\/www.youtube.com\/embed\/-cK-4d1rT34?feature=oembed\" frameborder=\"0\" allow=\"accelerometer; autoplay; clipboard-write; encrypted-media; gyroscope; picture-in-picture; web-share\" allowfullscreen><\/iframe><\/div>\n<p>&#8211;<em>Olen ehdottoman varma. Sota ei ole suosittu. Sit\u00e4 on mahdotonta edes puolustaa, koska sodalle ei ole mit\u00e4\u00e4n perusteltua oikeutusta<\/em>, Fi\u0161man sanoo.<\/p>\n<p><strong>Puheet natsismin lopettamisesta ja maan aseistariisunnasta ovat niin kaukana todellisuudesta, ettei niill\u00e4 voi perustella mit\u00e4\u00e4n.<\/strong><\/p>\n<p>Putinin tunnesidett\u00e4 Ukrainaan selitt\u00e4\u00e4 my\u00f6s h\u00e4nen kokemansa henkil\u00f6kohtainen h\u00e4pe\u00e4, jota h\u00e4n on tuntenut jo vuodesta 2003-2004 alkaen, jolloin h\u00e4n ei onnistunut nostamaan <strong>Viktor Janukovit\u0161ia<\/strong> Ukrainan presidentiksi.<\/p>\n<p>Ja lis\u00e4ksi Ukrainaan liittyy my\u00f6s toinen Putinille hyvin henkil\u00f6kohtainen ihminen. Fi\u0161manilta ilmestyy juuri h\u00e4nen kollegansa kanssa kirjoittama teos poliitikko <strong>Boris Nemtsovista,<\/strong> joka on valmistunut <em>&#8220;Turhan vapaa ihminen&#8221;<\/em> dokumenttielokuvan pohjalta.<\/p>\n<p><img decoding=\"async\" loading=\"lazy\" class=\"alignnone size-full wp-image-4406\" src=\"https:\/\/blogit-cdn.a-lehdet.fi\/uploads\/sites\/46\/2022\/02\/img_8280.jpg\" alt=\"\" width=\"1094\" height=\"615\" srcset=\"https:\/\/blogit-cdn.a-lehdet.fi\/uploads\/sites\/46\/2022\/02\/img_8280.jpg 1094w, https:\/\/blogit-cdn.a-lehdet.fi\/uploads\/sites\/46\/2022\/02\/img_8280-300x169.jpg 300w, https:\/\/blogit-cdn.a-lehdet.fi\/uploads\/sites\/46\/2022\/02\/img_8280-1024x576.jpg 1024w, https:\/\/blogit-cdn.a-lehdet.fi\/uploads\/sites\/46\/2022\/02\/img_8280-768x432.jpg 768w\" sizes=\"(max-width: 1094px) 100vw, 1094px\" \/><\/p>\n<p>Ukrainassa poliittisena neuvonantaja ty\u00f6skennellyt Ven\u00e4j\u00e4n entinen varap\u00e4\u00e4ministeri, oli aikanaan itsevaltiaalle samanlainen ongelma kuin on edelliset vuodet ollut vankilaan passitettu <strong>Aleksei Navalnyi<\/strong>.<\/p>\n<p>Nemtsov ty\u00f6skenteli vuosia Ukrainassa.<\/p>\n<p>Vuonna 2014 h\u00e4n vastusti Krimin miehityst\u00e4 ja It\u00e4-Ukrainan kaappaamista.<\/p>\n<p>Fi\u0161man muistutti, ett\u00e4 Nemtsov puolusti demokratiaa.<\/p>\n<p><strong>T\u00e4n\u00e4\u00e4n muisteltiin Nemtsovin salamurhaa seitsem\u00e4n vuotta sitten Moskovan kremlin \u00e4\u00e4reen.<\/strong><\/p>\n<p><img decoding=\"async\" loading=\"lazy\" class=\"alignnone size-full wp-image-4393\" src=\"https:\/\/blogit-cdn.a-lehdet.fi\/uploads\/sites\/46\/2022\/02\/nacc88yttocc88kuva-2022-2-27-kello-14-18-13.png\" alt=\"\" width=\"2104\" height=\"1182\" srcset=\"https:\/\/blogit-cdn.a-lehdet.fi\/uploads\/sites\/46\/2022\/02\/nacc88yttocc88kuva-2022-2-27-kello-14-18-13.png 2104w, https:\/\/blogit-cdn.a-lehdet.fi\/uploads\/sites\/46\/2022\/02\/nacc88yttocc88kuva-2022-2-27-kello-14-18-13-300x169.png 300w, https:\/\/blogit-cdn.a-lehdet.fi\/uploads\/sites\/46\/2022\/02\/nacc88yttocc88kuva-2022-2-27-kello-14-18-13-1024x575.png 1024w, https:\/\/blogit-cdn.a-lehdet.fi\/uploads\/sites\/46\/2022\/02\/nacc88yttocc88kuva-2022-2-27-kello-14-18-13-768x431.png 768w, https:\/\/blogit-cdn.a-lehdet.fi\/uploads\/sites\/46\/2022\/02\/nacc88yttocc88kuva-2022-2-27-kello-14-18-13-1536x863.png 1536w, https:\/\/blogit-cdn.a-lehdet.fi\/uploads\/sites\/46\/2022\/02\/nacc88yttocc88kuva-2022-2-27-kello-14-18-13-2048x1151.png 2048w\" sizes=\"(max-width: 2104px) 100vw, 2104px\" \/><\/p>\n<p>Muistopaikalla Nemtsov-sillalla vieraili muun muassa ihmisoikeuksien puolustaja, &#8220;ulkovaltojen agentiksi&#8221; leimattu <strong>Lev Ponomarjov<\/strong>, joka on ker\u00e4nnyt jo yli 800 000 allekirjoituksen vetoomukseen sodan lopettamiseksi.<\/p>\n<p>Ven\u00e4j\u00e4n itsevaltiaalle Nemtsovin murhan syyllisten ja tilaajan rankaisu ei ole ollut t\u00e4rke\u00e4\u00e4.<\/p>\n<p><img decoding=\"async\" loading=\"lazy\" class=\"alignnone size-full wp-image-4387\" src=\"https:\/\/blogit-cdn.a-lehdet.fi\/uploads\/sites\/46\/2022\/02\/nacc88yttocc88kuva-2022-2-27-kello-13-24-20.png\" alt=\"\" width=\"1022\" height=\"1294\" srcset=\"https:\/\/blogit-cdn.a-lehdet.fi\/uploads\/sites\/46\/2022\/02\/nacc88yttocc88kuva-2022-2-27-kello-13-24-20.png 1022w, https:\/\/blogit-cdn.a-lehdet.fi\/uploads\/sites\/46\/2022\/02\/nacc88yttocc88kuva-2022-2-27-kello-13-24-20-237x300.png 237w, https:\/\/blogit-cdn.a-lehdet.fi\/uploads\/sites\/46\/2022\/02\/nacc88yttocc88kuva-2022-2-27-kello-13-24-20-809x1024.png 809w, https:\/\/blogit-cdn.a-lehdet.fi\/uploads\/sites\/46\/2022\/02\/nacc88yttocc88kuva-2022-2-27-kello-13-24-20-768x972.png 768w\" sizes=\"(max-width: 1022px) 100vw, 1022px\" \/><strong>Ven\u00e4j\u00e4ll\u00e4 on pid\u00e4tetty kolmen p\u00e4iv\u00e4n aikana yli 3000 ihmist\u00e4 sotaa vastustavissa mielenosoituksissa. <\/strong><\/p>\n<p>OVD-info -verkoston tiedossa on, ett\u00e4 mielenosoituksia on j\u00e4rjestetty 34 paikkakunnalla.<\/p>\n<p><a rel=\"nofollow\" href=\"https:\/\/ovd.news\/news\/2022\/02\/27\/spiski-zaderzhannyh-v-svyazi-s-akciyami-protiv-voyny-s-ukrainoy-27-fevralya-2022\">[<span class=\"VIiyi\"><span class=\"JLqJ4b ChMk0b\">Nemtsov-mielenosoitukset lis\u00e4siv\u00e4t pid\u00e4tettyjen lukum\u00e4\u00e4r\u00e4\u00e4 merkitt\u00e4v\u00e4sti. Pid\u00e4tyksi\u00e4 ollut 51 kaupungissa eri puolilla Ven\u00e4j\u00e4\u00e4.]<\/span><\/span><\/a><\/p>\n<p>Ulkopoliittisen instituutin tutkijan <strong>Jussi Lassilan<\/strong> mielest\u00e4 pys\u00e4ytt\u00e4v\u00e4t kuvat vastarinnasta kertovat, ett\u00e4 Ukrainan operaation ensisijainen suunnitelma on romuttunut ja nyt on pakko improvisoida jotain.<\/p>\n<div class=\"entry-content-asset \">\n<blockquote class=\"twitter-tweet\" data-width=\"500\" data-dnt=\"true\">\n<p lang=\"fi\" dir=\"ltr\">Pys\u00e4ytt\u00e4vi\u00e4 kuvia ukrainalaisten tahdosta ja rohkeudesta ja ven\u00e4l\u00e4issotilaiden neuvottomuudesta ja motivaation puutteesta. Siviilit yksinkertaisesti omalla massallaan est\u00e4v\u00e4t panssarien etenemisen. Vastassa ei ollutkaan kukkakimppujen k\u00e4yt\u00e4v\u00e4. <a rel=\"nofollow\" href=\"https:\/\/t.co\/l5vjfS9RMg\">https:\/\/t.co\/l5vjfS9RMg<\/a><\/p>\n<p>&mdash; \ud83c\uddfa\ud83c\udde6 Jussi Lassila (@jussi_lassila) <a rel=\"nofollow\" href=\"https:\/\/twitter.com\/jussi_lassila\/status\/1497891622373281792?ref_src=twsrc%5Etfw\">February 27, 2022<\/a><\/p><\/blockquote>\n<p><script async src=\"https:\/\/platform.twitter.com\/widgets.js\" charset=\"utf-8\"><\/script><\/div>\n<p>Ep\u00e4selvyyksist\u00e4 veistinn\u00e4ss\u00e4 voi p\u00e4\u00e4tell\u00e4, ett\u00e4 tietokaan ei kulje. Nyt on oleellista seurata mit\u00e4 tekee muu eliitti.<\/p>\n<p>Viikonvaihteessa odotettiin my\u00f6s sit\u00e4, p\u00e4\u00e4sev\u00e4tk\u00f6 maat aloittamaan jollakin tasolla tulitaukoon mahdollisesti johtavat neuvottelut. Lopulta t\u00e4llainen kosketus sovittiin Ukrainan ja Valko-Ven\u00e4j\u00e4n rajalle.<\/p>\n<p>Harva varmaan odottikaan, ett\u00e4 Zelenskyi suostuisi l\u00e4htem\u00e4\u00e4n Kiovasta Valko-Ven\u00e4j\u00e4ll\u00e4 neuvotteluja varten ihan t\u00e4m\u00e4n matkaan liittyvien turvallisuustekij\u00f6idenk\u00e4\u00e4n vuoksi.<\/p>\n<p>Do\u017edin uutisl\u00e4hetyksess\u00e4 ihmeteltiin my\u00f6s sit\u00e4 kummallisuutta, ett\u00e4 Ven\u00e4j\u00e4n delegaatiota johtaa maan kulttuuriasioista vastannut neuvonantaja <strong>Vladimir Medinski<\/strong>. T\u00e4m\u00e4 on tullut tunnetuksi kovan propagandan tuottajana ja maan historiapolitiikan arkkitehtina.<\/p>\n<p><img decoding=\"async\" loading=\"lazy\" class=\"alignnone size-full wp-image-4398\" src=\"https:\/\/blogit-cdn.a-lehdet.fi\/uploads\/sites\/46\/2022\/02\/nacc88yttocc88kuva-2022-2-27-kello-8-14-38.png\" alt=\"\" width=\"1784\" height=\"1122\" srcset=\"https:\/\/blogit-cdn.a-lehdet.fi\/uploads\/sites\/46\/2022\/02\/nacc88yttocc88kuva-2022-2-27-kello-8-14-38.png 1784w, https:\/\/blogit-cdn.a-lehdet.fi\/uploads\/sites\/46\/2022\/02\/nacc88yttocc88kuva-2022-2-27-kello-8-14-38-300x189.png 300w, https:\/\/blogit-cdn.a-lehdet.fi\/uploads\/sites\/46\/2022\/02\/nacc88yttocc88kuva-2022-2-27-kello-8-14-38-1024x644.png 1024w, https:\/\/blogit-cdn.a-lehdet.fi\/uploads\/sites\/46\/2022\/02\/nacc88yttocc88kuva-2022-2-27-kello-8-14-38-768x483.png 768w, https:\/\/blogit-cdn.a-lehdet.fi\/uploads\/sites\/46\/2022\/02\/nacc88yttocc88kuva-2022-2-27-kello-8-14-38-1536x966.png 1536w\" sizes=\"(max-width: 1784px) 100vw, 1784px\" \/><strong>Karttaan on merkitty paikkoja, joissa on ollut sotilaallista toimintaa<\/strong><\/p>\n<p>Hermostuneisuus n\u00e4kyy Ven\u00e4j\u00e4ll\u00e4 my\u00f6s tarpeella rajoittaa tiedonv\u00e4lityst\u00e4.<\/p>\n<p>V\u00e4\u00e4ri\u00e4 sanoja k\u00e4ytt\u00e4neet mediat saivat viranomaisilta lauantaina varoituksen. Varoituksen saivat ainakin\u00a0 <em>Eho Moskvy<\/em> sek\u00e4 <em>Novaja Gazeta<\/em>, jonka p\u00e4\u00e4toimittaja <strong>Dmitri Muratov<\/strong> sai viime vuonna <a rel=\"nofollow\" href=\"https:\/\/yle.fi\/uutiset\/3-12205967\">Nobelin rauhanpalkinnon<\/a>. Roskomnadzorin toiminnassa on kyse asevoimien sensuurista, sanoo uutistoimisto <a rel=\"nofollow\" href=\"https:\/\/www.reuters.com\/technology\/yandex-warns-russian-users-unreliable-information-online-after-moscow-threatens-2022-02-25\/\">Reutersin haastattelema <\/a><em>Do\u017ed-<\/em>kanavan p\u00e4\u00e4toimittaja <strong>Tihon Dzjadko<\/strong>.<\/p>\n<p>Puheet viidennest\u00e4 kolonnasta Ven\u00e4j\u00e4ll\u00e4 ovat nousseet esiin my\u00f6s ykk\u00f6skanavan keskusteluohjelmissa.<\/p>\n<p>Julkisesta keskustelusta pyrit\u00e4\u00e4n saamaan pois kaikenlainen Ukrainan erityisoperaation arvostelu uhkaamalla maanpetturuudesta annettavilla usein vuosien vankeustuomioilla.<\/p>\n<p><img decoding=\"async\" loading=\"lazy\" class=\"alignnone size-full wp-image-4396\" src=\"https:\/\/blogit-cdn.a-lehdet.fi\/uploads\/sites\/46\/2022\/02\/nacc88yttocc88kuva-2022-2-27-kello-14-59-20.png\" alt=\"\" width=\"2074\" height=\"1082\" srcset=\"https:\/\/blogit-cdn.a-lehdet.fi\/uploads\/sites\/46\/2022\/02\/nacc88yttocc88kuva-2022-2-27-kello-14-59-20.png 2074w, https:\/\/blogit-cdn.a-lehdet.fi\/uploads\/sites\/46\/2022\/02\/nacc88yttocc88kuva-2022-2-27-kello-14-59-20-300x157.png 300w, https:\/\/blogit-cdn.a-lehdet.fi\/uploads\/sites\/46\/2022\/02\/nacc88yttocc88kuva-2022-2-27-kello-14-59-20-1024x534.png 1024w, https:\/\/blogit-cdn.a-lehdet.fi\/uploads\/sites\/46\/2022\/02\/nacc88yttocc88kuva-2022-2-27-kello-14-59-20-768x401.png 768w, https:\/\/blogit-cdn.a-lehdet.fi\/uploads\/sites\/46\/2022\/02\/nacc88yttocc88kuva-2022-2-27-kello-14-59-20-1536x801.png 1536w, https:\/\/blogit-cdn.a-lehdet.fi\/uploads\/sites\/46\/2022\/02\/nacc88yttocc88kuva-2022-2-27-kello-14-59-20-2048x1068.png 2048w\" sizes=\"(max-width: 2074px) 100vw, 2074px\" \/><\/p>\n<p>My\u00f6s Telegram-palvelun omistaja <strong>Pavel Durov<\/strong> on joutunut ottamaan kantaa siihen, millaista kirjoittelua alustalle ei voida jatkossa hyv\u00e4ksy\u00e4 Ukraina &#8220;tapahtumiin&#8221; liittyen. Durov ilmoitti, ettei Telegram halua olla v\u00e4likappale kansallisuuksien v\u00e4kisess\u00e4 kiistelyss\u00e4.<\/p>\n<p>Aiemmin Ven\u00e4j\u00e4n sensuuri on v\u00e4\u00e4nt\u00e4nyt amerikkalaisten sosiaalisen median alustojen kanssa n\u00e4iden sis\u00e4lt\u00f6jen rajoittamisesta ja hidastanut muun muassa Facebookin toimintaa Ven\u00e4j\u00e4ll\u00e4. Toisaalta <strong>Elon Musk <\/strong>on ilmoittanut sattelliitiensa varmistavan tiedon kulkua Ukrainassa.<\/p>\n<p><img decoding=\"async\" loading=\"lazy\" class=\"alignnone size-full wp-image-4411\" src=\"https:\/\/blogit-cdn.a-lehdet.fi\/uploads\/sites\/46\/2022\/02\/img_8277-3.jpg\" alt=\"\" width=\"1040\" height=\"1075\" srcset=\"https:\/\/blogit-cdn.a-lehdet.fi\/uploads\/sites\/46\/2022\/02\/img_8277-3.jpg 1040w, https:\/\/blogit-cdn.a-lehdet.fi\/uploads\/sites\/46\/2022\/02\/img_8277-3-290x300.jpg 290w, https:\/\/blogit-cdn.a-lehdet.fi\/uploads\/sites\/46\/2022\/02\/img_8277-3-991x1024.jpg 991w, https:\/\/blogit-cdn.a-lehdet.fi\/uploads\/sites\/46\/2022\/02\/img_8277-3-768x794.jpg 768w\" sizes=\"(max-width: 1040px) 100vw, 1040px\" \/><strong>Putinin tulevaisuus sinet\u00f6ity<\/strong><\/p>\n<p><a rel=\"nofollow\" href=\"https:\/\/demokraatti.fi\/ukraina-on-pyytanyt-ykn-kansainvalista-tuomioistuinta-ottamaan-kasittelyyn-venajan-hyokkayksen-ukrainaan\/\">Ven\u00e4j\u00e4n itsevaltias joutuu pohtimaan my\u00f6s omaa asemaansa. Kumpi on kamalampaa: tulla erotetuksi judoliitosta vai joutua Haagiin tuomittavaksi?<\/a><\/p>\n<p><a rel=\"nofollow\" href=\"https:\/\/demokraatti.fi\/ukraina-on-pyytanyt-ykn-kansainvalista-tuomioistuinta-ottamaan-kasittelyyn-venajan-hyokkayksen-ukrainaan\/\">Ukraina on pyyt\u00e4nyt YK:n kansainv\u00e4list\u00e4 tuomioistuinta ottamaan k\u00e4sittelyyn Ven\u00e4j\u00e4n hy\u00f6kk\u00e4yksen Ukrainaan<\/a><\/p>\n<p>**<\/p>\n<p><strong>HS\/ Pekka Hakala<\/strong> &#8211;<a rel=\"nofollow\" href=\"https:\/\/www.hs.fi\/ulkomaat\/art-2000008646325.html\"> Putinin on voitettava Ukrainan sota nopeasti, jottei koti\u00adrintama repeile<\/a><\/p>\n<p><strong>Kauppalehti<\/strong> &#8211;\u00a0 <a rel=\"nofollow\" href=\"https:\/\/www.kauppalehti.fi\/uutiset\/kl\/6159d4b4-5a3b-4a69-a277-384be0ec6b03?ref=ampparit:5207\">Kaksi ven\u00e4l\u00e4ist\u00e4 miljard\u00f6\u00f6ri\u00e4 vetoaa Ukrainan rauhan puolesta: \u201dTragedia niin ven\u00e4l\u00e4isille kuin ukrainalaisille\u201d<\/a><\/p>\n<p><strong>IL \/ Janne Palom\u00e4ki<\/strong> &#8211;\u00a0<a rel=\"nofollow\" href=\"https:\/\/www.iltalehti.fi\/ulkomaat\/a\/3cc0c906-8387-4849-b914-49cf5d6e02f5\">L\u00e4nnen talouspakotteita on kuvailtu riitt\u00e4m\u00e4tt\u00f6miksi. Mutta tilanne voi muuttua jo maanantaina.<\/a><\/p>\n<p><strong>YLE \/ Mika M\u00e4kel\u00e4inen<\/strong> &#8211; <a rel=\"nofollow\" href=\"https:\/\/yle.fi\/uutiset\/3-12335623\">Analyysi: Ven\u00e4j\u00e4 j\u00e4tt\u00e4\u00e4 kotirintaman yh\u00e4 pahempaan pimentoon sodan raakuudesta<\/a><\/p>\n<p><strong>YLE\/ Elli Piirainen<\/strong> &#8211; <a rel=\"nofollow\" href=\"https:\/\/yle.fi\/uutiset\/3-12335916\">Ven\u00e4j\u00e4 on perustellut hy\u00f6kk\u00e4yst\u00e4 Ukrainaan l\u00f6yh\u00e4sti esimerkiksi maan liialla l\u00e4hestymisell\u00e4 l\u00e4nnen kanssa, mutta my\u00f6s uusnatsismilla.<\/a><\/p>\n<p><strong>IS \/ <\/strong><a rel=\"nofollow\" href=\"https:\/\/www.is.fi\/ulkomaat\/art-2000008608788.html?utm_medium=promobox&amp;utm_campaign=is_tf&amp;utm_source=hs.fi&amp;utm_content=promobox\">Kilometrien mittainen sotilas\u00adsaattue etenee satelliitti\u00adkuvassa kohti Kiovaa<\/a><\/p>\n","protected":false},"excerpt":{"rendered":"<p>Ukrainassa taistellaan demokratian mahdollisuuksien puolesta. Ven\u00e4j\u00e4 ep\u00e4onnistui salamasodassaan. Ven\u00e4j\u00e4n arvellaan bluffaavan my\u00f6s&hellip;<\/p>\n","protected":false},"author":71,"featured_media":4394,"comment_status":"open","ping_status":"open","sticky":false,"template":"","format":"standard","meta":{"footnotes":""},"categories":[1],"tags":[58,800,508,243,891,892,371,612],"acf":[],"platta":{"numLikes":1,"numComments":0,"category":"puheenaiheet","themes":["venaja"],"commercial_partner":null,"thumbnail":"https:\/\/blogit-cdn.a-lehdet.fi\/uploads\/sites\/46\/2022\/02\/nacc88yttocc88kuva-2022-2-27-kello-14-44-07.png","blog_id":46},"jetpack_featured_media_url":"https:\/\/blogit-cdn.a-lehdet.fi\/uploads\/sites\/46\/2022\/02\/nacc88yttocc88kuva-2022-2-27-kello-14-44-07.png","_links":{"self":[{"href":"https:\/\/blogit.apu.fi\/koponen\/api\/wp\/v2\/posts\/4403"}],"collection":[{"href":"https:\/\/blogit.apu.fi\/koponen\/api\/wp\/v2\/posts"}],"about":[{"href":"https:\/\/blogit.apu.fi\/koponen\/api\/wp\/v2\/types\/post"}],"author":[{"embeddable":true,"href":"https:\/\/blogit.apu.fi\/koponen\/api\/wp\/v2\/users\/71"}],"replies":[{"embeddable":true,"href":"https:\/\/blogit.apu.fi\/koponen\/api\/wp\/v2\/comments?post=4403"}],"version-history":[{"count":27,"href":"https:\/\/blogit.apu.fi\/koponen\/api\/wp\/v2\/posts\/4403\/revisions"}],"predecessor-version":[{"id":4445,"href":"https:\/\/blogit.apu.fi\/koponen\/api\/wp\/v2\/posts\/4403\/revisions\/4445"}],"wp:featuredmedia":[{"embeddable":true,"href":"https:\/\/blogit.apu.fi\/koponen\/api\/wp\/v2\/media\/4394"}],"wp:attachment":[{"href":"https:\/\/blogit.apu.fi\/koponen\/api\/wp\/v2\/media?parent=4403"}],"wp:term":[{"taxonomy":"category","embeddable":true,"href":"https:\/\/blogit.apu.fi\/koponen\/api\/wp\/v2\/categories?post=4403"},{"taxonomy":"post_tag","embeddable":true,"href":"https:\/\/blogit.apu.fi\/koponen\/api\/wp\/v2\/tags?post=4403"}],"curies":[{"name":"wp","href":"https:\/\/api.w.org\/{rel}","templated":true}]}}