{"id":1141,"date":"2017-12-11T14:57:06","date_gmt":"2017-12-11T12:57:06","guid":{"rendered":"http:\/\/blogit.apu.fi\/sananvoimalla\/?p=1141"},"modified":"2018-02-28T09:46:05","modified_gmt":"2018-02-28T07:46:05","slug":"paakirjoitus-poyristyminen-uusi-musta","status":"publish","type":"post","link":"https:\/\/blogit.apu.fi\/sananvoimalla\/paakirjoitus-poyristyminen-uusi-musta\/","title":{"rendered":"P\u00e4\u00e4kirjoitus: P\u00f6yristyminen on uusi musta"},"content":{"rendered":"<p><strong>Suomalaisetko muka<\/strong> viilipyttym\u00e4isen viileit\u00e4?<br \/>\nH\u00f6p\u00f6 h\u00f6p\u00f6. Me olemme kiivastujia ja kuohahte\u00adlijoita, varsinaista p\u00f6yristyj\u00e4kansaa, ainakin jos somekohuihin on luottamista.<\/p>\n<figure id=\"attachment_1053\" aria-describedby=\"caption-attachment-1053\" style=\"width: 398px\" class=\"wp-caption alignleft\"><a rel=\"nofollow\" href=\"https:\/\/blogit-cdn.a-lehdet.fi\/uploads\/sites\/58\/2017\/10\/marja_aarnipuro_049.jpg\"><img decoding=\"async\" loading=\"lazy\" class=\"size-full wp-image-1053\" src=\"https:\/\/blogit-cdn.a-lehdet.fi\/uploads\/sites\/58\/2017\/10\/marja_aarnipuro_049.jpg\" alt=\"Marja Aarnipuro\" width=\"398\" height=\"600\" srcset=\"https:\/\/blogit-cdn.a-lehdet.fi\/uploads\/sites\/58\/2017\/10\/marja_aarnipuro_049.jpg 398w, https:\/\/blogit-cdn.a-lehdet.fi\/uploads\/sites\/58\/2017\/10\/marja_aarnipuro_049-199x300.jpg 199w\" sizes=\"(max-width: 398px) 100vw, 398px\" \/><\/a><figcaption id=\"caption-attachment-1053\" class=\"wp-caption-text\">Marja Aarnipuro<\/figcaption><\/figure>\n<p><strong>P\u00f6yristymme alpakoista<\/strong> ja natseista ja siit\u00e4, ettei P\u00f6rssiklubiin oteta naisia eik\u00e4 Naisasialiitto Unioniin miehi\u00e4. Twitteriss\u00e4kin retwiitataan miesten twiittej\u00e4 useammin kuin naisten!<br \/>\n<strong>Hurjistumme Hanna Sumarin<\/strong> kehotuksesta opettaa lapsille ravintolak\u00e4yt\u00f6st\u00e4 ja siit\u00e4, ettei <strong>Pirkko Arstila<\/strong> pid\u00e4 nuorten naisten tiukoista p\u00f6ksyist\u00e4, jotka paljastavat salaiset solat. P\u00f6yristymme <strong>Tuomas Enbusken<\/strong> ja <strong>Ulla Appelsinin<\/strong> kolumneista. Viel\u00e4 heit\u00e4kin p\u00f6yristytt\u00e4v\u00e4mpi on <strong>Sanna Ukkola<\/strong> intiaanip\u00e4\u00e4hineineen.<br \/>\nSaako p\u00e4iv\u00e4kodissa viett\u00e4\u00e4 joulujuhlaa tai koulussa laulaa suvivirtt\u00e4? Kuka saa juontaa<em> Napakympin<\/em>, <em>Kymppitonnin<\/em> tai <em>Bumtsibumin<\/em>? Miksi Stockmannilta ei saa en\u00e4\u00e4 muovikassia ilmaiseksi? Mik\u00e4 oikeus <strong>Saara Aallolla<\/strong> on p\u00e4\u00e4st\u00e4 suoraan euroviisuihin?<br \/>\nP\u00f6yristymme, jos joku haukkuu tai kehuu p\u00e4\u00e4ministeri <strong>Sipil\u00e4\u00e4<\/strong>.<strong> Sauli Niinist\u00f6<\/strong> on liian suosittu.<br \/>\nOn p\u00f6yristytt\u00e4v\u00e4\u00e4, jos sote-uudistus kaatuu tai toteutuu. L\u00e4nsimetro valmistui p\u00f6yristytt\u00e4v\u00e4n my\u00f6h\u00e4\u00e4n, siis bussit takaisin! K\u00e4rsiv\u00e4tk\u00f6 hein\u00e4sirkat, kun niit\u00e4 k\u00e4ytet\u00e4\u00e4n leip\u00e4\u00e4n? Kiusaavatko keliaakikot kokkeja? Saako nahkasta valmistaa juhla-asuja? Ent\u00e4 kenki\u00e4 tai v\u00f6it\u00e4? Kenen kanssa <strong>Touko Aalto<\/strong> saa seurustella? Mit\u00e4 Finlandia-voittajalla on oikeus sanoa?<br \/>\nVaikka p\u00f6yristyminen on uusi musta, pidet\u00e4\u00e4n mieless\u00e4, ett\u00e4 kiihtymys voi laukaista syd\u00e4nkohtauksen.<\/p>\n","protected":false},"excerpt":{"rendered":"<p>Suomalaisetko muka viilipyttym\u00e4isen viileit\u00e4? H\u00f6p\u00f6 h\u00f6p\u00f6. Me olemme kiivastujia ja kuohahte\u00adlijoita, varsinaista&hellip;<\/p>\n","protected":false},"author":50,"featured_media":0,"comment_status":"open","ping_status":"open","sticky":false,"template":"","format":"standard","meta":{"footnotes":""},"categories":[1],"tags":[59,266,844,993,1020,1142,1153,1192,1433],"acf":[],"platta":{"numLikes":0,"numComments":1,"category":null,"themes":[],"commercial_partner":null,"thumbnail":"https:\/\/blogit-cdn.a-lehdet.fi\/uploads\/sites\/58\/2017\/10\/marja_aarnipuro_049.jpg","blog_id":58},"jetpack_featured_media_url":"","_links":{"self":[{"href":"https:\/\/blogit.apu.fi\/sananvoimalla\/api\/wp\/v2\/posts\/1141"}],"collection":[{"href":"https:\/\/blogit.apu.fi\/sananvoimalla\/api\/wp\/v2\/posts"}],"about":[{"href":"https:\/\/blogit.apu.fi\/sananvoimalla\/api\/wp\/v2\/types\/post"}],"author":[{"embeddable":true,"href":"https:\/\/blogit.apu.fi\/sananvoimalla\/api\/wp\/v2\/users\/50"}],"replies":[{"embeddable":true,"href":"https:\/\/blogit.apu.fi\/sananvoimalla\/api\/wp\/v2\/comments?post=1141"}],"version-history":[{"count":1,"href":"https:\/\/blogit.apu.fi\/sananvoimalla\/api\/wp\/v2\/posts\/1141\/revisions"}],"predecessor-version":[{"id":1261,"href":"https:\/\/blogit.apu.fi\/sananvoimalla\/api\/wp\/v2\/posts\/1141\/revisions\/1261"}],"wp:attachment":[{"href":"https:\/\/blogit.apu.fi\/sananvoimalla\/api\/wp\/v2\/media?parent=1141"}],"wp:term":[{"taxonomy":"category","embeddable":true,"href":"https:\/\/blogit.apu.fi\/sananvoimalla\/api\/wp\/v2\/categories?post=1141"},{"taxonomy":"post_tag","embeddable":true,"href":"https:\/\/blogit.apu.fi\/sananvoimalla\/api\/wp\/v2\/tags?post=1141"}],"curies":[{"name":"wp","href":"https:\/\/api.w.org\/{rel}","templated":true}]}}