{"id":1158,"date":"2018-01-02T14:39:09","date_gmt":"2018-01-02T12:39:09","guid":{"rendered":"http:\/\/blogit.apu.fi\/sananvoimalla\/?p=1158"},"modified":"2018-02-28T09:46:02","modified_gmt":"2018-02-28T07:46:02","slug":"jorn-donner-karl-marx-elaa","status":"publish","type":"post","link":"https:\/\/blogit.apu.fi\/sananvoimalla\/jorn-donner-karl-marx-elaa\/","title":{"rendered":"J\u00f6rn Donner: Karl Marx el\u00e4\u00e4"},"content":{"rendered":"<p><strong>P\u00e4\u00e4tin l\u00e4hte\u00e4 viikon<\/strong> mittaiselle lomalle Teneriffalle mukanani (muiden kirjojen ohella) uusin <strong>Karl Marx<\/strong> -el\u00e4m\u00e4kerta saksaksi (yli 600 sivua). Uima-altaan reunalla t\u00e4m\u00e4n raskaan kirjan lukeminen oli vaivalloista, joten siirryin huoneeseeni, jonka parvekkeelle aurinko paistoi iltap\u00e4ivisin.<\/p>\n<figure id=\"attachment_858\" aria-describedby=\"caption-attachment-858\" style=\"width: 600px\" class=\"wp-caption alignleft\"><a rel=\"nofollow\" href=\"https:\/\/blogit-cdn.a-lehdet.fi\/uploads\/sites\/58\/2017\/04\/kolumnikuva_donner_2.jpg\"><img decoding=\"async\" loading=\"lazy\" class=\"size-full wp-image-858\" src=\"https:\/\/blogit-cdn.a-lehdet.fi\/uploads\/sites\/58\/2017\/04\/kolumnikuva_donner_2.jpg\" alt=\"J\u00f6rn Donner\" width=\"600\" height=\"534\" srcset=\"https:\/\/blogit-cdn.a-lehdet.fi\/uploads\/sites\/58\/2017\/04\/kolumnikuva_donner_2.jpg 600w, https:\/\/blogit-cdn.a-lehdet.fi\/uploads\/sites\/58\/2017\/04\/kolumnikuva_donner_2-300x267.jpg 300w\" sizes=\"(max-width: 600px) 100vw, 600px\" \/><\/a><figcaption id=\"caption-attachment-858\" class=\"wp-caption-text\">J\u00f6rn Donner<\/figcaption><\/figure>\n<p>Kirja tuli luettua. Se her\u00e4tti muistoja 16-vuotiaalle vavahduttavasta kokemuksesta, kun sain k\u00e4siini Marxin <em>Kommunistisen manifestin<\/em>, kaikkien aikojen parhaan poliittisen pamfletin, ehk\u00e4 <em>Koraanin<\/em> ja <em>Raamatun<\/em> ohella. Viimeksi mainitut eiv\u00e4t kuitenkaan yll\u00e4 Marxin proosalle, joka sai minut jatkossa kyseenalaistamaan yhteiskunnan normeja, Marxin tunnuslauseen mukaan: <em>De omnibus dubitandum<\/em> eli \u201dkaikkea on ep\u00e4ilt\u00e4v\u00e4\u201d.<br \/>\nT\u00e4m\u00e4 olisi sopinut etenkin niille, jotka j\u00e4lkeenp\u00e4in Marxin nimiss\u00e4 loivat \u201dproletaarisen diktatuurin\u201d ja onnistuivat tappamaan sananvapauden murhaamalla toisinajattelijat tai l\u00e4hett\u00e4m\u00e4ll\u00e4 heid\u00e4t gulagille. V\u00e4h\u00e4n samantapaista tapahtuu Pohjois-Koreassa, ja lievemm\u00e4ss\u00e4 muodossa Kiinassa.<br \/>\nTuo uusi el\u00e4m\u00e4kerta tuo vakuuttavasti esiin sen tosiasian, ett\u00e4 Marxin perusteosta <em>P\u00e4\u00e4omaa<\/em> olisi ollut syyt\u00e4 juhlia nyt sen julkaisun 150-vuotisp\u00e4iv\u00e4n\u00e4. Kirja tuli julki syyskuun 11. p\u00e4iv\u00e4n\u00e4 vuonna 1867. Yli 900-sivuinen P\u00e4\u00e4oma on nimitt\u00e4in edelleen ajankohtainen, vaikka <strong>Thomas Piketty<\/strong> vuonna 2013 yritti tehd\u00e4 uuden version. Jopa Ranskan presidentti<strong> Macron<\/strong> suositteli \u00e4skett\u00e4in Marxin teosta.<\/p>\n<p><strong>Yksi P\u00e4\u00e4oman lukijoista<\/strong> oli yst\u00e4v\u00e4ni, kansanedustaja ja ajattelija<strong> Atos Wirtanen<\/strong>, joka osasi siteerata sopivia kohtia alkuteoksesta. Marxin mukaan kansainv\u00e4linen kapitalismi oli kehittym\u00e4ss\u00e4 kohti monopoleja, mik\u00e4 edelleenkin osittain pit\u00e4\u00e4 paikkansa. Niinp\u00e4 Atos kuvitteli, ett\u00e4 t\u00e4llainen maailmanlaajuinen rahanvallan keskittym\u00e4 voitaisiin sitten sosialisoida.<br \/>\nSe on mahdottomuus, mutta mietit\u00e4\u00e4np\u00e4, mit\u00e4 on tapahtumassa t\u00e4ll\u00e4 hetkell\u00e4 rahanvallan maailmassa. Esimerkiksi k\u00e4y muutaman opiskelijan perustama yritys nimelt\u00e4\u00e4n Facebook, jonka p\u00f6rssiarvo h\u00e4tyytt\u00e4\u00e4 jo 500:aa miljardia euroa ja siis on huomattavasti enemm\u00e4n kuin Suomen bruttokansantuote.<br \/>\nMarx ei aavistanut, eik\u00e4 kukaan muukaan, mink\u00e4 ratkaisevan muutoksen parikymment\u00e4 viime vuotta ovat tuoneet mukanaan \u2013 Facebookin ohella sellaiset yhti\u00f6t kuin Apple, Amazon, Alibaba ja Alphabet (Googlea hallinnoiva monialayritys), ynn\u00e4 muut.<\/p>\n<p><strong>Maailmankuvaa muuttava<\/strong> ja v\u00e4hitellen kaikkeen kehitykseen vaikuttava Karl Marx oli elintavoiltaan porvari ja melkein aina rutik\u00f6yh\u00e4. H\u00e4nen vaimonsa valitteli, ett\u00e4 mies olisi voinut luoda hieman omaa p\u00e4\u00e4omaa sen sijaan, ett\u00e4 kirjoitti siit\u00e4. Ainaisiin rahahuoliin auttoi yst\u00e4v\u00e4 <strong>Friedrich Engels<\/strong>, jonka nimeen liittyy tuo kommunismin maissa harrastettu kuvapalvonta, Marx ja Engels vierekk\u00e4in.<br \/>\nMarx tappoi itsens\u00e4 ty\u00f6ll\u00e4, tupakalla ja juomalla. Oikeastaan on ihme, ett\u00e4 h\u00e4n pysyi hengiss\u00e4 65 vuotta. H\u00e4n yritti parantaa elintapojaan matkustamalla sen ajan kylpyl\u00f6ihin, joista yhdess\u00e4, Karlsbadissa, (nykyisin Karlovy Vary) h\u00e4n k\u00e4vi per\u00e4ti kolme kertaa. Monet muutkin Euroopan kuuluisuudet saatiin uskoteltua luottamaan n\u00e4iden juottopaikkojen terveellisyyteen. Marxia se ei kuitenkaan auttanut, vaikka h\u00e4n uskotteli itselleen parantuneensa, mik\u00e4 ei pit\u00e4nyt paikkansa. Ne elintavat! Kuntosaleja ei ollut.<\/p>\n<p><strong>Seurasin nyt viikon<\/strong> ajan Marxin v\u00e4rik\u00e4st\u00e4 el\u00e4m\u00e4\u00e4 ja melkein kaikkeen ulottuvaa uteliaisuutta, ja annoin altaan reunalla lojuvien l\u00e4skikasojen rauhassa ruskettua. Tuli taas mieleen, ett\u00e4 t\u00e4m\u00e4n Trieriss\u00e4 syntyneen juutalaisen miehen 150 vuotta sitten esitt\u00e4m\u00e4t ajatukset el\u00e4v\u00e4t edelleen, vaikka se sosialismi, josta h\u00e4n uneksi, muuttui v\u00e4lill\u00e4 irvikuvaksi. Viel\u00e4kin tarvittaisiin kaikkea kyseenalaistavia ajatuksia meid\u00e4nkin yhteiskunnassamme, jossa yksi totuus t\u00e4ll\u00e4 hetkell\u00e4 on vallassa.<br \/>\nP\u00e4\u00e4sin kotiin vakuuttuneena siit\u00e4, ett\u00e4 Marx on hyvin hengiss\u00e4, ja ett\u00e4 h\u00e4nt\u00e4 kannattaa edelleen lukea. Oma matkani kannatti siis. Ilmaislis\u00e4n\u00e4 sain v\u00e4h\u00e4n aurinkoa.<\/p>\n","protected":false},"excerpt":{"rendered":"<p>P\u00e4\u00e4tin l\u00e4hte\u00e4 viikon mittaiselle lomalle Teneriffalle mukanani (muiden kirjojen ohella) uusin Karl&hellip;<\/p>\n","protected":false},"author":50,"featured_media":0,"comment_status":"open","ping_status":"open","sticky":false,"template":"","format":"standard","meta":{"footnotes":""},"categories":[1],"tags":[166,237,491,579,909],"acf":[],"platta":{"numLikes":0,"numComments":8,"category":null,"themes":[],"commercial_partner":null,"thumbnail":"https:\/\/blogit-cdn.a-lehdet.fi\/uploads\/sites\/58\/2017\/04\/kolumnikuva_donner_2.jpg","blog_id":58},"jetpack_featured_media_url":"","_links":{"self":[{"href":"https:\/\/blogit.apu.fi\/sananvoimalla\/api\/wp\/v2\/posts\/1158"}],"collection":[{"href":"https:\/\/blogit.apu.fi\/sananvoimalla\/api\/wp\/v2\/posts"}],"about":[{"href":"https:\/\/blogit.apu.fi\/sananvoimalla\/api\/wp\/v2\/types\/post"}],"author":[{"embeddable":true,"href":"https:\/\/blogit.apu.fi\/sananvoimalla\/api\/wp\/v2\/users\/50"}],"replies":[{"embeddable":true,"href":"https:\/\/blogit.apu.fi\/sananvoimalla\/api\/wp\/v2\/comments?post=1158"}],"version-history":[{"count":1,"href":"https:\/\/blogit.apu.fi\/sananvoimalla\/api\/wp\/v2\/posts\/1158\/revisions"}],"predecessor-version":[{"id":1254,"href":"https:\/\/blogit.apu.fi\/sananvoimalla\/api\/wp\/v2\/posts\/1158\/revisions\/1254"}],"wp:attachment":[{"href":"https:\/\/blogit.apu.fi\/sananvoimalla\/api\/wp\/v2\/media?parent=1158"}],"wp:term":[{"taxonomy":"category","embeddable":true,"href":"https:\/\/blogit.apu.fi\/sananvoimalla\/api\/wp\/v2\/categories?post=1158"},{"taxonomy":"post_tag","embeddable":true,"href":"https:\/\/blogit.apu.fi\/sananvoimalla\/api\/wp\/v2\/tags?post=1158"}],"curies":[{"name":"wp","href":"https:\/\/api.w.org\/{rel}","templated":true}]}}