{"id":316,"date":"2015-12-21T09:32:50","date_gmt":"2015-12-21T07:32:50","guid":{"rendered":"http:\/\/blogit.apu.fi\/sananvoimalla\/?p=316"},"modified":"2018-02-28T09:56:59","modified_gmt":"2018-02-28T07:56:59","slug":"paakirjoitus-joulun-merkitys","status":"publish","type":"post","link":"https:\/\/blogit.apu.fi\/sananvoimalla\/paakirjoitus-joulun-merkitys\/","title":{"rendered":"P\u00e4\u00e4kirjoitus: Joulun merkitys"},"content":{"rendered":"<p><strong>Mit\u00e4 joulu<\/strong> sinulle merkitsee? Esitin kysymyksen ty\u00f6kavereille aamukahvip\u00f6yd\u00e4ss\u00e4. Vuoden kiihkeimpien ty\u00f6viikkojen j\u00e4lkeen vas-taukset eiv\u00e4t yll\u00e4tt\u00e4neet. Kristityille joulu on Jeesuksen syntym\u00e4juhla, mutta kaikille meille ty\u00f6ss\u00e4k\u00e4yville se on my\u00f6s tervetullut tauko arjen hy\u00f6rin\u00e4\u00e4n.<\/p>\n<figure id=\"attachment_268\" aria-describedby=\"caption-attachment-268\" style=\"width: 200px\" class=\"wp-caption alignleft\"><a rel=\"nofollow\" href=\"https:\/\/blogit-cdn.a-lehdet.fi\/uploads\/sites\/58\/2015\/11\/marja_aarnipuro_paakkari8.jpg\"><img decoding=\"async\" loading=\"lazy\" class=\"size-medium wp-image-268\" src=\"https:\/\/blogit-cdn.a-lehdet.fi\/uploads\/sites\/58\/2015\/11\/marja_aarnipuro_paakkari8-200x300.jpg\" alt=\"Marja Aarnipuro\" width=\"200\" height=\"300\" srcset=\"https:\/\/blogit-cdn.a-lehdet.fi\/uploads\/sites\/58\/2015\/11\/marja_aarnipuro_paakkari8-200x300.jpg 200w, https:\/\/blogit-cdn.a-lehdet.fi\/uploads\/sites\/58\/2015\/11\/marja_aarnipuro_paakkari8.jpg 400w\" sizes=\"(max-width: 200px) 100vw, 200px\" \/><\/a><figcaption id=\"caption-attachment-268\" class=\"wp-caption-text\">Marja Aarnipuro<\/figcaption><\/figure>\n<p><strong>Jouluna rauhoitutaan<\/strong> ja lev\u00e4t\u00e4\u00e4n. Luetaan kirjoja, kuunnellaan musiikkia, fiilistell\u00e4\u00e4n ja ollaan vaan. Ty\u00f6kaverini viett\u00e4v\u00e4t joulunsa mieluiten rauhassa oman perheen kesken, aivan kuten min\u00e4kin.<br \/>\n<strong>Kaikilla ei<\/strong> kuitenkaan ole perhett\u00e4. Suomessa oli vuoden 2014 lopulla yli miljoona yhden hengen asuntokuntaa, ja m\u00e4\u00e4r\u00e4 on kasvussa. Kaikki yksin asuvat eiv\u00e4t ole nuoria sinkkuja, jotka voivat halutessaan matkustaa vanhempiensa luokse joulunviettoon. Yksin asuvista nimitt\u00e4in l\u00e4hes 40 prosenttia on yli 65-vuotiaita.<br \/>\n<strong>Yksin el\u00e4vien<\/strong> joukossa on paljon vanhuksia, jotka viett\u00e4v\u00e4t joulunsa yksin tahtomattaan. He k\u00e4yv\u00e4t ehk\u00e4 kirkossa ja viev\u00e4t puolison haudalle kynttil\u00e4n. He sy\u00f6v\u00e4t jouluateriansa yksin ja katsovat televisiota, jonka jouluohjelmisto on jouluna suunnattu lapsiperheille. He katselevat valokuvia ja muistelevat menneit\u00e4 jouluja. Voi olla, ett\u00e4 he eiv\u00e4t saa yht\u00e4\u00e4n lahjaa eik\u00e4 heill\u00e4 ole ket\u00e4\u00e4n, jolle lahjan antaisivat.<br \/>\n<strong>Jouluna meid\u00e4n<\/strong> perheellisten olisi hyv\u00e4 muistaa yksin\u00e4isi\u00e4. Yst\u00e4v\u00e4ni on ottanut tavakseen tervehti\u00e4 joka ainoaa vastaan tulevaa ik\u00e4ihmist\u00e4 \u2013 muulloinkin kuin jouluna. Tuo kohtaaminen saattaa olla vanhukselle p\u00e4iv\u00e4n ainoa yhteys toiseen ihmiseen. Kaunis tapa.<\/p>\n","protected":false},"excerpt":{"rendered":"<p>Mit\u00e4 joulu sinulle merkitsee? Esitin kysymyksen ty\u00f6kavereille aamukahvip\u00f6yd\u00e4ss\u00e4. Vuoden kiihkeimpien ty\u00f6viikkojen j\u00e4lkeen&hellip;<\/p>\n","protected":false},"author":50,"featured_media":0,"comment_status":"open","ping_status":"open","sticky":false,"template":"","format":"standard","meta":{"footnotes":""},"categories":[1],"tags":[417,564,963,1085,1502,1588],"acf":[],"platta":{"numLikes":0,"numComments":0,"category":null,"themes":[],"commercial_partner":null,"thumbnail":"https:\/\/blogit-cdn.a-lehdet.fi\/uploads\/sites\/58\/2015\/11\/marja_aarnipuro_paakkari8-200x300.jpg","blog_id":58},"jetpack_featured_media_url":"","_links":{"self":[{"href":"https:\/\/blogit.apu.fi\/sananvoimalla\/api\/wp\/v2\/posts\/316"}],"collection":[{"href":"https:\/\/blogit.apu.fi\/sananvoimalla\/api\/wp\/v2\/posts"}],"about":[{"href":"https:\/\/blogit.apu.fi\/sananvoimalla\/api\/wp\/v2\/types\/post"}],"author":[{"embeddable":true,"href":"https:\/\/blogit.apu.fi\/sananvoimalla\/api\/wp\/v2\/users\/50"}],"replies":[{"embeddable":true,"href":"https:\/\/blogit.apu.fi\/sananvoimalla\/api\/wp\/v2\/comments?post=316"}],"version-history":[{"count":1,"href":"https:\/\/blogit.apu.fi\/sananvoimalla\/api\/wp\/v2\/posts\/316\/revisions"}],"predecessor-version":[{"id":1557,"href":"https:\/\/blogit.apu.fi\/sananvoimalla\/api\/wp\/v2\/posts\/316\/revisions\/1557"}],"wp:attachment":[{"href":"https:\/\/blogit.apu.fi\/sananvoimalla\/api\/wp\/v2\/media?parent=316"}],"wp:term":[{"taxonomy":"category","embeddable":true,"href":"https:\/\/blogit.apu.fi\/sananvoimalla\/api\/wp\/v2\/categories?post=316"},{"taxonomy":"post_tag","embeddable":true,"href":"https:\/\/blogit.apu.fi\/sananvoimalla\/api\/wp\/v2\/tags?post=316"}],"curies":[{"name":"wp","href":"https:\/\/api.w.org\/{rel}","templated":true}]}}