{"id":605,"date":"2016-09-06T11:59:13","date_gmt":"2016-09-06T08:59:13","guid":{"rendered":"http:\/\/blogit.apu.fi\/sananvoimalla\/?p=605"},"modified":"2018-02-28T09:52:34","modified_gmt":"2018-02-28T07:52:34","slug":"tuomas-enbuske-ei-ihmisista-ole-pakko-pitaa-enemman-kuin-delfiineista","status":"publish","type":"post","link":"https:\/\/blogit.apu.fi\/sananvoimalla\/tuomas-enbuske-ei-ihmisista-ole-pakko-pitaa-enemman-kuin-delfiineista\/","title":{"rendered":"Tuomas Enbuske: Ei ihmisist\u00e4 ole pakko pit\u00e4\u00e4 enemm\u00e4n kuin delfiineist\u00e4!"},"content":{"rendered":"<p><strong>S\u00e4rk\u00e4nniemen delfiineist\u00e4<\/strong> ollaan kyll\u00e4 kiinnostuneita, muttei vanhustenhoidosta. N\u00e4in kritisoi Ilta-Sanomien p\u00e4\u00e4toimittaja <strong>Ulla Appelsin<\/strong> kolumnissaan. Kun S\u00e4rk\u00e4nniemi salaili delfiinien siirt\u00e4mist\u00e4 Kreikkaan, delfiinikriitikoiden yleisin ajatus oli juuri tuo \u201donhan t\u00e4ss\u00e4 nyt t\u00e4rke\u00e4mpi\u00e4kin asioita\u201d.<br \/>\nYmm\u00e4rr\u00e4n sen viel\u00e4 muilta, mutta outoa se oli Ilta-Sanomien p\u00e4\u00e4toimittajalta. Sama lehtih\u00e4n oli viikon puhunut delfiineist\u00e4. Samoin kuin kokoomus torjui oman ehdotuksensa p\u00e4iv\u00e4hoitomaksujen korotuksesta, Ulla Appelsin torjui nyt omaa maaliaan.<\/p>\n<div id=\"attachment_367\" class=\"wp-caption alignleft\"><a rel=\"nofollow\" href=\"https:\/\/blogit-cdn.a-lehdet.fi\/uploads\/sites\/58\/2016\/01\/apu_blogi_tuomas_07.jpg\"><img decoding=\"async\" loading=\"lazy\" class=\"size-medium wp-image-367\" src=\"https:\/\/blogit-cdn.a-lehdet.fi\/uploads\/sites\/58\/2016\/01\/apu_blogi_tuomas_07-230x300.jpg\" alt=\"Tuomas Enbuske\" width=\"230\" height=\"300\" srcset=\"https:\/\/blogit-cdn.a-lehdet.fi\/uploads\/sites\/58\/2016\/01\/apu_blogi_tuomas_07-230x300.jpg 230w, https:\/\/blogit-cdn.a-lehdet.fi\/uploads\/sites\/58\/2016\/01\/apu_blogi_tuomas_07-768x1002.jpg 768w, https:\/\/blogit-cdn.a-lehdet.fi\/uploads\/sites\/58\/2016\/01\/apu_blogi_tuomas_07-785x1024.jpg 785w, https:\/\/blogit-cdn.a-lehdet.fi\/uploads\/sites\/58\/2016\/01\/apu_blogi_tuomas_07.jpg 1000w\" sizes=\"(max-width: 230px) 100vw, 230px\" \/><\/a><\/p>\n<p class=\"wp-caption-text\">Tuomas Enbuske<\/p>\n<\/div>\n<p><strong>Olisi\u2009 mukavaa kuulla<\/strong> empatiapoliiseilta viiden t\u00e4rke\u00e4n asian lista, joista saisi olla huolissaan. Veikkaan, ett\u00e4 listalla ei olisi yht\u00e4\u00e4n suomalaista ongelmaa. K\u00f6yhin suomalainen sotaveteraanikin el\u00e4\u00e4 kuin kuningas, jos h\u00e4nt\u00e4 verrataan vaikka burundilaiseen albiinoon. Miksei Ilta-Sanomat uutisoi pelk\u00e4st\u00e4\u00e4n burundilaisista albiinoista?<br \/>\nVanhuksia kohdellaan nyky\u00e4\u00e4n sit\u00e4 paitsi paremmin kuin ikin\u00e4 maailmanhistoriassa. <strong>Pave Maijanen<\/strong>laulaa kappaleessaan<em> Pid\u00e4 huolta<\/em>, ett\u00e4 \u201dmuista, vanhukset ei kuulu vanhainkotiin\u201d.<br \/>\nMiksi vanhukset eiv\u00e4t saisi olla vanhainkodissa? Kenen niit\u00e4 pit\u00e4isi j\u00e4\u00e4d\u00e4 hoitamaan? Omien lasten? Eli suomeksi sanottuna naisten.<\/p>\n<p><strong>Mutta ket\u00e4 kohtaan<\/strong> t\u00e4ss\u00e4 nyt sitten pit\u00e4isi tuntea eniten empatiaa?<br \/>\nMets\u00e4st\u00e4j\u00e4-ker\u00e4\u00e4j\u00e4\u00e4 kiinnosti juuri ja juuri oma perhe ja heimossa hengailijat. Silloinkin oli tyypillist\u00e4, ett\u00e4 vanhukset ja vammaiset lapset potkaistiin ulos ja j\u00e4tettiin kuolemaan. Valtiot ovat vain muutama sata vuotta vanha rakennelma.<br \/>\nKun viimein el\u00e4mme ihmiskunnan vaurainta ja v\u00e4hiten sotaista aikaa, empatiamme on pikku hiljaa alkanut kohdistua my\u00f6s kaukaisiin kansoihin, pakolaisiin ja el\u00e4inten oikeuksiin. T\u00e4m\u00e4 kehitys kertoo ihmisest\u00e4 hyv\u00e4\u00e4.<br \/>\nMutta miksi ihmisen pit\u00e4isi kokea enemm\u00e4n empatiaa ihmisi\u00e4 kuin el\u00e4imi\u00e4 kohtaan? Varsinkaan, kun n\u00e4m\u00e4 tutkitusti eiv\u00e4t ole toisiltaan pois. Kenell\u00e4 ylip\u00e4\u00e4t\u00e4\u00e4n on oikeus sanoa, kenest\u00e4 pit\u00e4\u00e4 v\u00e4litt\u00e4\u00e4?<br \/>\nJos on ulkoiluttanut koiraansa aamuin illoin 17 vuotta, totta kai sen menetys tuntuu pahemmalta kuin kuolonuhreja aiheuttava junaonnettomuus Intiassa. Jos emme kokisi noin, emme olisi ihmisi\u00e4. Olisimme robotteja.<\/p>\n<p><strong>Yksi selitys delfiineist\u00e4<\/strong> huolehtimiseen on ollut se, ett\u00e4 delfiinit ovat \u00e4lykk\u00e4it\u00e4. Ja totta, ihminen on suureen osaan el\u00e4imist\u00e4 verrattuna idiootti. Siis kemosensorinen idiootti. Me mittaamme \u00e4lyksi sit\u00e4, mit\u00e4 itse osaamme tehd\u00e4. Delfiinien kommunikaatio on niin \u00e4lyk\u00e4st\u00e4, ettei tiede ole viel\u00e4 voinut selvitt\u00e4\u00e4 mit\u00e4 kaikkea ne kommunikoivat.<br \/>\nMutta \u00e4lykkyyskin on ongelmallinen empatian mitta. Sill\u00e4 logiikallahan meid\u00e4n pit\u00e4si kohdella \u00e4lykk\u00e4it\u00e4 ihmisi\u00e4kin paremmin kuin tyhmi\u00e4. Silloin ensihoitajan pit\u00e4isi valita h\u00e4t\u00e4tilanteessa aikuinen mieluummin kuin alle nelivuotias lapsi, joka ei ole viel\u00e4 kehittynyt edes muita simpanssilajeja \u00e4lykk\u00e4\u00e4mm\u00e4ksi.<br \/>\nOleellisinta on my\u00f6t\u00e4tunto, ei kytt\u00e4ys sen kohteesta.<\/p>\n<p><strong>Argumentti, ettei<\/strong> asiasta X saisi olla huolissaan, koska asia Y on viel\u00e4 hoitamatta, on \u00e4lyllisesti laiska. Empatia ei ole kuin tilill\u00e4 oleva raha, jota on henkisess\u00e4 lompakossa vain tietty m\u00e4\u00e4r\u00e4 ja sit\u00e4 pit\u00e4isi k\u00e4ytt\u00e4\u00e4 s\u00e4\u00e4nnellen.<br \/>\nOman havaintoni mukaan samat henkil\u00f6t, jotka meuhkasivat delfiineist\u00e4, ovat meuhkanneet kova\u00e4\u00e4nisesti my\u00f6s k\u00f6yhien,vanhustenhuollon ja maahanmuuttajien asemasta.<\/p>\n","protected":false},"excerpt":{"rendered":"<p>S\u00e4rk\u00e4nniemen delfiineist\u00e4 ollaan kyll\u00e4 kiinnostuneita, muttei vanhustenhoidosta. N\u00e4in kritisoi Ilta-Sanomien p\u00e4\u00e4toimittaja Ulla&hellip;<\/p>\n","protected":false},"author":50,"featured_media":0,"comment_status":"open","ping_status":"open","sticky":false,"template":"","format":"standard","meta":{"footnotes":""},"categories":[1],"tags":[130,179,519,1433,1502],"acf":[],"platta":{"numLikes":0,"numComments":16,"category":null,"themes":[],"commercial_partner":null,"thumbnail":"https:\/\/blogit-cdn.a-lehdet.fi\/uploads\/sites\/58\/2016\/01\/apu_blogi_tuomas_07-230x300.jpg","blog_id":58},"jetpack_featured_media_url":"","_links":{"self":[{"href":"https:\/\/blogit.apu.fi\/sananvoimalla\/api\/wp\/v2\/posts\/605"}],"collection":[{"href":"https:\/\/blogit.apu.fi\/sananvoimalla\/api\/wp\/v2\/posts"}],"about":[{"href":"https:\/\/blogit.apu.fi\/sananvoimalla\/api\/wp\/v2\/types\/post"}],"author":[{"embeddable":true,"href":"https:\/\/blogit.apu.fi\/sananvoimalla\/api\/wp\/v2\/users\/50"}],"replies":[{"embeddable":true,"href":"https:\/\/blogit.apu.fi\/sananvoimalla\/api\/wp\/v2\/comments?post=605"}],"version-history":[{"count":1,"href":"https:\/\/blogit.apu.fi\/sananvoimalla\/api\/wp\/v2\/posts\/605\/revisions"}],"predecessor-version":[{"id":1458,"href":"https:\/\/blogit.apu.fi\/sananvoimalla\/api\/wp\/v2\/posts\/605\/revisions\/1458"}],"wp:attachment":[{"href":"https:\/\/blogit.apu.fi\/sananvoimalla\/api\/wp\/v2\/media?parent=605"}],"wp:term":[{"taxonomy":"category","embeddable":true,"href":"https:\/\/blogit.apu.fi\/sananvoimalla\/api\/wp\/v2\/categories?post=605"},{"taxonomy":"post_tag","embeddable":true,"href":"https:\/\/blogit.apu.fi\/sananvoimalla\/api\/wp\/v2\/tags?post=605"}],"curies":[{"name":"wp","href":"https:\/\/api.w.org\/{rel}","templated":true}]}}