{"id":2502,"date":"2016-04-16T12:08:56","date_gmt":"2016-04-16T09:08:56","guid":{"rendered":"http:\/\/blogit.image.fi\/sininenkirjahylly\/?p=2502"},"modified":"2018-02-28T09:53:15","modified_gmt":"2018-02-28T07:53:15","slug":"merkillinen-museo","status":"publish","type":"post","link":"https:\/\/blogit.apu.fi\/sininenkirjahylly\/merkillinen-museo\/","title":{"rendered":"Merkillinen museo"},"content":{"rendered":"<p>K\u00e4vin merkillisess\u00e4 museossa nimelt\u00e4 <a rel=\"nofollow\" href=\"http:\/\/www.museumderdinge.de\">Museum der Dinge,<\/a> eli esineiden museo. Museota pit\u00e4\u00e4 yksityinen s\u00e4\u00e4ti\u00f6, tosin Saksan valtion tuella. Esill\u00e4 oli pikkuinen <a rel=\"nofollow\" href=\"http:\/\/www.museumderdinge.de\/ausstellungen\/masse-und-klasse-gebrauchsgrafik-der-ddr\">it\u00e4saksalaisen k\u00e4ytt\u00f6graafikan n\u00e4yttely<\/a>. Ihania juttuja!<\/p>\n<p><a rel=\"nofollow\" href=\"https:\/\/blogit-cdn.a-lehdet.fi\/uploads\/sites\/59\/2016\/04\/nayttokuva-2016-04-16-kello-11-52-10.png\" rel=\"attachment wp-att-2503\"><img decoding=\"async\" loading=\"lazy\" class=\"alignnone wp-image-2503\" src=\"https:\/\/blogit-cdn.a-lehdet.fi\/uploads\/sites\/59\/2016\/04\/nayttokuva-2016-04-16-kello-11-52-10.png\" alt=\"N\u00e4ytt\u00f6kuva 2016-04-16 kello 11.52.10\" width=\"416\" height=\"530\" srcset=\"https:\/\/blogit-cdn.a-lehdet.fi\/uploads\/sites\/59\/2016\/04\/nayttokuva-2016-04-16-kello-11-52-10.png 554w, https:\/\/blogit-cdn.a-lehdet.fi\/uploads\/sites\/59\/2016\/04\/nayttokuva-2016-04-16-kello-11-52-10-235x300.png 235w\" sizes=\"(max-width: 416px) 100vw, 416px\" \/><\/a><\/p>\n<p><em>Lehtien kansia DDR:st\u00e4.<\/em><\/p>\n<p><a rel=\"nofollow\" href=\"https:\/\/blogit-cdn.a-lehdet.fi\/uploads\/sites\/59\/2016\/04\/nayttokuva-2016-04-16-kello-11-50-25.png\" rel=\"attachment wp-att-2506\"><img decoding=\"async\" loading=\"lazy\" class=\"alignnone size-large wp-image-2506\" src=\"https:\/\/blogit-cdn.a-lehdet.fi\/uploads\/sites\/59\/2016\/04\/nayttokuva-2016-04-16-kello-11-50-25.png\" alt=\"N\u00e4ytt\u00f6kuva 2016-04-16 kello 11.50.25\" width=\"486\" height=\"703\" srcset=\"https:\/\/blogit-cdn.a-lehdet.fi\/uploads\/sites\/59\/2016\/04\/nayttokuva-2016-04-16-kello-11-50-25.png 486w, https:\/\/blogit-cdn.a-lehdet.fi\/uploads\/sites\/59\/2016\/04\/nayttokuva-2016-04-16-kello-11-50-25-207x300.png 207w\" sizes=\"(max-width: 486px) 100vw, 486px\" \/><\/a>\u00a0\u00a0<a rel=\"nofollow\" href=\"https:\/\/blogit-cdn.a-lehdet.fi\/uploads\/sites\/59\/2016\/04\/nayttokuva-2016-04-16-kello-11-49-59.png\" rel=\"attachment wp-att-2509\"><img decoding=\"async\" loading=\"lazy\" class=\"alignnone size-large wp-image-2509\" src=\"https:\/\/blogit-cdn.a-lehdet.fi\/uploads\/sites\/59\/2016\/04\/nayttokuva-2016-04-16-kello-11-49-59.png\" alt=\"N\u00e4ytt\u00f6kuva 2016-04-16 kello 11.49.59\" width=\"549\" height=\"414\" srcset=\"https:\/\/blogit-cdn.a-lehdet.fi\/uploads\/sites\/59\/2016\/04\/nayttokuva-2016-04-16-kello-11-49-59.png 549w, https:\/\/blogit-cdn.a-lehdet.fi\/uploads\/sites\/59\/2016\/04\/nayttokuva-2016-04-16-kello-11-49-59-300x226.png 300w\" sizes=\"(max-width: 549px) 100vw, 549px\" \/><\/a><\/p>\n<p><em>Leikkikaluja<\/em><\/p>\n<p>Nimens\u00e4 mukaisesti museo arkistoi tavaraa, siis aivan tuikitavallista, arkista kamaa. Lasivitriineiss\u00e4 on esill\u00e4 vaihtuvia kokonaisuuksia. Tuntui kuin olisi k\u00e4ynyt jonkun eksentrisen ker\u00e4ilij\u00e4n luona. Oli esimerkiksi muoviesineit\u00e4 id\u00e4st\u00e4 ja l\u00e4nnest\u00e4, kitschi\u00e4, matkamuistoja, tavaroita jotka esitt\u00e4v\u00e4t jotain muuta (mm. pilailukakka ja pomppiva pippeli), kirjoituskoneita, vanhoja kihartimia, leikkikaluja DDR:st\u00e4 ja jostain kummasta syyst\u00e4 pankkien retros\u00e4\u00e4st\u00f6lippaita Suomesta!<\/p>\n<p><img decoding=\"async\" loading=\"lazy\" class=\"alignnone size-large wp-image-2505\" src=\"https:\/\/blogit-cdn.a-lehdet.fi\/uploads\/sites\/59\/2016\/04\/nayttokuva-2016-04-16-kello-11-50-46.png\" alt=\"N\u00e4ytt\u00f6kuva 2016-04-16 kello 11.50.46\" width=\"556\" height=\"410\" srcset=\"https:\/\/blogit-cdn.a-lehdet.fi\/uploads\/sites\/59\/2016\/04\/nayttokuva-2016-04-16-kello-11-50-46.png 556w, https:\/\/blogit-cdn.a-lehdet.fi\/uploads\/sites\/59\/2016\/04\/nayttokuva-2016-04-16-kello-11-50-46-300x221.png 300w\" sizes=\"(max-width: 556px) 100vw, 556px\" \/><\/p>\n<p><em>Beirette-kamera 1980-luvulta. Beirette oli it\u00e4saksalainen kameramerkki, joka on nyky\u00e4\u00e4n ker\u00e4ilij\u00f6iden suosiossa. T\u00e4m\u00e4 malli on tosi iloinen!<\/em><\/p>\n<p>Toisaalta esill\u00e4 oli my\u00f6s design-astioita id\u00e4st\u00e4 sek\u00e4 l\u00e4nnest\u00e4, Berliinin olympialaisten matkamuistoja ja kaikenlaista natsikr\u00e4\u00e4s\u00e4\u00e4.<\/p>\n<p><img decoding=\"async\" loading=\"lazy\" class=\"alignnone size-large wp-image-2507\" src=\"https:\/\/blogit-cdn.a-lehdet.fi\/uploads\/sites\/59\/2016\/04\/nayttokuva-2016-04-16-kello-11-50-08.png\" alt=\"N\u00e4ytt\u00f6kuva 2016-04-16 kello 11.50.08\" width=\"554\" height=\"413\" srcset=\"https:\/\/blogit-cdn.a-lehdet.fi\/uploads\/sites\/59\/2016\/04\/nayttokuva-2016-04-16-kello-11-50-08.png 554w, https:\/\/blogit-cdn.a-lehdet.fi\/uploads\/sites\/59\/2016\/04\/nayttokuva-2016-04-16-kello-11-50-08-300x224.png 300w\" sizes=\"(max-width: 554px) 100vw, 554px\" \/><\/p>\n<p>Museo pit\u00e4\u00e4 my\u00f6s <a rel=\"nofollow\" href=\"http:\/\/www.museumderdinge.org\/collection\/document-collection-archives\">arkistoa,<\/a> jossa on tavaroiden lis\u00e4ksi muotoilijoiden dokumentteja. Kirjastossa on 10 000 nimikett\u00e4 ja se palvelee sek\u00e4 tavallisten kansalaisten ett\u00e4 tutkijoiden tarpeita.<\/p>\n<p><img decoding=\"async\" loading=\"lazy\" class=\"alignnone wp-image-2504\" src=\"https:\/\/blogit-cdn.a-lehdet.fi\/uploads\/sites\/59\/2016\/04\/nayttokuva-2016-04-16-kello-11-51-50.png\" alt=\"N\u00e4ytt\u00f6kuva 2016-04-16 kello 11.51.50\" width=\"383\" height=\"490\" srcset=\"https:\/\/blogit-cdn.a-lehdet.fi\/uploads\/sites\/59\/2016\/04\/nayttokuva-2016-04-16-kello-11-51-50.png 557w, https:\/\/blogit-cdn.a-lehdet.fi\/uploads\/sites\/59\/2016\/04\/nayttokuva-2016-04-16-kello-11-51-50-235x300.png 235w\" sizes=\"(max-width: 383px) 100vw, 383px\" \/><\/p>\n<p><em>Maljakko DDR:st\u00e4.<\/em><\/p>\n<p>Museo oli hassussa paikassa, er\u00e4\u00e4n vanhan talon kolmannessa kerroksessa Kreuzbergiss\u00e4. Mielikuvitusta kutkuttava paikka!<\/p>\n","protected":false},"excerpt":{"rendered":"<p>K\u00e4vin merkillisess\u00e4 museossa nimelt\u00e4 Museum der Dinge, eli esineiden museo. Museota pit\u00e4\u00e4&hellip;<\/p>\n","protected":false},"author":65,"featured_media":0,"comment_status":"open","ping_status":"open","sticky":false,"template":"","format":"standard","meta":{"footnotes":""},"categories":[1],"tags":[],"acf":[],"platta":{"numLikes":0,"numComments":0,"category":null,"themes":[],"commercial_partner":null,"thumbnail":"https:\/\/blogit-cdn.a-lehdet.fi\/uploads\/sites\/59\/2016\/04\/nayttokuva-2016-04-16-kello-11-52-10.png","blog_id":59},"jetpack_featured_media_url":"","_links":{"self":[{"href":"https:\/\/blogit.apu.fi\/sininenkirjahylly\/api\/wp\/v2\/posts\/2502"}],"collection":[{"href":"https:\/\/blogit.apu.fi\/sininenkirjahylly\/api\/wp\/v2\/posts"}],"about":[{"href":"https:\/\/blogit.apu.fi\/sininenkirjahylly\/api\/wp\/v2\/types\/post"}],"author":[{"embeddable":true,"href":"https:\/\/blogit.apu.fi\/sininenkirjahylly\/api\/wp\/v2\/users\/65"}],"replies":[{"embeddable":true,"href":"https:\/\/blogit.apu.fi\/sininenkirjahylly\/api\/wp\/v2\/comments?post=2502"}],"version-history":[{"count":1,"href":"https:\/\/blogit.apu.fi\/sininenkirjahylly\/api\/wp\/v2\/posts\/2502\/revisions"}],"predecessor-version":[{"id":3949,"href":"https:\/\/blogit.apu.fi\/sininenkirjahylly\/api\/wp\/v2\/posts\/2502\/revisions\/3949"}],"wp:attachment":[{"href":"https:\/\/blogit.apu.fi\/sininenkirjahylly\/api\/wp\/v2\/media?parent=2502"}],"wp:term":[{"taxonomy":"category","embeddable":true,"href":"https:\/\/blogit.apu.fi\/sininenkirjahylly\/api\/wp\/v2\/categories?post=2502"},{"taxonomy":"post_tag","embeddable":true,"href":"https:\/\/blogit.apu.fi\/sininenkirjahylly\/api\/wp\/v2\/tags?post=2502"}],"curies":[{"name":"wp","href":"https:\/\/api.w.org\/{rel}","templated":true}]}}