{"id":3405,"date":"2017-06-12T13:57:29","date_gmt":"2017-06-12T10:57:29","guid":{"rendered":"http:\/\/blogit.image.fi\/sininenkirjahylly\/?p=3405"},"modified":"2018-02-28T09:47:14","modified_gmt":"2018-02-28T07:47:14","slug":"virtuaaliset-heimosodat","status":"publish","type":"post","link":"https:\/\/blogit.apu.fi\/sininenkirjahylly\/virtuaaliset-heimosodat\/","title":{"rendered":"Virtuaaliset heimosodat"},"content":{"rendered":"<p><a rel=\"nofollow\" href=\"https:\/\/blogit-cdn.a-lehdet.fi\/uploads\/sites\/59\/2017\/06\/nayttokuva-2017-06-12-kello-13-27-01.png\"><img decoding=\"async\" loading=\"lazy\" class=\"alignnone  wp-image-3406\" src=\"https:\/\/blogit-cdn.a-lehdet.fi\/uploads\/sites\/59\/2017\/06\/nayttokuva-2017-06-12-kello-13-27-01.png\" alt=\"N\u00e4ytt\u00f6kuva 2017-06-12 kello 13.27.01\" width=\"456\" height=\"484\" srcset=\"https:\/\/blogit-cdn.a-lehdet.fi\/uploads\/sites\/59\/2017\/06\/nayttokuva-2017-06-12-kello-13-27-01.png 732w, https:\/\/blogit-cdn.a-lehdet.fi\/uploads\/sites\/59\/2017\/06\/nayttokuva-2017-06-12-kello-13-27-01-283x300.png 283w\" sizes=\"(max-width: 456px) 100vw, 456px\" \/><\/a><\/p>\n<p>Viime aikoina olen miettinyt, onko blogin kirjoittamisessa j\u00e4rke\u00e4. T\u00e4n\u00e4\u00e4n sattui silm\u00e4\u00e4n hauska ilmaisu: &#8220;tribal wars of social media&#8221;. Siin\u00e4p\u00e4 ilmi\u00f6, joka tappaa tehokkaasti innon ilmaista mielipidett\u00e4 paljon mist\u00e4\u00e4n. Viimeist\u00e4\u00e4n <strong>Saisio<\/strong>-kohu osoitti, ett\u00e4 y\u00f6 voidaan v\u00e4\u00e4nt\u00e4\u00e4 p\u00e4iv\u00e4ksi ja p\u00e4invastoin. En jaksa en\u00e4\u00e4 ilmaista mielipiteit\u00e4 mist\u00e4\u00e4n, koska en halua virtuaalisen heimosodan keskelle. Ja kun kirjoitan blogiini vaikkapa etel\u00e4-afrikkalaisesta nykytaiteesta, tuntuu, ett\u00e4 ket\u00e4\u00e4n ei kiinnosta.<\/p>\n<p>Viime aikoina olen tyk\u00e4stynyt lukemaan pitki\u00e4 artikkeleita. Olen lukenut kaupunginkirjaston e-lehtilainaamosta <em>Atlantic<\/em>&#8211; ja <em>Vanity Fair<\/em> -lehtien vanhoja numeroita, koska niiss\u00e4 on \u00e4lykk\u00e4it\u00e4, perinpohjaisia artikkeleita. Vanity Fairin artikkeli <strong>William Styronin<\/strong> romaanista <em>Nat Turner<\/em> sai ymm\u00e4rt\u00e4m\u00e4\u00e4n kulttuurista omimista v\u00e4h\u00e4n paremmin. (<a rel=\"nofollow\" href=\"http:\/\/www.vanityfair.com\/culture\/2016\/08\/the-literary-battle-for-nat-turners-legacy\">T\u00e4\u00e4ll\u00e4.<\/a>) <strong>Nate Parkerin<\/strong> n\u00e4k\u00f6kulma on ymm\u00e4rrett\u00e4v\u00e4, toisaalta tuntuu kovin surulliselta, jos Styron tosiaan masentui Nat Turner -romaanin vastaanoton takia. Vanity Fairin seuraavan numeron lukijapalstalla er\u00e4s (valkoinen) lukija kertoi, ett\u00e4 Nat Turner oli tehnyt h\u00e4neen ilmestymisaikanaan voimakkaan vaikutelman, joka tuntuu nyt jotenkin v\u00e4\u00e4r\u00e4lt\u00e4, kun kerran kyse on kulttuurisesta omimisesta.<\/p>\n<p>T\u00e4n\u00e4\u00e4n astioita pestess\u00e4 kuuntelin radio-ohjelmaa <em>Pietari K. k\u00e4vi t\u00e4\u00e4ll\u00e4,<\/em> jossa puhuttiin samasta aihepiirist\u00e4. (<a rel=\"nofollow\" href=\"http:\/\/areena.yle.fi\/1-4156525\">T\u00e4\u00e4ll\u00e4<\/a>.)<\/p>\n<p><a rel=\"nofollow\" href=\"https:\/\/blogit-cdn.a-lehdet.fi\/uploads\/sites\/59\/2017\/06\/nayttokuva-2017-06-12-kello-13-27-10.png\"><img decoding=\"async\" loading=\"lazy\" class=\"alignnone  wp-image-3407\" src=\"https:\/\/blogit-cdn.a-lehdet.fi\/uploads\/sites\/59\/2017\/06\/nayttokuva-2017-06-12-kello-13-27-10.png\" alt=\"N\u00e4ytt\u00f6kuva 2017-06-12 kello 13.27.10\" width=\"276\" height=\"278\" srcset=\"https:\/\/blogit-cdn.a-lehdet.fi\/uploads\/sites\/59\/2017\/06\/nayttokuva-2017-06-12-kello-13-27-10.png 738w, https:\/\/blogit-cdn.a-lehdet.fi\/uploads\/sites\/59\/2017\/06\/nayttokuva-2017-06-12-kello-13-27-10-150x150.png 150w, https:\/\/blogit-cdn.a-lehdet.fi\/uploads\/sites\/59\/2017\/06\/nayttokuva-2017-06-12-kello-13-27-10-298x300.png 298w\" sizes=\"(max-width: 276px) 100vw, 276px\" \/><\/a><\/p>\n<p>Olin eilen talkoot\u00f6iss\u00e4 Villa Kiven Helsinki-p\u00e4iv\u00e4ss\u00e4, joka on muuten vuotuinen perinne. Ohjelmaan kuului kiinnostava paneelikeskustelu, jossa <strong>Janne Kuusi,<\/strong> <strong>Venla Hiidensalo<\/strong> ja tutkija <strong>Lieven Ameel<\/strong> keskustelivat kaunokirjallisuuden Helsinki-kuvauksista. Kuusi tai Hiidensalo, en muista kumpi, sanoi, ett\u00e4 historialliset romaanit ovat nyt suosittuja ehk\u00e4 siksi, ett\u00e4 lukijat eiv\u00e4t v\u00e4ltt\u00e4m\u00e4tt\u00e4 innostu, kun romaanin aihepiiri ja maailma liippaavat liian l\u00e4helt\u00e4 omaa todellisuutta. Historiallisessa kehyksess\u00e4 voi k\u00e4sitell\u00e4 nykyajan ilmi\u00f6it\u00e4 niin ett\u00e4 lukijan on helpompi ottaa ne vastaan. Osuva ajatus.<\/p>\n<p>Sosiaalisen median heimosodissa uuvuttaa se, ett\u00e4 hyvin usein samaa mielt\u00e4 olevat henkil\u00f6t kinastelevat jostain pikkuseikoista, kuten poliittisesti korrekteista termeist\u00e4.<\/p>\n<p>Manchesteriss\u00e4 rasistit ovat osoittaneet mielt\u00e4\u00e4n <a rel=\"nofollow\" href=\"http:\/\/metro.co.uk\/2017\/06\/12\/far-right-protester-takeas-a-bite-out-of-pigs-head-during-edl-rally-6702337\/\">sianp\u00e4it\u00e4 j\u00e4rsien<\/a>. Possu poloiset, niilt\u00e4 ei ole kysytty, haluavatko ne rasistien aseeksi.<\/p>\n","protected":false},"excerpt":{"rendered":"<p>Viime aikoina olen miettinyt, onko blogin kirjoittamisessa j\u00e4rke\u00e4. T\u00e4n\u00e4\u00e4n sattui silm\u00e4\u00e4n hauska&hellip;<\/p>\n","protected":false},"author":65,"featured_media":0,"comment_status":"open","ping_status":"open","sticky":false,"template":"","format":"standard","meta":{"footnotes":""},"categories":[1],"tags":[],"acf":[],"platta":{"numLikes":0,"numComments":4,"category":null,"themes":[],"commercial_partner":null,"thumbnail":"https:\/\/blogit-cdn.a-lehdet.fi\/uploads\/sites\/59\/2017\/06\/nayttokuva-2017-06-12-kello-13-27-01.png","blog_id":59},"jetpack_featured_media_url":"","_links":{"self":[{"href":"https:\/\/blogit.apu.fi\/sininenkirjahylly\/api\/wp\/v2\/posts\/3405"}],"collection":[{"href":"https:\/\/blogit.apu.fi\/sininenkirjahylly\/api\/wp\/v2\/posts"}],"about":[{"href":"https:\/\/blogit.apu.fi\/sininenkirjahylly\/api\/wp\/v2\/types\/post"}],"author":[{"embeddable":true,"href":"https:\/\/blogit.apu.fi\/sininenkirjahylly\/api\/wp\/v2\/users\/65"}],"replies":[{"embeddable":true,"href":"https:\/\/blogit.apu.fi\/sininenkirjahylly\/api\/wp\/v2\/comments?post=3405"}],"version-history":[{"count":1,"href":"https:\/\/blogit.apu.fi\/sininenkirjahylly\/api\/wp\/v2\/posts\/3405\/revisions"}],"predecessor-version":[{"id":3754,"href":"https:\/\/blogit.apu.fi\/sininenkirjahylly\/api\/wp\/v2\/posts\/3405\/revisions\/3754"}],"wp:attachment":[{"href":"https:\/\/blogit.apu.fi\/sininenkirjahylly\/api\/wp\/v2\/media?parent=3405"}],"wp:term":[{"taxonomy":"category","embeddable":true,"href":"https:\/\/blogit.apu.fi\/sininenkirjahylly\/api\/wp\/v2\/categories?post=3405"},{"taxonomy":"post_tag","embeddable":true,"href":"https:\/\/blogit.apu.fi\/sininenkirjahylly\/api\/wp\/v2\/tags?post=3405"}],"curies":[{"name":"wp","href":"https:\/\/api.w.org\/{rel}","templated":true}]}}