{"id":10123,"date":"2016-01-08T15:15:28","date_gmt":"2016-01-08T13:15:28","guid":{"rendered":"http:\/\/blogit.image.fi\/uuninpankkopoikasakutimonen\/?p=10123"},"modified":"2018-02-28T10:30:14","modified_gmt":"2018-02-28T08:30:14","slug":"ei-mitaan-ongelmaa","status":"publish","type":"post","link":"https:\/\/blogit.apu.fi\/uuninpankkopoikasakutimonen\/2016\/01\/08\/ei-mitaan-ongelmaa\/","title":{"rendered":"Ei mit\u00e4\u00e4n ongelmaa?"},"content":{"rendered":"<p>Parin viime p\u00e4iv\u00e4n aikana poliisi ja sis\u00e4ministeri ovan munanneet itsens\u00e4 lahjakkaasti tiedottamalla uudenvuodenaaton tapahtumista mit\u00e4 sattuu. Kertauksen voitte lukea\u00a0<a rel=\"nofollow\" href=\"http:\/\/erkkiperala.fi\/2016\/01\/07\/poliisi-tiedottaa-taas\/\">t\u00e4\u00e4lt\u00e4<\/a>\u00a0ja\u00a0<a rel=\"nofollow\" href=\"http:\/\/seura.fi\/isanpikajuna\/2016\/01\/08\/poliisi-kaataa-bensaa-polttopulloihin\/?shared=5624-27ec00a6-999\">t\u00e4\u00e4lt\u00e4.<\/a>\u00a0T\u00e4n\u00e4\u00e4n n\u00e4ytt\u00e4\u00e4 olevan muiden vuoro.<\/p>\n<p><a rel=\"nofollow\" href=\"http:\/\/yle.fi\/uutiset\/ministeri_lindstrom_katupartioista_en_ole_kuullut_ongelmista\/8578760\">Perussuomalainen oikeus- ja ty\u00f6ministeri Jari Lindstr\u00f6m ei pid\u00e4 v\u00e4kivaltarikoksista tuomittujen henkil\u00f6iden johtamia katupartioita ongelmana<\/a>.\u00a0H\u00e4n sai vahvaa tukea saman puolueen kansanedustaja Laura Huhtasaarelta, jonka mukaan\u00a0<a rel=\"nofollow\" href=\"http:\/\/yle.fi\/uutiset\/perussuomalaisten_kansanedustaja_katupartioista_onhan_poliitikoillakin_rikostaustaa\/8579622\">rikostausta ei ole katupartioinnissa mik\u00e4\u00e4n ongelma, koska jotkut kansanedustajatkin on tuomittu rikoksista.<\/a><\/p>\n<p>Oikein hienoa kuulla miten Perussuomalaiset hahmottavat katujen turvallisuuden. He ovat valmiit sallimaan yleisen j\u00e4rjestyksen yll\u00e4pidon porukalle, joka on julkisesti ilmoittanut k\u00e4yv\u00e4ns\u00e4 ihan kotimaisten suvakkien kimppuun. Perussuomalaiset ainakin lienev\u00e4t turvassa, kunhan vain muistavat n\u00e4ytt\u00e4\u00e4 partiolle j\u00e4senkirja tai vaikkapa puolueen pinssin rintapielest\u00e4\u00e4n.<\/p>\n<p>.<a rel=\"nofollow\" href=\"https:\/\/blogit-cdn.a-lehdet.fi\/uploads\/sites\/64\/2016\/01\/soodin.jpg\"><img decoding=\"async\" loading=\"lazy\" class=\"alignnone wp-image-10124 size-full\" src=\"https:\/\/blogit-cdn.a-lehdet.fi\/uploads\/sites\/64\/2016\/01\/soodin.jpg\" alt=\"soodin\" width=\"621\" height=\"233\" srcset=\"https:\/\/blogit-cdn.a-lehdet.fi\/uploads\/sites\/64\/2016\/01\/soodin.jpg 621w, https:\/\/blogit-cdn.a-lehdet.fi\/uploads\/sites\/64\/2016\/01\/soodin-300x113.jpg 300w\" sizes=\"(max-width: 621px) 100vw, 621px\" \/><\/a><\/p>\n<p>Rikollinen tausta ja selke\u00e4sti kerrotut aikeet eiv\u00e4t siis ole mik\u00e4\u00e4n este katupartioinnille. Sit\u00e4 ei varmaan ole sitten my\u00f6sk\u00e4\u00e4n selke\u00e4 natsi-ideologia, joka on koko partioinnin takana.<\/p>\n<p><a rel=\"nofollow\" href=\"https:\/\/blogit-cdn.a-lehdet.fi\/uploads\/sites\/64\/2016\/01\/996707_965631390175097_5814263035616557828_n.png\"><img decoding=\"async\" loading=\"lazy\" class=\"alignnone wp-image-10125 size-full\" src=\"https:\/\/blogit-cdn.a-lehdet.fi\/uploads\/sites\/64\/2016\/01\/996707_965631390175097_5814263035616557828_n.png\" alt=\"996707_965631390175097_5814263035616557828_n\" width=\"926\" height=\"550\" \/><\/a><\/p>\n<p>Jos ette tied\u00e4 mit\u00e4 14 words tarkoittaa, niin katsokaa\u00a0<a rel=\"nofollow\" href=\"http:\/\/urbaanisanakirja.com\/word\/1488\/\">urbaanisanakirjast<\/a>a.<\/p>\n<p>Oikeusministeri ei n\u00e4e mit\u00e4\u00e4n ongelmaa. Her\u00e4\u00e4 kysymys onko oikeusministeri tyhm\u00e4, sokea vai per\u00e4ti jotain viel\u00e4 pahempaa.<\/p>\n<p>Puolustusministeri Jussi Niinist\u00f6 puolestaan hahmottelee kokonaisen muslimivallankumouksen tai sis\u00e4llissodan, joka melkein p\u00e4\u00e4si alkamaan <a rel=\"nofollow\" href=\"http:\/\/yle.fi\/uutiset\/ministeri_vertaa_helsingin_tapahtumia_tahririn_aukioon__tutkija_on_makukysymys_voiko_rinnastusta_tehda\/8579442\">uudenvuodeny\u00f6n\u00e4.<\/a><\/p>\n<p><em>Tahriri ja K\u00f6ln olisivat voineet tapahtua my\u00f6s Suomessa. Helsingin poliisi sai ennen uutta vuotta vihi\u00e4, ett\u00e4 p\u00e4\u00e4kaupunkiseudulla olevilla turvapaikanhakijoilla oli ehk\u00e4 samansuuntaisia suunnitelmia. Helsingin rautatieaseman asematunneliin oli sosiaalisessa mediassa suunnitellun mukaisesti kokoontunut jopa 1\u00a0000 irakilaista miest\u00e4. Kiitos poliisin p\u00e4\u00e4tt\u00e4v\u00e4isen toiminnan, uhkaavasta tilanteesta selvittiin \u201dvain\u201d muutamalla ahdistelutapauksella. Niist\u00e4kin jokainen on toki liikaa.<\/em><\/p>\n<p>Olen Niinist\u00f6n kanssa samaa mielt\u00e4 siit\u00e4, ett\u00e4 jokainen tapaus on liikaa, mutta muuten ministerin mielikuvitus taisi l\u00e4hte\u00e4 laukalle. Helsingin poliisi ei ole kertonut miten se laski paikalla olleen tuhat irakilaista miest\u00e4 eik\u00e4 ole muistanut sanoa, ett\u00e4 yksik\u00e4\u00e4n noista kolmesta tapauksesta\u00a0<a rel=\"nofollow\" href=\"http:\/\/www.vihrealanka.fi\/uutiset-kotimaa\/mit%C3%A4-asematunnelissa-todella-tapahtui-%E2%80%93-ei-ilmoituksia-ahdistelusta\">ei sattunut asematunnelissa.<\/a>\u00a0Lis\u00e4ksi KRP on ilmoittanut, ett\u00e4\u00a0<a rel=\"nofollow\" href=\"http:\/\/yle.fi\/uutiset\/krpn_tutkinnanjohtaja_suomessa_ei_suunniteltu_vastaavaa_kuin_kolnissa\/8576981\">mit\u00e4\u00e4n t\u00e4llaista suunnitelmaa ei ollut olemassakaan.<\/a><\/p>\n<p>En en\u00e4\u00e4 ymm\u00e4rr\u00e4 mit\u00e4 t\u00e4ss\u00e4 maassa tapahtuu. Ovatko poliitikkomme ihan oikeasti mielikuvituksensa viet\u00e4viss\u00e4 olevia tolloja? Ollaanko t\u00e4\u00e4ll\u00e4 suunnittelemassa vallankaappausta, jonka liikkeellepanijana toimii hallituspuolue, iskuvoimana virkavalta ja katunyrkkin\u00e4 natsipartiot? Vai onko sittenkin kyseess\u00e4 vain I.S.K.T.R.?<\/p>\n<p><a rel=\"nofollow\" href=\"https:\/\/blogit-cdn.a-lehdet.fi\/uploads\/sites\/64\/2016\/01\/isktr.jpg\"><img decoding=\"async\" loading=\"lazy\" class=\"alignnone size-medium wp-image-10126\" src=\"https:\/\/blogit-cdn.a-lehdet.fi\/uploads\/sites\/64\/2016\/01\/isktr-300x198.jpg\" alt=\"isktr\" width=\"300\" height=\"198\" srcset=\"https:\/\/blogit-cdn.a-lehdet.fi\/uploads\/sites\/64\/2016\/01\/isktr-300x198.jpg 300w, https:\/\/blogit-cdn.a-lehdet.fi\/uploads\/sites\/64\/2016\/01\/isktr-768x506.jpg 768w, https:\/\/blogit-cdn.a-lehdet.fi\/uploads\/sites\/64\/2016\/01\/isktr.jpg 960w\" sizes=\"(max-width: 300px) 100vw, 300px\" \/><\/a><\/p>\n<p>Kuva: Kummeli<\/p>\n<p>&nbsp;<\/p>\n<p>Ja t\u00e4ss\u00e4 v\u00e4liss\u00e4 muistutan kommentoinnin s\u00e4\u00e4nn\u00f6ist\u00e4. Vain omalla etu- ja sukunimell\u00e4 kirjoitetut kommentit hyv\u00e4ksyt\u00e4\u00e4n &#8211; eik\u00e4 v\u00e4ltt\u00e4m\u00e4tt\u00e4 niit\u00e4k\u00e4\u00e4n. Olen kyll\u00e4stynyt siivoamaan t\u00f6rky\u00e4.<\/p>\n<div class=\"entry-content-asset aspect-16by9\"><iframe loading=\"lazy\" width=\"500\" height=\"375\" src=\"https:\/\/www.youtube.com\/embed\/Hei6xjHbiKU?feature=oembed\" frameborder=\"0\" allowfullscreen><\/iframe><\/div>\n","protected":false},"excerpt":{"rendered":"<p>Parin viime p\u00e4iv\u00e4n aikana poliisi ja sis\u00e4ministeri ovan munanneet itsens\u00e4 lahjakkaasti tiedottamalla&hellip;<\/p>\n","protected":false},"author":62,"featured_media":0,"comment_status":"open","ping_status":"open","sticky":false,"template":"","format":"standard","meta":{"footnotes":""},"categories":[2289,1337,438,3592,5],"tags":[4478,3815,4479,4480,4463,4481,4024,4482,156,4471,4483,4484],"acf":[],"platta":{"numLikes":1,"numComments":56,"category":null,"themes":[],"commercial_partner":null,"thumbnail":"https:\/\/blogit-cdn.a-lehdet.fi\/uploads\/sites\/64\/2016\/01\/soodin.jpg","blog_id":64},"jetpack_featured_media_url":"","_links":{"self":[{"href":"https:\/\/blogit.apu.fi\/uuninpankkopoikasakutimonen\/api\/wp\/v2\/posts\/10123"}],"collection":[{"href":"https:\/\/blogit.apu.fi\/uuninpankkopoikasakutimonen\/api\/wp\/v2\/posts"}],"about":[{"href":"https:\/\/blogit.apu.fi\/uuninpankkopoikasakutimonen\/api\/wp\/v2\/types\/post"}],"author":[{"embeddable":true,"href":"https:\/\/blogit.apu.fi\/uuninpankkopoikasakutimonen\/api\/wp\/v2\/users\/62"}],"replies":[{"embeddable":true,"href":"https:\/\/blogit.apu.fi\/uuninpankkopoikasakutimonen\/api\/wp\/v2\/comments?post=10123"}],"version-history":[{"count":1,"href":"https:\/\/blogit.apu.fi\/uuninpankkopoikasakutimonen\/api\/wp\/v2\/posts\/10123\/revisions"}],"predecessor-version":[{"id":21960,"href":"https:\/\/blogit.apu.fi\/uuninpankkopoikasakutimonen\/api\/wp\/v2\/posts\/10123\/revisions\/21960"}],"wp:attachment":[{"href":"https:\/\/blogit.apu.fi\/uuninpankkopoikasakutimonen\/api\/wp\/v2\/media?parent=10123"}],"wp:term":[{"taxonomy":"category","embeddable":true,"href":"https:\/\/blogit.apu.fi\/uuninpankkopoikasakutimonen\/api\/wp\/v2\/categories?post=10123"},{"taxonomy":"post_tag","embeddable":true,"href":"https:\/\/blogit.apu.fi\/uuninpankkopoikasakutimonen\/api\/wp\/v2\/tags?post=10123"}],"curies":[{"name":"wp","href":"https:\/\/api.w.org\/{rel}","templated":true}]}}