{"id":11848,"date":"2016-05-15T10:52:24","date_gmt":"2016-05-15T07:52:24","guid":{"rendered":"http:\/\/blogit.image.fi\/uuninpankkopoikasakutimonen\/?p=11848"},"modified":"2018-02-28T10:28:23","modified_gmt":"2018-02-28T08:28:23","slug":"emmehan-me-tienneet","status":"publish","type":"post","link":"https:\/\/blogit.apu.fi\/uuninpankkopoikasakutimonen\/2016\/05\/15\/emmehan-me-tienneet\/","title":{"rendered":"Emmeh\u00e4n me tienneet&#8230;"},"content":{"rendered":"<p><em>J\u00e4rjest\u00f6 kuitenkin ty\u00f6skentelee m\u00e4\u00e4r\u00e4tietoisesti yhdist\u00e4\u00e4kseen Suomen \u00e4\u00e4rioikeistolaiset, nationalistiset ja rasistiset ryhmittym\u00e4t. Yksi esimerkki t\u00e4st\u00e4 on itsen\u00e4isyysp\u00e4iv\u00e4n\u00e4 pidett\u00e4v\u00e4 kansallismielinen soihtukulkue 612. Holapan mukaan SVL oli aloitteellinen soihtukulkueen j\u00e4rjest\u00e4misess\u00e4 ja ensimm\u00e4isess\u00e4 kulkueessa SVL:n aktivistit toimivat j\u00e4rjestysmiehin\u00e4.<\/em><\/p>\n<p><em>SVL-aktivistit my\u00f6s loivat ja yll\u00e4pitiv\u00e4t tapahtuman nettisivua. L\u00e4hes kaikki j\u00e4senet ja tukij\u00e4senet osallistuivat kulkueeseen, mutta matalalla profiililla. Pitk\u00e4n t\u00e4ht\u00e4imen suunnitelmana oli, ett\u00e4 SVL:st\u00e4 tulisi koko suomalaisen \u00e4\u00e4rioikeiston n\u00e4kym\u00e4t\u00f6n kattoj\u00e4rjest\u00f6. Holappa sanoo, ettei liike halunnut karkottaa mahdollisia osallistujia sill\u00e4, ett\u00e4 Suomen Vastarintaliike toimisi avoimesti j\u00e4rjest\u00e4j\u00e4n\u00e4. Siksi virallinen versio oli, ett\u00e4 soihtukulkue on ep\u00e4poliittinen tapahtuma.<\/em><\/p>\n<p>Ylen toimittajat Jessikka Aro ja Marko Hietikko ovat koonneet muhkean lukupaketin kansallissosialismin nimeen vannovan\u00a0<a rel=\"nofollow\" href=\"http:\/\/yle.fi\/aihe\/artikkeli\/2016\/05\/15\/nain-toimii-suomen-vastarintaliike\" target=\"_blank\">Suomen Vastarintaliikkeen toimintavatoista<\/a>,\u00a0<a rel=\"nofollow\" href=\"http:\/\/yle.fi\/uutiset\/entinen_natsijohtaja_avoimena_ylen_haastattelussa_minun_taytyy_maaritella_nyt_elamani_uudestaan\/8882095\" target=\"_blank\">sen perustajasta<\/a>\u00a0ja\u00a0<a rel=\"nofollow\" href=\"http:\/\/yle.fi\/aihe\/artikkeli\/2016\/05\/15\/kansainvaliset-verkostot\" target=\"_blank\">kansainv\u00e4lisist\u00e4 verkostoista.<\/a>\u00a0My\u00f6s\u00a0<a rel=\"nofollow\" href=\"http:\/\/yle.fi\/aihe\/artikkeli\/2016\/05\/15\/miehet-jotka-johtavat-natsiliiketta\" target=\"_blank\">keskeiset toimijat esitell\u00e4\u00e4n.<\/a>\u00a0T\u00e4m\u00e4n j\u00e4lkeen ette voi tulla sanomaan, ett\u00e4 ette tienneet.<\/p>\n<p>Onhan t\u00e4t\u00e4 yritetty kertoa ennenkin, mutta ihan turhaan.<em>\u00a0Muutama natsihullu l\u00f6ytyy aina. 612-marssi oli ep\u00e4poliittinen, is\u00e4nmaallinen tapahtuma.<\/em> N\u00e4inh\u00e4n n\u00e4it\u00e4 asioita yleens\u00e4 v\u00e4h\u00e4tell\u00e4\u00e4n.<\/p>\n<p><em>Min\u00e4h\u00e4n menen pyydett\u00e4ess\u00e4 puhumaan mihin tahansa is\u00e4nmaalliseen tapahtumaan,<\/em>\u00a0kommentoi\u00a0\u00a0<a rel=\"nofollow\" href=\"http:\/\/blogit.image.fi\/uuninpankkopoikasakutimonen\/2015\/12\/08\/mita-taalla-tapahtuu\/\" target=\"_blank\">kansanedustaja Laura Huhtasaari omaa osallistumistaan viime itsen\u00e4isyysp\u00e4iv\u00e4n 612-marssia edelt\u00e4v\u00e4\u00e4n tilaisuuteen.<\/a>\u00a0Kansanedustaja ja Suomen Sisun puheenjohtaja Olli Immonen p\u00e4\u00e4tyi viime kes\u00e4n\u00e4 &#8220;sattumalta&#8221;\u00a0<a rel=\"nofollow\" href=\"http:\/\/blogit.image.fi\/uuninpankkopoikasakutimonen\/2015\/08\/02\/yhteensattumia-ja-kuulopuheita\/\" target=\"_blank\">samaan kuvaan natsien kanssa tilaisuudessa, jota itse oli j\u00e4rjest\u00e4m\u00e4ss\u00e4 yhdess\u00e4 heid\u00e4n kanssaan.<\/a><\/p>\n<p><em>Hy\u00f6dynt\u00e4\u00e4kseen tilannetta ja houkutellakseen uusia j\u00e4seni\u00e4 SVL on pyrkinyt hieman pehment\u00e4m\u00e4\u00e4n kovaa natsi-imagoaan. J\u00e4rjest\u00f6n j\u00e4senet kutsuvatkin itse\u00e4\u00e4n usein kansallismielisiksi ja is\u00e4nmaallisiksi,\u00a0<\/em>kuten SVL:n perustaja Esa Henrik Holappa haastattelussa sanoo.<\/p>\n<p>Koko t\u00e4m\u00e4 tutkivien journalistien nyt paljastama totuus on koko ajan ollut silmienne edess\u00e4, mutta ette ole halunneet n\u00e4hd\u00e4 sit\u00e4. Ilmiselv\u00e4sti aatteen innoittama\u00a0<a rel=\"nofollow\" href=\"http:\/\/seura.fi\/isanpikajuna\/2016\/05\/15\/terrori-isku-epaonnistui-petajavedella\/?shared=6457-9add9446-999\" target=\"_blank\">terrori-iskukin<\/a>\u00a0kuitataan yksitt\u00e4isen tekij\u00e4n sooloiluksi. Olli Immonen &#8220;harjattiin huolella&#8221; eli k\u00e4yt\u00e4nn\u00f6ss\u00e4 h\u00e4nen toimintansa hyv\u00e4ksyttiin. Laura Huhtasaaren toimintaa ei kritisoitu mill\u00e4\u00e4n tavalla. Is\u00e4nmaan asialla ollaan, yhteisell\u00e4 hyv\u00e4ll\u00e4. Mit\u00e4p\u00e4 siit\u00e4, jos yhteisty\u00f6kumppanit sattuvat olemaan yhteispohjoismaisen natsivaltion kannattajia ja demokratian tuhoamiseen t\u00e4ht\u00e4\u00e4vi\u00e4 \u00e4\u00e4riaineksia.<\/p>\n<p>Saman hakaristilipun alla toimivat osin tiet\u00e4m\u00e4tt\u00e4\u00e4n kaikki ne, jotka Rajat kiinni-kansanliikkeess\u00e4 huutavat hysteerist\u00e4 pelkoaan turvapaikanhakijoita kohtaan. Heit\u00e4 ruokkii netin roskajulkaisu MV, jonka py\u00f6ritt\u00e4j\u00e4 toimii pelk\u00e4st\u00e4\u00e4n rahan takia. Heille Yle on varovaroilla toimiva valhemedia, joka sy\u00f6tt\u00e4\u00e4 suvakkien sanomaa. He tekev\u00e4t ehk\u00e4 ymm\u00e4rt\u00e4m\u00e4tt\u00e4\u00e4n likaista ty\u00f6t\u00e4 natsipropagandan palveluksessa ja heid\u00e4n joukostaan natsit saavat helposti uusia rekrytoitavia. V\u00e4rv\u00e4\u00e4j\u00e4t ovat jo paikalla liikkeen jokaisessa tilaisuudessa ja Facebook-sivulla. Kukaan ei ole niin otollinen v\u00e4rv\u00e4tt\u00e4v\u00e4 kuin valmiiksi peloissaan oleva ja p\u00e4\u00e4ns\u00e4 jatkuvalla vihapropagandalla sekoittanut netiss\u00e4 roikkuva tyhj\u00e4ntoimittaja. Vaikka he eiv\u00e4t kelpaisikaan liikkeen aktivisteiksi, niin he kuitenkin tekev\u00e4t koko ajan ty\u00f6t\u00e4 sen hyv\u00e4ksi.<\/p>\n<p>Mit\u00e4h\u00e4n seuraavaksi tapahtuu? Se nyt ainakin on selv\u00e4\u00e4, ett\u00e4 sek\u00e4 Yle ett\u00e4 erityisesti Jessikka Aro ja Marko Hietikko joutuvat massiivisen vihakampanjan kohteiksi. My\u00f6s suoranainen v\u00e4kivalta on mahdollista, sill\u00e4 SVL on ennenkin tehnyt &#8220;kotik\u00e4yntej\u00e4.&#8221; Poliisi vaikenee, poliitikot hymistelev\u00e4t ja tolkun ihmiset puhuvat \u00e4\u00e4rip\u00e4iden v\u00e4lisest\u00e4 r\u00e4hin\u00e4st\u00e4, johon ei pid\u00e4 sekaantua muuten kuin korkeintaan siltoja rakentamalla.<\/p>\n<p>Ja samaan aikaan jossain tervehdit\u00e4\u00e4n hakaristilippua ja suunnitellaan terrori-iskuja. Katunyrkkin\u00e4 partioi jo Suomen Vastarintarintaliikkeelt\u00e4 luvan toimintaansa pyyt\u00e4nyt ja saanut Soldiers of Odin-j\u00e4rjest\u00f6.<\/p>\n<p>Kyll\u00e4 te tiesitte. Miten olisi, jos rupeaisitte piittaamaan?<\/p>\n<p>***<\/p>\n<p>Kommmentointi sallittu vain omalla etu- ja sukunimell\u00e4.<\/p>\n<p>&nbsp;<\/p>\n<p>&nbsp;<\/p>\n<p>&nbsp;<\/p>\n<p>&nbsp;<\/p>\n<p>&nbsp;<\/p>\n<p>&nbsp;<\/p>\n","protected":false},"excerpt":{"rendered":"<p>J\u00e4rjest\u00f6 kuitenkin ty\u00f6skentelee m\u00e4\u00e4r\u00e4tietoisesti yhdist\u00e4\u00e4kseen Suomen \u00e4\u00e4rioikeistolaiset, nationalistiset ja rasistiset ryhmittym\u00e4t. Yksi&hellip;<\/p>\n","protected":false},"author":62,"featured_media":0,"comment_status":"open","ping_status":"open","sticky":false,"template":"","format":"standard","meta":{"footnotes":""},"categories":[2289,5],"tags":[4843,4844,4845,4846,4024,4847,4014,4848,1430,1377,4393,1275,4471,1435,1438],"acf":[],"platta":{"numLikes":3,"numComments":49,"category":null,"themes":[],"commercial_partner":null,"thumbnail":false,"blog_id":64},"jetpack_featured_media_url":"","_links":{"self":[{"href":"https:\/\/blogit.apu.fi\/uuninpankkopoikasakutimonen\/api\/wp\/v2\/posts\/11848"}],"collection":[{"href":"https:\/\/blogit.apu.fi\/uuninpankkopoikasakutimonen\/api\/wp\/v2\/posts"}],"about":[{"href":"https:\/\/blogit.apu.fi\/uuninpankkopoikasakutimonen\/api\/wp\/v2\/types\/post"}],"author":[{"embeddable":true,"href":"https:\/\/blogit.apu.fi\/uuninpankkopoikasakutimonen\/api\/wp\/v2\/users\/62"}],"replies":[{"embeddable":true,"href":"https:\/\/blogit.apu.fi\/uuninpankkopoikasakutimonen\/api\/wp\/v2\/comments?post=11848"}],"version-history":[{"count":1,"href":"https:\/\/blogit.apu.fi\/uuninpankkopoikasakutimonen\/api\/wp\/v2\/posts\/11848\/revisions"}],"predecessor-version":[{"id":21838,"href":"https:\/\/blogit.apu.fi\/uuninpankkopoikasakutimonen\/api\/wp\/v2\/posts\/11848\/revisions\/21838"}],"wp:attachment":[{"href":"https:\/\/blogit.apu.fi\/uuninpankkopoikasakutimonen\/api\/wp\/v2\/media?parent=11848"}],"wp:term":[{"taxonomy":"category","embeddable":true,"href":"https:\/\/blogit.apu.fi\/uuninpankkopoikasakutimonen\/api\/wp\/v2\/categories?post=11848"},{"taxonomy":"post_tag","embeddable":true,"href":"https:\/\/blogit.apu.fi\/uuninpankkopoikasakutimonen\/api\/wp\/v2\/tags?post=11848"}],"curies":[{"name":"wp","href":"https:\/\/api.w.org\/{rel}","templated":true}]}}