{"id":1194,"date":"2012-06-06T07:55:07","date_gmt":"2012-06-06T05:55:07","guid":{"rendered":"http:\/\/uuninpankkopoika.byethost31.com\/?p=1194"},"modified":"2018-02-28T10:42:27","modified_gmt":"2018-02-28T08:42:27","slug":"kiusalliset-valittajat","status":"publish","type":"post","link":"https:\/\/blogit.apu.fi\/uuninpankkopoikasakutimonen\/2012\/06\/06\/kiusalliset-valittajat\/","title":{"rendered":"Kiusalliset valittajat"},"content":{"rendered":"<p>Maanantaiaamuna ty\u00f6- ja elinkeinoministeri\u00f6n kansliap\u00e4\u00e4llikk\u00f6 Erkki Virtanen kertoi, ett\u00e4 Ely-keskuksia aiotaan lakkauttaa ja lakkautuslistalla ovat erityisesti kaivosteollisuuden alueiden keskukset. Samana p\u00e4iv\u00e4n\u00e4 h\u00e4n perui puheensa ymp\u00e4rist\u00f6ministeri Ville Niinist\u00f6n kiistetty\u00e4 suunnitelmien olemassaolon. Heti seuraavana p\u00e4iv\u00e4n\u00e4 ministeri Jyri H\u00e4k\u00e4mies sanoi kuitenkin, ett\u00e4 s\u00e4\u00e4st\u00f6toimia suunniteltaessa kaikki vaihtoehdot ovat avoimia.<\/p>\n<p>Niin ett\u00e4 otapa t\u00e4st\u00e4 sitten selv\u00e4. Yksi konkreettinen ehdotus H\u00e4k\u00e4miehell\u00e4 kuitenkin oli s\u00e4\u00e4st\u00f6jen saavuttamiseksi. H\u00e4n haluaisi rajoittaa kansalaisten valitusoikeutta ymp\u00e4rist\u00f6viranomaisten p\u00e4\u00e4t\u00f6ksist\u00e4. N\u00e4in turhat valitukset eiv\u00e4t veisi resursseja eiv\u00e4tk\u00e4 h\u00e4iritsisi virkamiesten ty\u00f6t\u00e4.<\/p>\n<p>Valitusoikeus tuntuu useinkin n\u00e4r\u00e4st\u00e4v\u00e4n p\u00e4\u00e4tt\u00e4ji\u00e4. He n\u00e4kev\u00e4t kansalaisten valitukset pelkk\u00e4n\u00e4 kiusantekona, jonka ainoa tarkoitus on jarruttaa asioiden edistymist\u00e4. H\u00e4k\u00e4mies otti oiken esimerkinkin valitusten haitallisuudesta. Lahden tienoilla valittaja kuulemma viiv\u00e4stytti j\u00e4tteenpolttolaitoksen perustamista kokonaiset kaksi vuotta.<\/p>\n<p>N\u00e4inh\u00e4n t\u00e4m\u00e4 ajattelu menee. Harvemmin p\u00e4\u00e4tt\u00e4j\u00e4t n\u00e4kev\u00e4t itse omissa p\u00e4\u00e4t\u00f6ksiss\u00e4\u00e4n vikaa, joten ei niiss\u00e4 pit\u00e4isi olla rutisemista kansalaisillakaan. Omahyv\u00e4ist\u00e4 virkamiessielua kirpaisee jo pelkk\u00e4 valitus, puhumattakaan valituksen mahdollisesta menestymisest\u00e4. Tuntuu ihan silt\u00e4, ett\u00e4 jotain pyh\u00e4\u00e4 on loukattu rohkenemalla tehd\u00e4 turha tai per\u00e4ti aiheeton valitus.<\/p>\n<p>Ei ole olemassakaan turhaa tai aiheetonta valitusta. On vain p\u00e4\u00e4t\u00f6s, jonka joku kokee ep\u00e4oikeudenmukaiseksi tai jota ep\u00e4ilee lainvastaiseksi. Demokratiassa on oltava mahdollisuus saattaa t\u00e4llaiset p\u00e4\u00e4t\u00f6kset valitusviranomaisen tutkittavaksi eik\u00e4 valitusoikeutta saa rajoittaa.<\/p>\n<p>Rajoitusten kannattajat vetoavat aina niin sanottuihin ammattivalittajiin. T\u00e4ll\u00e4 he tarkoittavat sellaisia ihmisi\u00e4, jotka valittavat vain kiusantekomieless\u00e4 ja viiv\u00e4stytt\u00e4\u00e4kseen asioita. Kyll\u00e4 sellaisiakin varmaan on, mutta heit\u00e4 on v\u00e4h\u00e4n. P\u00e4\u00e4tt\u00e4j\u00e4t tosin n\u00e4kev\u00e4t heit\u00e4 ihan kaikkialla. On paljon helpompi syytt\u00e4\u00e4 valittajaa kuin mietti\u00e4 oman p\u00e4\u00e4t\u00f6ksen vikoja.<\/p>\n<p>T\u00e4m\u00e4 jatkuva ruikutus aiheettomista valituksista tulee viel\u00e4 jonain p\u00e4iv\u00e4n\u00e4 johtamaan valitusoikeuden rajoittamiseen. N\u00e4in k\u00e4vi jo siviilioikeudellisissa riita-asoissa. Vuoden 2011 alusta l\u00e4htien k\u00e4r\u00e4j\u00e4oikeuden p\u00e4\u00e4t\u00f6ksist\u00e4 on saatava valituslupa ennen kuin niist\u00e4 voi valittaa hovioikeuteen. Resurssien lis\u00e4\u00e4misen sijaan rajoitetaan valitusoikeutta, niin ty\u00f6m\u00e4\u00e4r\u00e4 v\u00e4henee.<\/p>\n<p>Valitusoikeuden rajoittaminen ymp\u00e4rist\u00f6lupa-asioissa olisi taivaan lahja kaivosteollisuudelle, turvetuotannolle ja ihan kaikelle ymp\u00e4rist\u00f6\u00e4 pilaavalle toiminnalle. Se lahja lienee tarkoitus antaa ihan oikeasti.<\/p>\n","protected":false},"excerpt":{"rendered":"<p>Maanantaiaamuna ty\u00f6- ja elinkeinoministeri\u00f6n kansliap\u00e4\u00e4llikk\u00f6 Erkki Virtanen kertoi, ett\u00e4 Ely-keskuksia aiotaan lakkauttaa&hellip;<\/p>\n","protected":false},"author":62,"featured_media":0,"comment_status":"open","ping_status":"open","sticky":false,"template":"","format":"standard","meta":{"footnotes":""},"categories":[513,5,1569],"tags":[581,2042,1937,2043,503,1768,1942],"acf":[],"platta":{"numLikes":1,"numComments":3,"category":null,"themes":[],"commercial_partner":null,"thumbnail":false,"blog_id":64},"jetpack_featured_media_url":"","_links":{"self":[{"href":"https:\/\/blogit.apu.fi\/uuninpankkopoikasakutimonen\/api\/wp\/v2\/posts\/1194"}],"collection":[{"href":"https:\/\/blogit.apu.fi\/uuninpankkopoikasakutimonen\/api\/wp\/v2\/posts"}],"about":[{"href":"https:\/\/blogit.apu.fi\/uuninpankkopoikasakutimonen\/api\/wp\/v2\/types\/post"}],"author":[{"embeddable":true,"href":"https:\/\/blogit.apu.fi\/uuninpankkopoikasakutimonen\/api\/wp\/v2\/users\/62"}],"replies":[{"embeddable":true,"href":"https:\/\/blogit.apu.fi\/uuninpankkopoikasakutimonen\/api\/wp\/v2\/comments?post=1194"}],"version-history":[{"count":1,"href":"https:\/\/blogit.apu.fi\/uuninpankkopoikasakutimonen\/api\/wp\/v2\/posts\/1194\/revisions"}],"predecessor-version":[{"id":22774,"href":"https:\/\/blogit.apu.fi\/uuninpankkopoikasakutimonen\/api\/wp\/v2\/posts\/1194\/revisions\/22774"}],"wp:attachment":[{"href":"https:\/\/blogit.apu.fi\/uuninpankkopoikasakutimonen\/api\/wp\/v2\/media?parent=1194"}],"wp:term":[{"taxonomy":"category","embeddable":true,"href":"https:\/\/blogit.apu.fi\/uuninpankkopoikasakutimonen\/api\/wp\/v2\/categories?post=1194"},{"taxonomy":"post_tag","embeddable":true,"href":"https:\/\/blogit.apu.fi\/uuninpankkopoikasakutimonen\/api\/wp\/v2\/tags?post=1194"}],"curies":[{"name":"wp","href":"https:\/\/api.w.org\/{rel}","templated":true}]}}