{"id":11991,"date":"2016-05-21T16:35:38","date_gmt":"2016-05-21T13:35:38","guid":{"rendered":"http:\/\/blogit.image.fi\/uuninpankkopoikasakutimonen\/?p=11991"},"modified":"2018-02-28T10:28:22","modified_gmt":"2018-02-28T08:28:22","slug":"kreatur-parasiter-och-forundersokningslotteri","status":"publish","type":"post","link":"https:\/\/blogit.apu.fi\/uuninpankkopoikasakutimonen\/2016\/05\/21\/kreatur-parasiter-och-forundersokningslotteri\/","title":{"rendered":"Kreatur, parasiter och f\u00f6runders\u00f6kningslotteri"},"content":{"rendered":"<p>19.5.2016\u00a0<a rel=\"nofollow\" href=\"http:\/\/blogit.image.fi\/uuninpankkopoikasakutimonen\/2016\/05\/19\/elukat-loiset-ja-esitutkinnan-arpajaiset\/\" target=\"_blank\">Saku Timonen<\/a><\/p>\n<p><span lang=\"sv-SE\"><i>Polis\u00f6verstyrelsen konstaterar \u00e4ven som sin st\u00e5ndpunkt, att asyls\u00f6kande kan, p\u00e5 grund av deras st\u00e4llning i samh\u00e4llet som i sin tur f\u00f6ranleder ett behov av skydd, ses som en s\u00e5dan folkgrupp i behov av skydd, som lagen syftar till. Lagens f\u00f6rarbeten listar k\u00e4nnetecken av hot, f\u00f6rtal och kr\u00e4nkningar, som tyder p\u00e5 detta t ex genom att j\u00e4mf\u00f6ra m\u00e4nniskor med djur och parasiter, att generalisera dem som kriminella eller som av l\u00e4gre v\u00e4rde.<\/i><\/span><\/p>\n<p><span lang=\"sv-SE\"><i>Polis\u00f6verstyrelsen har kommit fram till att skriften som anm\u00e4lts som brottslig p\u00e5 grund av att den inneh\u00e5ller bland annat uttryck som \u201dm\u00e4nsklig avfall\u201d och \u201ckreatur\u201d, har varit s\u00e5 f\u00f6rnedrande f\u00f6r en folkgrupp, att \u00e4ven om man beaktar alla yttrandefrihetsaspekterna, har den relativt l\u00e5ga ribban f\u00f6r att \u00f6ppna en f\u00f6runders\u00f6kning \u00f6verskridits. Enligt polis\u00f6verstyrelsen har skribenten publicerat texten i sitt eget namn och \u00e4r medveten om f\u00f6rtalet, och d\u00e4rigenom har kravet p\u00e5 avsiktlighet uppfyllts.<\/i><\/span><\/p>\n<p><span lang=\"sv-SE\">S\u00e5 h\u00e4r uttalade sig allts\u00e5 polis\u00f6verstyrelsen, n\u00e4r bitr\u00e4dande justitiekanslern tog sitt beslut 11 maj 2016. Texten ing\u00e5r i beslutet d\u00e4rf\u00f6r att bitr\u00e4dande justitiekanslern var enig med polis\u00f6verstyrelsen i denna fr\u00e5ga. Det handlade om fallet d\u00e5 en loppisentrepren\u00f6r p\u00e5stod i Facebook att asyls\u00f6kanden f\u00f6rst\u00f6rde f\u00f6r dennes aff\u00e4rer. Diskussionen som f\u00f6ljde innebar bland annat att asyls\u00f6kanden kallades f\u00f6r kreatur och parasiter. Det handlar om misst\u00e4nkt brott och d\u00e5 ska f\u00f6runders\u00f6kning p\u00e5b\u00f6rjas enligt lagen. <\/span><a rel=\"nofollow\" href=\"https:\/\/dl.dropboxusercontent.com\/u\/30998984\/OKV\/OKV.pdf\" target=\"_blank\"><span lang=\"sv-SE\">Hela beslutet av bitr\u00e4dande justitiekanslern finns h\u00e4r<\/span><\/a><span lang=\"sv-SE\"> (p\u00e5 finska).<\/span><\/p>\n<p><span lang=\"sv-SE\">Finlands bitr\u00e4dande justitiekansler tar alltid beslut om enskilda fall, men dessa p\u00e5verkar \u00e4ven hur myndigheterna bedriver sin verksamhet. D\u00e4rf\u00f6r \u00e4r detta beslut viktigt och b\u00f6r anv\u00e4ndas bredare n\u00e4r man funderar p\u00e5 att inleda en utredning av ett brott som heter hets mot folkgrupp. <\/span><\/p>\n<p><span lang=\"sv-SE\">L\u00e5t oss \u00f6vers\u00e4tta allt detta till klarspr\u00e5k.<\/span><\/p>\n<p><span lang=\"sv-SE\">F\u00f6r det f\u00f6rsta konstateras det att asyls\u00f6kanden \u00e4r en s\u00e5dan folkgrupp som avses i lagen n\u00e4r man syftar till en grupp som beh\u00f6ver skydd mot hets. F\u00f6r det andra fastst\u00e4lls det att med st\u00f6d i lagens f\u00f6rarbeten ska det inledas en brottsutredning n\u00e4r n\u00e5gon medvetet kallar medlemmar av folkgruppen avfall, djur och parasiter, eller generellt kallas kriminella och mindre v\u00e4rda. <\/span><\/p>\n<p><span lang=\"sv-SE\">Detta \u00e4r glasklart i beslutet och eftersom det ska vara ledande f\u00f6r myndigheter i motsvarande fall, s\u00e5 m\u00e5ste det f\u00f6ljas. Motsvarande fall hittar man bland annat fr\u00e5n Facebookgruppen som h\u00f6r till r\u00f6relsen St\u00e4ng gr\u00e4nserna, d\u00e4r det egentligen inte finns n\u00e5got annat \u00e4n hets. Detsamma g\u00e4ller spr\u00e5kpublikationen MV:s texter och kommentarer. Polisen, \u00e5klagarmyndigheten och domstolarna kommer vara fullt sysselsatta l\u00e4nge med dessa fall, n\u00e4r tiotals eller \u00e4ven hundratals fall ska lagf\u00f6ras.<\/span><\/p>\n<p><span lang=\"sv-SE\">Detta kommer f\u00f6rst\u00e5s inte att h\u00e4nda, d\u00e5 f\u00f6runders\u00f6kningsledaren \u00e4nnu har makten att besluta om man \u00f6ppnar ett fall eller inte. Dessutom kan man inte tr\u00e4nsa polisen, \u00e5klagare och domstolarna f\u00f6r den stora uppfostringsuppgiften. Det \u00e4r inte deras jobb att f\u00f6rb\u00e4ttra d\u00e5lig bildning och d\u00e5liga vanor hos folket. <\/span><\/p>\n<p><span lang=\"sv-SE\">Vilken nytta har vi d\u00e5 av detta beslut? I alla fall kan anm\u00e4laren av hets mot folkgrupp alltid h\u00e4nvisa till det. Och att sprida information om beslutet kan \u00f6ppna \u00f6gonen hos n\u00e5gon av rasismen f\u00f6rblindad skribent som sprider f\u00f6rtal.<\/span><\/p>\n<p><span lang=\"sv-SE\">Finland har p\u00e5 riktigt en lag som f\u00f6rbjuder hets mot folkgrupp och man kan aldrig veta vem som r\u00e5kar f\u00e5 lotten som \u00f6ppnar en brottsunders\u00f6kning i f\u00f6runders\u00f6kningslotteriet. P\u00e5 grund av beslutet kan vi r\u00e4kna med att allt fler f\u00e5r en s\u00e5dan lott i handen i framtiden. <\/span><\/p>\n","protected":false},"excerpt":{"rendered":"<p>19.5.2016\u00a0Saku Timonen Polis\u00f6verstyrelsen konstaterar \u00e4ven som sin st\u00e5ndpunkt, att asyls\u00f6kande kan, p\u00e5&hellip;<\/p>\n","protected":false},"author":62,"featured_media":0,"comment_status":"open","ping_status":"open","sticky":false,"template":"","format":"standard","meta":{"footnotes":""},"categories":[2289,9],"tags":[],"acf":[],"platta":{"numLikes":1,"numComments":0,"category":null,"themes":[],"commercial_partner":null,"thumbnail":false,"blog_id":64},"jetpack_featured_media_url":"","_links":{"self":[{"href":"https:\/\/blogit.apu.fi\/uuninpankkopoikasakutimonen\/api\/wp\/v2\/posts\/11991"}],"collection":[{"href":"https:\/\/blogit.apu.fi\/uuninpankkopoikasakutimonen\/api\/wp\/v2\/posts"}],"about":[{"href":"https:\/\/blogit.apu.fi\/uuninpankkopoikasakutimonen\/api\/wp\/v2\/types\/post"}],"author":[{"embeddable":true,"href":"https:\/\/blogit.apu.fi\/uuninpankkopoikasakutimonen\/api\/wp\/v2\/users\/62"}],"replies":[{"embeddable":true,"href":"https:\/\/blogit.apu.fi\/uuninpankkopoikasakutimonen\/api\/wp\/v2\/comments?post=11991"}],"version-history":[{"count":1,"href":"https:\/\/blogit.apu.fi\/uuninpankkopoikasakutimonen\/api\/wp\/v2\/posts\/11991\/revisions"}],"predecessor-version":[{"id":21833,"href":"https:\/\/blogit.apu.fi\/uuninpankkopoikasakutimonen\/api\/wp\/v2\/posts\/11991\/revisions\/21833"}],"wp:attachment":[{"href":"https:\/\/blogit.apu.fi\/uuninpankkopoikasakutimonen\/api\/wp\/v2\/media?parent=11991"}],"wp:term":[{"taxonomy":"category","embeddable":true,"href":"https:\/\/blogit.apu.fi\/uuninpankkopoikasakutimonen\/api\/wp\/v2\/categories?post=11991"},{"taxonomy":"post_tag","embeddable":true,"href":"https:\/\/blogit.apu.fi\/uuninpankkopoikasakutimonen\/api\/wp\/v2\/tags?post=11991"}],"curies":[{"name":"wp","href":"https:\/\/api.w.org\/{rel}","templated":true}]}}