{"id":11995,"date":"2016-05-21T17:03:06","date_gmt":"2016-05-21T14:03:06","guid":{"rendered":"http:\/\/blogit.image.fi\/uuninpankkopoikasakutimonen\/?p=11995"},"modified":"2018-02-28T10:28:21","modified_gmt":"2018-02-28T08:28:21","slug":"lallallaa","status":"publish","type":"post","link":"https:\/\/blogit.apu.fi\/uuninpankkopoikasakutimonen\/2016\/05\/21\/lallallaa\/","title":{"rendered":"Lallallaa"},"content":{"rendered":"<p>21.5.2016\u00a0<a rel=\"nofollow\" href=\"http:\/\/blogit.image.fi\/uuninpankkopoikasakutimonen\/2016\/05\/21\/lallaslaa\/\" target=\"_blank\">Saku Timonen\u00a0<\/a><\/p>\n<p><span lang=\"sv-SE\"><i>-Lallallaa och hejd\u00e5! H\u00e4r k\u00e4nner vi inte till folkdemokratin och ditt nylle \u00e4r inte v\u00e4lkommet hit!<\/i><\/span><\/p>\n<p><span lang=\"sv-SE\">S\u00e5 svarade FB-profil \u201dPolitiska korrekthets b\u00e4sta\u201d (Poliittisen Korrektiuden Parhaat, PKP), n\u00e4r jag kommenterade en uppdatering som handlade om mig.\u00a0<\/span><span lang=\"sv-SE\">F\u00f6rst publicerade denna nazism- och fascismvurmande profil f\u00f6rtal, sedan togs mitt svar bort, och jag blockerades, och d\u00e4refter publicerade de bild p\u00e5 min mindre v\u00e4lkomna nylle.<\/span><\/p>\n<p><a rel=\"nofollow\" href=\"https:\/\/d3vsgec5pd3juy.cloudfront.net\/wp-content-new\/uploads\/ap\/sites\/23\/2016\/05\/polkor1.jpg\"><img decoding=\"async\" loading=\"lazy\" class=\"alignnone wp-image-11957 size-full\" src=\"https:\/\/d3vsgec5pd3juy.cloudfront.net\/wp-content-new\/uploads\/ap\/sites\/23\/2016\/05\/polkor1.jpg\" alt=\"polkor1\" width=\"630\" height=\"484\" srcset=\"https:\/\/blogit-cdn.a-lehdet.fi\/uploads\/sites\/64\/2016\/05\/polkor1.jpg 630w, https:\/\/blogit-cdn.a-lehdet.fi\/uploads\/sites\/64\/2016\/05\/polkor1-300x230.jpg 300w\" sizes=\"(max-width: 630px) 100vw, 630px\" \/><\/a><\/p>\n<p><span lang=\"sv-SE\">PKP:<\/span><span lang=\"sv-SE\"><i><br \/>\nN\u00e4r Juukas sj\u00e4lvutn\u00e4mnda jurist, Sakari \u201dSpish\u00e4llskarl\u201d Timonen \u00e5terigen lyfter sig i sina h\u00e4ngslar och ropar efter \u00e4rligheten, \u00e4r det v\u00e4l dags att plocka ned den d\u00e4r sj\u00e4lvcentrerade besserwissern som ugglar i sin mors n\u00e4ste (eller i sk\u00e5pet?) tillbaka p\u00e5 jorden.<\/i><\/span><\/p>\n<p><span lang=\"sv-SE\"><i>Ni minns v\u00e4l hur han h\u00f6gljutt f\u00f6rnekade asylturisternas sexualbrott som riktades mot under\u00e5riga i Vihti?<\/i><\/span><\/p>\n<p><span lang=\"sv-SE\"><i>Och hur han skuldbelade unga kvinnliga offer, s\u00e5som en riktig homolord ska v\u00e4l g\u00f6ra?<\/i><\/span><\/p>\n<p><span lang=\"sv-SE\"><i>Gjort av kvinnohat, arrogans, deklamerande, skenjurism, d\u00e5lig uppf\u00f6rande, intelligens under medianen, n\u00e4that, sj\u00e4lvtillr\u00e4cklighet, kopierade texter samt av extrem v\u00e4nster kamouflerad till socialdemokratin. <\/i><\/span><\/p>\n<p><span lang=\"sv-SE\"><i>Det \u00e4r vad Spish\u00e4llskarl \u00e4r gjort av.<\/i><\/span><\/p>\n<p><span lang=\"sv-SE\">N\u00e4r jag svarade genom att l\u00e4nka till min tidigare bloggsammanfattning om Vihtifallet, var svaret precis en s\u00e5dan man kan f\u00f6rv\u00e4nta sig av en faktaresistent, verklighetskritisk nazist. [Den ovan]<\/span><\/p>\n<p><a rel=\"nofollow\" href=\"https:\/\/d3vsgec5pd3juy.cloudfront.net\/wp-content-new\/uploads\/ap\/sites\/23\/2016\/05\/polkor2.jpg\"><img decoding=\"async\" loading=\"lazy\" class=\"alignnone wp-image-11958 size-full\" src=\"https:\/\/d3vsgec5pd3juy.cloudfront.net\/wp-content-new\/uploads\/ap\/sites\/23\/2016\/05\/polkor2.jpg\" alt=\"polkor2\" width=\"589\" height=\"389\" \/><\/a><\/p>\n<p><span lang=\"sv-SE\">Mitt nylle behagar inte dem, men m\u00e5ste tydligen i tid och otid publiceras precis som bilder av andra flyktingkramare, s\u00e5som Dan Koivulaakso, Marko Hietikko, Li Andersson och Jori Eskolin. Dessutom ska man komma ih\u00e5g att elda p\u00e5 hatet. <\/span><\/p>\n<p><a rel=\"nofollow\" href=\"https:\/\/d3vsgec5pd3juy.cloudfront.net\/wp-content-new\/uploads\/ap\/sites\/23\/2016\/05\/polko3.jpg\"><img decoding=\"async\" loading=\"lazy\" class=\"alignnone wp-image-11959 size-full\" src=\"https:\/\/d3vsgec5pd3juy.cloudfront.net\/wp-content-new\/uploads\/ap\/sites\/23\/2016\/05\/polko3.jpg\" alt=\"polko3\" width=\"596\" height=\"348\" \/><\/a><\/p>\n<p><span lang=\"sv-SE\"><i>Kalle Lipponen:<\/i><\/span><span lang=\"sv-SE\"><i> Timonens uppfattning om mod \u00e4r att rusa mot v\u00e4ggen och g\u00f6ra bort sig. Detta var inte f\u00f6rsta g\u00e5ngen. Och s\u00e4kert inte sista.<\/i><\/span><\/p>\n<p><span lang=\"sv-SE\"><i>PKP:<\/i><\/span><span lang=\"sv-SE\"><i> Varje g\u00e5ng denna hj\u00e4lte \u00e4ntrar scenen objuden, st\u00f6vlar han fram med (andligt) skitiga st\u00f6vlar omg\u00e4rdad av oljud och of\u00f6rst\u00e5nd, s\u00e5som en dr\u00e4ng som blivit r\u00f6dgardisternas plutonchef 1918. Han anser som sin r\u00e4tt att utan tillst\u00e5nd komma hem till m\u00e4nniskor f\u00f6r att h\u00e4rja och skr\u00e4mmas.\u00a0<\/i><\/span><span lang=\"sv-SE\"><i>N\u00e5gra dagar sedan denna \u201djurist\u201d jublade \u00f6ver ett varum\u00e4rkesintr\u00e5ng. Allts\u00e5 hejade p\u00e5 tjuvarna. En s\u00e5dan jurist, en s\u00e5dan bildning och ett s\u00e5dant upptr\u00e4dande.<\/i><\/span><\/p>\n<p><span lang=\"sv-SE\">Sidans administrat\u00f6r har en uppfattning om att en stolt och stridande nazist \u00e4r \u00f6verl\u00e4gsen och anonym. Hen publicerar bilder som f\u00f6ljer nationalsocialistiska ideal av m\u00e4nniskor och utsikter, blandade med bilder p\u00e5 kvinnor i underkl\u00e4der och m\u00e4n i uniform. Speciellt bilderna med kvinnor i underkl\u00e4der poserande med vapen p\u00e5minner om 70-talets runktidningar. Som motvikt erbjuds \u00e4ven ariska hanar i nazistuniform. N\u00e5got f\u00f6r alla smaker.<\/span><\/p>\n<p><span lang=\"sv-SE\">Jag vet inte vem denna admin \u00e4r.\u00a0<\/span><span lang=\"sv-SE\">Saksamma. Jag skulle kunna g\u00f6ra en brottsanm\u00e4lan om en \u00e4rekr\u00e4nkning. Redan i det f\u00f6rsta inl\u00e4gget lyckas han p\u00e5st\u00e5 att jag \u00e4r en l\u00f6gnhals, homosexuell, skenjurist och plagierare. <\/span><\/p>\n<p><span lang=\"sv-SE\">Om jag skulle anm\u00e4la, s\u00e5 skulle jag ha \u00f6vertaget. Jag vill dock inte st\u00f6ra polisen med detta omogna lallande. Jag v\u00e4ntar p\u00e5 att n\u00e5gon med samma ideologi men som \u00e4r \u00e4nnu mindre beg\u00e5vad ska bli inspirerad att hota mig. Det verkar ju vara syftet med inl\u00e4ggen, eller n\u00e5got \u00e4ven v\u00e4rre. <\/span><\/p>\n<p><span lang=\"sv-SE\">Men det \u00e4r inte v\u00e4rt det. F\u00f6rra tisdagen d\u00f6mdes en som hotat mig till f\u00e4ngelse i tre m\u00e5nader, i praktiken som 90 dagars samh\u00e4llstj\u00e4nst. Och just nu p\u00e5g\u00e5r f\u00f6runders\u00f6kning av tv\u00e5 olagliga hot som riktats mot mig. <\/span><\/p>\n<p><span lang=\"sv-SE\">Det \u00e4r klokast att komma ih\u00e5g att jag har nolltolerans gentemot hot. Retstickorna<\/span><!-- m --><span lang=\"sv-SE\"> kan forts\u00e4tta att titta p\u00e5 strumpebandsbilder och ta p\u00e5 sina \u00f6verl\u00e4gsna ariska kroppsdelar. <\/span><\/p>\n<p>&nbsp;<\/p>\n","protected":false},"excerpt":{"rendered":"<p>21.5.2016\u00a0Saku Timonen\u00a0 -Lallallaa och hejd\u00e5! H\u00e4r k\u00e4nner vi inte till folkdemokratin och&hellip;<\/p>\n","protected":false},"author":62,"featured_media":0,"comment_status":"open","ping_status":"open","sticky":false,"template":"","format":"standard","meta":{"footnotes":""},"categories":[2289,9],"tags":[],"acf":[],"platta":{"numLikes":1,"numComments":3,"category":null,"themes":[],"commercial_partner":null,"thumbnail":"https:\/\/d3vsgec5pd3juy.cloudfront.net\/wp-content-new\/uploads\/ap\/sites\/23\/2016\/05\/polkor1.jpg","blog_id":64},"jetpack_featured_media_url":"","_links":{"self":[{"href":"https:\/\/blogit.apu.fi\/uuninpankkopoikasakutimonen\/api\/wp\/v2\/posts\/11995"}],"collection":[{"href":"https:\/\/blogit.apu.fi\/uuninpankkopoikasakutimonen\/api\/wp\/v2\/posts"}],"about":[{"href":"https:\/\/blogit.apu.fi\/uuninpankkopoikasakutimonen\/api\/wp\/v2\/types\/post"}],"author":[{"embeddable":true,"href":"https:\/\/blogit.apu.fi\/uuninpankkopoikasakutimonen\/api\/wp\/v2\/users\/62"}],"replies":[{"embeddable":true,"href":"https:\/\/blogit.apu.fi\/uuninpankkopoikasakutimonen\/api\/wp\/v2\/comments?post=11995"}],"version-history":[{"count":1,"href":"https:\/\/blogit.apu.fi\/uuninpankkopoikasakutimonen\/api\/wp\/v2\/posts\/11995\/revisions"}],"predecessor-version":[{"id":21832,"href":"https:\/\/blogit.apu.fi\/uuninpankkopoikasakutimonen\/api\/wp\/v2\/posts\/11995\/revisions\/21832"}],"wp:attachment":[{"href":"https:\/\/blogit.apu.fi\/uuninpankkopoikasakutimonen\/api\/wp\/v2\/media?parent=11995"}],"wp:term":[{"taxonomy":"category","embeddable":true,"href":"https:\/\/blogit.apu.fi\/uuninpankkopoikasakutimonen\/api\/wp\/v2\/categories?post=11995"},{"taxonomy":"post_tag","embeddable":true,"href":"https:\/\/blogit.apu.fi\/uuninpankkopoikasakutimonen\/api\/wp\/v2\/tags?post=11995"}],"curies":[{"name":"wp","href":"https:\/\/api.w.org\/{rel}","templated":true}]}}