{"id":12148,"date":"2016-05-29T10:19:56","date_gmt":"2016-05-29T07:19:56","guid":{"rendered":"http:\/\/blogit.image.fi\/uuninpankkopoikasakutimonen\/?p=12148"},"modified":"2018-02-28T10:28:19","modified_gmt":"2018-02-28T08:28:19","slug":"ett-fenomen-eller-en-enskild-handelse","status":"publish","type":"post","link":"https:\/\/blogit.apu.fi\/uuninpankkopoikasakutimonen\/2016\/05\/29\/ett-fenomen-eller-en-enskild-handelse\/","title":{"rendered":"Ett fenomen eller en enskild h\u00e4ndelse?"},"content":{"rendered":"<p>26.5.2016\u00a0<a rel=\"nofollow\" href=\"http:\/\/blogit.image.fi\/uuninpankkopoikasakutimonen\/2016\/05\/26\/ilmio-vai-yksittaistapaus\/\" target=\"_blank\">Saku Timonen<\/a><\/p>\n<p><span lang=\"sv-SE\">Ig\u00e5r rapporterade YLE att en grupp har misshandlat asyls\u00f6kanden i Hennala mottagningscenter. Centrumet har f\u00e5tt information om mellan fem och tio fall av misshandel. Enligt de som bor p\u00e5 centret har man attackerat dem med knytn\u00e4vslag, sparkar och \u00e4ven med ett basebolltr\u00e4. Polisen lovade unders\u00f6ka om det \u00e4r fr\u00e5ga om ett enskilda fall eller ett fenomen, och om fler anm\u00e4lningar sker kommer man agera med kraft. [L\u00e4nk p\u00e5 <\/span><a rel=\"nofollow\" href=\"http:\/\/yle.fi\/uutiset\/vastaanottokeskus_turvapaikanhakijoiden_kimppuun_kayty_pesapallomailoin_lahden_kaduilla\/8906229\" target=\"_blank\"><span style=\"color: #0000ff\"><span lang=\"sv-SE\"><u>finska\u00a0<\/u><\/span><\/span><\/a><span lang=\"sv-SE\">]\u00a0<\/span><\/p>\n<p><span lang=\"sv-SE\">Idag har polisen informerat om att gruppen som trakasserar asyls\u00f6kanden \u00e4r inte organiserad. Hittills har man gjort en brottsanm\u00e4lan och polisen ska utreda om det finns flera fall. <\/span><\/p>\n<p><span lang=\"sv-SE\">Det \u00e4r fr\u00e5ga om ett fenomen av enskilda fall. Fallen \u00e4r enskilda s\u00e5tillvida, att det \u00e4r helt on\u00f6digt att s\u00f6ka efter en organiserad, likakl\u00e4dd grupp som handlar utifr\u00e5n en plan. Organiserat \u00e4r det dock s\u00e5tillvida att de enskilda g\u00e4rningsm\u00e4nnen har f\u00e5tt inspiration av oljudet ifr\u00e5n sociala medier. Den skapar hallucinationer som inspirerar enskilda att agera.<\/span><\/p>\n<p><span lang=\"sv-SE\">Det finns mycket oljud p\u00e5 vissa st\u00e4llen. St\u00e4ng Gr\u00e4nserna -r\u00f6relsens Facebook -sida t ex. D\u00e4r v\u00e4lkomnade man h\u00e4ndelserna i Lahtis med en gl\u00e4dje och s\u00e4rskild med skadegl\u00e4dje. D\u00e4r fick ni, skyll er sj\u00e4lva som kom hit, nu ska vi visa er. Dessa verklighetskritiska m\u00e4nniskor greppar fast i den sj\u00e4lvgenererade l\u00f6gnen, och anser sedan att hets och f\u00f6rf\u00f6ljelse \u00e4r sj\u00e4lvber\u00e4ttigad kamp.<\/span><\/p>\n<p><span lang=\"sv-SE\">Elakhet och ondska \u00e4r handgripliga. Om vi skulle r\u00e5ka vara p\u00e5 plats skulle vi inte se n\u00e5got och inget skulle vi ber\u00e4tta f\u00f6r poliserna. <\/span><\/p>\n<p><a rel=\"nofollow\" href=\"https:\/\/d3vsgec5pd3juy.cloudfront.net\/wp-content-new\/uploads\/ap\/sites\/23\/2016\/05\/lajnkuuliaiset.jpg\"><img decoding=\"async\" loading=\"lazy\" class=\"alignnone wp-image-12055 size-full\" src=\"https:\/\/d3vsgec5pd3juy.cloudfront.net\/wp-content-new\/uploads\/ap\/sites\/23\/2016\/05\/lajnkuuliaiset.jpg\" alt=\"lajnkuuliaiset\" width=\"604\" height=\"460\" \/><\/a><\/p>\n<p><span lang=\"sv-SE\">Aleksis Kauranne:<\/span><span lang=\"sv-SE\"> <i>Jag kan delta genom att heja p\u00e5 fr\u00e5n sidan, eller delta utan att skvallra senare.<\/i><\/span><\/p>\n<p><span lang=\"sv-SE\">Virpi Ruohoranta<\/span><span lang=\"sv-SE\"><i>: Fint lahtisbor! Just s\u00e5 h\u00e4r! Vi kan t\u00f6mma Hennala!! (Hoppas de drar satans l\u00e5ngt fr\u00e5n Lathis, helst till sina heml\u00e4nder)<\/i><\/span><\/p>\n<p><span lang=\"sv-SE\">Virpi Ruohoranta<\/span><span lang=\"sv-SE\"><i>: H\u00e4r hos oss p\u00e5 k\u00f6pcenter brann invandrarnas pizzeria ned, vet ej orsaken, men knappast en olycka, hela veckan innan hade man kastat tegelstenar in fr\u00e5n f\u00f6nstret. I Lahtis finns motst\u00e5nd i luften\u2026<\/i><\/span><\/p>\n<p><span lang=\"sv-SE\">Santtu Saarinen:<\/span><span lang=\"sv-SE\"><i> Dessa i fr\u00e5ga har haft det d\u00e4r pizzah\u00e4ktet redan i \u00e5ratal, allts\u00e5 inte invasionens senaste folk. Men nog att \u201dmotst\u00e5ndet\u201d skulle spridas f\u00f6r att ber\u00f6ra \u00e4ven de som kom tidigare.<\/i><\/span><\/p>\n<p><span lang=\"sv-SE\">Ville Hippi<\/span><span lang=\"sv-SE\"><i>: Islam-avfallet i pizzerior har enbart h\u00e4nt som revirkamp mellan olika jihadister. Hoppas att finl\u00e4ndare f\u00f6rst\u00e5r att inte k\u00f6pa n\u00e5got fr\u00e5n dessa skitiga st\u00e4llen, inte ens en lemonadflaska!<\/i><\/span><\/p>\n<p><span lang=\"sv-SE\">Hela vintern har man ljugit till alla och en sj\u00e4lv att alla asyls\u00f6kande \u00e4r tjuvar, m\u00f6rdare och v\u00e5ldt\u00e4ktsm\u00e4n, s\u00e5 \u00e4ntligen f\u00e5r de ett egenm\u00e4ktigt straff. De som deltar bel\u00f6nas med bastukv\u00e4ll inklusive dryck. <\/span><\/p>\n<p><a rel=\"nofollow\" href=\"https:\/\/d3vsgec5pd3juy.cloudfront.net\/wp-content-new\/uploads\/ap\/sites\/23\/2016\/05\/rk-empatia.jpg\"><img decoding=\"async\" loading=\"lazy\" class=\"alignnone wp-image-12056 size-full\" src=\"https:\/\/d3vsgec5pd3juy.cloudfront.net\/wp-content-new\/uploads\/ap\/sites\/23\/2016\/05\/rk-empatia.jpg\" alt=\"rk empatia\" width=\"595\" height=\"530\" srcset=\"https:\/\/blogit-cdn.a-lehdet.fi\/uploads\/sites\/64\/2016\/05\/rk-empatia.jpg 595w, https:\/\/blogit-cdn.a-lehdet.fi\/uploads\/sites\/64\/2016\/05\/rk-empatia-300x267.jpg 300w\" sizes=\"(max-width: 595px) 100vw, 595px\" \/><\/a><\/p>\n<p><span lang=\"sv-SE\">Riitta-Liisa Lissu Hakola<\/span><span lang=\"sv-SE\">: <\/span><span lang=\"sv-SE\"><i>Det \u00e4r ett helvete att man direkt g\u00f6r en nyhet och sprider v\u00e4djanden n\u00e4r en skitfot f\u00e5r vad han f\u00f6rtj\u00e4nat\u2026 alla brott som invandrare g\u00f6r n\u00e5r inte ens nyhetstr\u00f6skeln!!<\/i><\/span><\/p>\n<p><span lang=\"sv-SE\">Joni Rannikko:<\/span><span lang=\"sv-SE\"> Enskilt<\/span><span lang=\"sv-SE\"><i> fall, det \u00e4r synd att det fick h\u00e4nda.<\/i><\/span><\/p>\n<p><span lang=\"sv-SE\">Jussi M\u00e4ntt\u00e4ri:<\/span> <span lang=\"sv-SE\"><i>Undrar vad som finns bakom detta\u2026 det h\u00e4nder inte utan anledning. Polis och media ber\u00e4ttar inte heller s\u00e4rskilt mycket.<\/i><\/span><\/p>\n<p><span lang=\"sv-SE\">Tero Patovuoro:<\/span> <span lang=\"sv-SE\"><i>Enskilt fall.<\/i><\/span><\/p>\n<p><span lang=\"sv-SE\">Jarkko Glans:<\/span> <span lang=\"sv-SE\"><i>Jag respekterar g\u00e4rningsm\u00e4nnen . Om jag visste vilka de \u00e4r skulle erbjuda dem en bastukv\u00e4ll med alla dryck.<\/i><\/span><\/p>\n<p><span lang=\"sv-SE\">Linda Ellil\u00e4:<\/span><span lang=\"sv-SE\"> Jahaja<\/span><span lang=\"sv-SE\"><i>, Igen har de skapat n\u00e5gon version av vad som h\u00e4nde. Som alltid! Och \u00e4ven om detta skulle vara sant, SO WHAT? Man f\u00e5r vad man best\u00e4ller. Vilken ensamr\u00e4tt har dessa kamelf\u00f6rare att sl\u00e5 finl\u00e4ndare i huvudet?! Dessa l\u00e4mnar ju inte ens barn eller kvinnor eller gamla m\u00e4nniskor ifred!! V\u00e5ldtas, r\u00e5nas och misshandlas, knuffas och spottas p\u00e5 folk. Men det intresserar ingen och man \u00e4r helt tyst. Bra om det b\u00f6rjar ske lite \u201dutveckling\u201d \u00e5t andra h\u00e5llet ocks\u00e5.<\/i><\/span><\/p>\n<p><span lang=\"sv-SE\">Och s\u00e5klart har inget h\u00e4nt, utan asyls\u00f6kanden har hittat p\u00e5 hela storyn. Och \u00e4ven om det vore sant, s\u00e5 \u00e4r det r\u00e4tt \u00e5t dem. <\/span><\/p>\n<p><a rel=\"nofollow\" href=\"https:\/\/d3vsgec5pd3juy.cloudfront.net\/wp-content-new\/uploads\/ap\/sites\/23\/2016\/05\/rk-lainkuulaisiet.jpg\"><img decoding=\"async\" loading=\"lazy\" class=\"alignnone wp-image-12057 size-full\" src=\"https:\/\/d3vsgec5pd3juy.cloudfront.net\/wp-content-new\/uploads\/ap\/sites\/23\/2016\/05\/rk-lainkuulaisiet.jpg\" alt=\"rk lainkuulaisiet\" width=\"592\" height=\"484\" srcset=\"https:\/\/blogit-cdn.a-lehdet.fi\/uploads\/sites\/64\/2016\/05\/rk-lainkuulaisiet.jpg 592w, https:\/\/blogit-cdn.a-lehdet.fi\/uploads\/sites\/64\/2016\/05\/rk-lainkuulaisiet-300x245.jpg 300w\" sizes=\"(max-width: 592px) 100vw, 592px\" \/><\/a><\/p>\n<p><span lang=\"sv-SE\">Tarya Korhonen:<\/span><span lang=\"sv-SE\"><i> jag tvivlar p\u00e5 sanningshalten, f\u00f6rmodligen g\u00f6r det sj\u00e4lva mot sig sj\u00e4lva f\u00f6r att blir inkluderade, eller f\u00f6r att f\u00e5 grepp om andra med sin religion.<\/i><\/span><\/p>\n<p><span lang=\"sv-SE\">Riitta Kvist:<b> <\/b><\/span><span lang=\"sv-SE\"><i>Undrar vad de gjorde F\u00d6RST, n\u00e4r ursprungsfolket har f\u00e5tt nog. Man h\u00e5ller alltid tyst om invandrarnas handlingar.<\/i><\/span><\/p>\n<p><span lang=\"sv-SE\">Ismo Juhani Kes\u00e4nen:<\/span><span lang=\"sv-SE\"><i> igen samma skit, sl\u00e5ss med varandra och f\u00f6rs\u00f6ker l\u00e4gga ansvaret p\u00e5 m\u00e4nniskor<\/i><\/span><\/p>\n<p><span lang=\"sv-SE\">Vesa Mustonen:<b> <\/b><\/span><span lang=\"sv-SE\"><i>sen n\u00e4r n\u00e5gon patrullerar, som odins, f\u00f6rs\u00f6ker h\u00e5lla gatorna rena, nej, det duger inte.<\/i><\/span><\/p>\n<p><span lang=\"sv-SE\">Sami Kokkonen<\/span><span lang=\"sv-SE\"><i>:De d\u00e4r f\u00f6rst\u00e5r bara v\u00e5ld<\/i><\/span><\/p>\n<p><span lang=\"sv-SE\">Freya Snow:<\/span><span lang=\"sv-SE\"><i> Jag skulle inte ber\u00e4tta \u00e4ven om jag visste<\/i><\/span><\/p>\n<p><span lang=\"sv-SE\">Vesa Mustonen:<\/span><span lang=\"sv-SE\"><i> Inte jag heller \u2013 eftersom att patruller p\u00e5 gatorna och anm\u00e4la till polisen betraktas som rasism och nazism, annars skulle jag.<\/i><\/span><\/p>\n<p><span lang=\"sv-SE\">Hela vintern har man m\u00e5lat hotbilder om sommarens blivande v\u00e5ldt\u00e4ktsv\u00e5g och n\u00e4r den uteblir, spelar det ingen roll. Nu \u00e4r man beredd att ta till medel eftersom denna grupp har greppat fast i en verklighet som de sj\u00e4lva har skapat. Denna grupp har landat i sina tanke- och beteendem\u00f6nster genom sj\u00e4lvbedr\u00e4gerier som b\u00f6rjade f\u00f6rra h\u00f6sten och har sedan dess \u00f6kat i takten. Tankarna har radikaliserats snabbt och extrema id\u00e9er har blivit en best\u00e5ende modell. <\/span><\/p>\n<p><span lang=\"sv-SE\">Varf\u00f6r petar jag i den h\u00e4r avfallsh\u00f6gen igen? D\u00e4rf\u00f6r, att \u00e4ven ni skulle se vad som h\u00e4nder i Finland. En del av v\u00e5rt folk har visat sig kunna bli en med h\u00f6gafflar och facklor bev\u00e4pnad flock som enbart f\u00f6ljer sina instinkter. Det \u00e4r bara fr\u00e5ga om n\u00e4r och hur den<\/span> <span lang=\"sv-SE\">h\u00e4r flocken, eller n\u00e5gon som flocken hetsar, d\u00f6dar en m\u00e4nniska. D\u00e5 kommer vi inte se ledarna n\u00e5gonstans, utan g\u00e4rningsm\u00e4n och \u2013 kvinnor f\u00e5r sj\u00e4lva b\u00e4ra sitt ok. De dummaste blir alltid upp\u00e4tna f\u00f6rst. <\/span><\/p>\n","protected":false},"excerpt":{"rendered":"<p>26.5.2016\u00a0Saku Timonen Ig\u00e5r rapporterade YLE att en grupp har misshandlat asyls\u00f6kanden i&hellip;<\/p>\n","protected":false},"author":62,"featured_media":0,"comment_status":"open","ping_status":"open","sticky":false,"template":"","format":"standard","meta":{"footnotes":""},"categories":[2289,5],"tags":[4885],"acf":[],"platta":{"numLikes":1,"numComments":0,"category":null,"themes":[],"commercial_partner":null,"thumbnail":"https:\/\/d3vsgec5pd3juy.cloudfront.net\/wp-content-new\/uploads\/ap\/sites\/23\/2016\/05\/lajnkuuliaiset.jpg","blog_id":64},"jetpack_featured_media_url":"","_links":{"self":[{"href":"https:\/\/blogit.apu.fi\/uuninpankkopoikasakutimonen\/api\/wp\/v2\/posts\/12148"}],"collection":[{"href":"https:\/\/blogit.apu.fi\/uuninpankkopoikasakutimonen\/api\/wp\/v2\/posts"}],"about":[{"href":"https:\/\/blogit.apu.fi\/uuninpankkopoikasakutimonen\/api\/wp\/v2\/types\/post"}],"author":[{"embeddable":true,"href":"https:\/\/blogit.apu.fi\/uuninpankkopoikasakutimonen\/api\/wp\/v2\/users\/62"}],"replies":[{"embeddable":true,"href":"https:\/\/blogit.apu.fi\/uuninpankkopoikasakutimonen\/api\/wp\/v2\/comments?post=12148"}],"version-history":[{"count":1,"href":"https:\/\/blogit.apu.fi\/uuninpankkopoikasakutimonen\/api\/wp\/v2\/posts\/12148\/revisions"}],"predecessor-version":[{"id":21822,"href":"https:\/\/blogit.apu.fi\/uuninpankkopoikasakutimonen\/api\/wp\/v2\/posts\/12148\/revisions\/21822"}],"wp:attachment":[{"href":"https:\/\/blogit.apu.fi\/uuninpankkopoikasakutimonen\/api\/wp\/v2\/media?parent=12148"}],"wp:term":[{"taxonomy":"category","embeddable":true,"href":"https:\/\/blogit.apu.fi\/uuninpankkopoikasakutimonen\/api\/wp\/v2\/categories?post=12148"},{"taxonomy":"post_tag","embeddable":true,"href":"https:\/\/blogit.apu.fi\/uuninpankkopoikasakutimonen\/api\/wp\/v2\/tags?post=12148"}],"curies":[{"name":"wp","href":"https:\/\/api.w.org\/{rel}","templated":true}]}}