{"id":1467,"date":"2012-12-02T12:48:13","date_gmt":"2012-12-02T10:48:13","guid":{"rendered":"http:\/\/uuninpankkopoika.byethost31.com\/?p=1467"},"modified":"2018-02-28T10:39:43","modified_gmt":"2018-02-28T08:39:43","slug":"sanavapauden-puolustaja","status":"publish","type":"post","link":"https:\/\/blogit.apu.fi\/uuninpankkopoikasakutimonen\/2012\/12\/02\/sanavapauden-puolustaja\/","title":{"rendered":"Sanavapauden puolustaja"},"content":{"rendered":"<p>Mahtavatkohan Risto Kuisma ja 300 muuta henkil\u00f6\u00e4 tiet\u00e4\u00e4, ett\u00e4 he ovat kovasti huolissaan nettipoliisi Marko &#8220;Fobba&#8221; Forssin sananvapaudesta ja kuuluvat sit\u00e4 puolustavaan ryhm\u00e4\u00e4n Facebookissa? Mahtaakohan Forss itse olla ihastunut t\u00e4llaisen ryhm\u00e4n olemassaolosta?<\/p>\n<p>Viime viikolla er\u00e4ss\u00e4 toisessa ryhm\u00e4ss\u00e4 k\u00e4ytiin keskustelua Forssin Twitteriss\u00e4 julkaisemasta parista vitsist\u00e4. Ryhm\u00e4ss\u00e4 pidettiin arveluttavana, ett\u00e4 tunnettu ja arvostettu poliisimies kertoo julkisesti sellaisia vitsej\u00e4, joiden voidaan katsoa loukkaavan er\u00e4st\u00e4 maamme v\u00e4hemmist\u00f6\u00e4. Forss osallistui keskusteluun itsekin eik\u00e4 kukaan rajoittanut h\u00e4nen sananvapauttaan.<\/p>\n<p>Pari p\u00e4iv\u00e4\u00e4 my\u00f6hemmin Facebookiin oli ilmestynyt ryhm\u00e4 nimelt\u00e4\u00e4n <strong>&#8220;Pelastetaan Marko &#8220;Fobba&#8221; Forssin sananvapaus !&#8221;<\/strong> Sen perustajana oli joku Maria Mikkolan nime\u00e4 k\u00e4ytt\u00e4v\u00e4 henkil\u00f6. Kenell\u00e4k\u00e4\u00e4n maamme oikeista Maria Mikkoloista ei ole mit\u00e4\u00e4n tekemist\u00e4 t\u00e4m\u00e4n henkil\u00f6n kanssa, vaan sama ryhmien tehtailija on k\u00e4ytt\u00e4nyt monia eri tekaistuja profiileja. Tyylist\u00e4 p\u00e4\u00e4tellen h\u00e4n saattaisi olla my\u00f6s kirjailija Jussi K. Niemel\u00e4\u00e4 herjannut &#8220;Justiina C. Nielenm\u00e4\u00e4&#8221; ja minua ivannut &#8220;Satu Himonen&#8221;.<\/p>\n<p>T\u00e4h\u00e4n ryhm\u00e4\u00e4n h\u00e4n ensi t\u00f6ikseen lis\u00e4si yll\u00e4pit\u00e4jiksi Leon Degrellen ja Rauta Nyrkin. Molempien profiilien takana on tamperelainen kirjailija Klaus Elovaara. Ryhm\u00e4n kuvaus on Rauta Nyrkin k\u00e4sialaa, koska ryhm\u00e4n perustajalla on vaikeuksia kirjoittaa kahta ymm\u00e4rrett\u00e4v\u00e4\u00e4 ja toisiinsa liittyv\u00e4\u00e4 lausetta per\u00e4kk\u00e4in. Yhdenkin lauseen muotoileminen tuottaa h\u00e4nelle huomattavia vaikeuksia.<\/p>\n<p>Kuvauksen mukaan <strong><em>Nyt on kysymys \u00e4\u00e4ri-ilmi\u00f6iden ylivallasta viherpuna m\u00e4d\u00e4tt\u00e4j\u00e4t ovat ottaneet sananvapauden puolustajan ja oikeudenmukaisen nettipoliisin hampaisiinsa. Emme halua, ett\u00e4 t\u00e4llainen rehti mies ajelehtii sananvapauden ajopuuna jota &#8220;suvaitsevaisten&#8221;\u00a0 ylily\u00f6nnit heittelev\u00e4t. Kaikki sananvapauden puolustajat ja is\u00e4nmaan yst\u00e4v\u00e4t ovat tervetulleita ryhm\u00e4\u00e4n.<\/em><\/strong><\/p>\n<p>Mit\u00e4 t\u00e4m\u00e4 asia taas minulle kuuluu?\u00a0 Kuuluu sik\u00e4li, ett\u00e4 olen p\u00e4\u00e4ssyt kuvakaappauksena ryhm\u00e4n sein\u00e4lle kommenttien kera. &#8220;Maria Mikkola&#8221; leimaa minut anarkistiksi ja antaa ymm\u00e4rt\u00e4\u00e4 minun olevan valejuristi. Lis\u00e4ksi h\u00e4n pahoittelee juukalaisten \u00e4\u00e4nestysk\u00e4ytt\u00e4ytymist\u00e4 eli ilmaisee ep\u00e4luottamuksensa demokratiaa kohtaan. <a rel=\"nofollow\" href=\"https:\/\/blogit-cdn.a-lehdet.fi\/uploads\/sites\/64\/2012\/12\/maria-mikkola.jpg\"><img decoding=\"async\" loading=\"lazy\" class=\"alignnone size-full wp-image-1968\" src=\"https:\/\/blogit-cdn.a-lehdet.fi\/uploads\/sites\/64\/2012\/12\/maria-mikkola.jpg\" alt=\"maria-mikkola\" width=\"528\" height=\"753\" srcset=\"https:\/\/blogit-cdn.a-lehdet.fi\/uploads\/sites\/64\/2012\/12\/maria-mikkola.jpg 528w, https:\/\/blogit-cdn.a-lehdet.fi\/uploads\/sites\/64\/2012\/12\/maria-mikkola-210x300.jpg 210w\" sizes=\"(max-width: 528px) 100vw, 528px\" \/><\/a><\/p>\n<p>Sanavapauden puolustajana ja itse\u00e4ni melko is\u00e4nmaallisena pit\u00e4v\u00e4n\u00e4 pyysin saada liitty\u00e4 tuohon ryhm\u00e4\u00e4n. Olisin mielell\u00e4ni keskustellut &#8220;Maria Mikkolan&#8221; ja muiden ryhm\u00e4l\u00e4isten kanssa, mutta sananvapaus ei n\u00e4k\u00f6j\u00e4\u00e4n kuulu kaikille:<\/p>\n<p><a rel=\"nofollow\" href=\"https:\/\/blogit-cdn.a-lehdet.fi\/uploads\/sites\/64\/2012\/12\/maria-mikkola-212.jpg\"><img decoding=\"async\" loading=\"lazy\" class=\"alignnone size-full wp-image-1967\" src=\"https:\/\/blogit-cdn.a-lehdet.fi\/uploads\/sites\/64\/2012\/12\/maria-mikkola-212.jpg\" alt=\"maria-mikkola-212\" width=\"659\" height=\"178\" srcset=\"https:\/\/blogit-cdn.a-lehdet.fi\/uploads\/sites\/64\/2012\/12\/maria-mikkola-212.jpg 659w, https:\/\/blogit-cdn.a-lehdet.fi\/uploads\/sites\/64\/2012\/12\/maria-mikkola-212-300x81.jpg 300w\" sizes=\"(max-width: 659px) 100vw, 659px\" \/><\/a><\/p>\n<p>Toinenkin ryhm\u00e4n yll\u00e4pit\u00e4j\u00e4 kiiruhti est\u00e4m\u00e4\u00e4n osallistumiseni keskusteluun: <a rel=\"nofollow\" href=\"https:\/\/blogit-cdn.a-lehdet.fi\/uploads\/sites\/64\/2012\/12\/luigi.jpg\"><img decoding=\"async\" loading=\"lazy\" class=\"alignnone size-full wp-image-1966\" src=\"https:\/\/blogit-cdn.a-lehdet.fi\/uploads\/sites\/64\/2012\/12\/luigi.jpg\" alt=\"luigi\" width=\"609\" height=\"166\" srcset=\"https:\/\/blogit-cdn.a-lehdet.fi\/uploads\/sites\/64\/2012\/12\/luigi.jpg 609w, https:\/\/blogit-cdn.a-lehdet.fi\/uploads\/sites\/64\/2012\/12\/luigi-300x82.jpg 300w\" sizes=\"(max-width: 609px) 100vw, 609px\" \/><\/a><\/p>\n<p>Ett\u00e4 t\u00e4mm\u00f6inen tapaus t\u00e4ll\u00e4 kertaa eik\u00e4 t\u00e4st\u00e4 sen enemp\u00e4\u00e4. Jos &#8220;Maria&#8221; haluaa saada n\u00e4ytteen ammattitaidostani, niin lis\u00e4tk\u00f6\u00f6n v\u00e4h\u00e4n kierroksia syyllisty\u00e4kseen oiken ravakkaan kunnianloukkaukseen. Suunta on jo ihan oikea.<\/p>\n","protected":false},"excerpt":{"rendered":"<p>Mahtavatkohan Risto Kuisma ja 300 muuta henkil\u00f6\u00e4 tiet\u00e4\u00e4, ett\u00e4 he ovat kovasti&hellip;<\/p>\n","protected":false},"author":62,"featured_media":0,"comment_status":"open","ping_status":"open","sticky":false,"template":"","format":"standard","meta":{"footnotes":""},"categories":[2545,88,1749],"tags":[1147,1811,2546,2547,2548,2549,13,2550],"acf":[],"platta":{"numLikes":1,"numComments":11,"category":null,"themes":[],"commercial_partner":null,"thumbnail":"https:\/\/blogit-cdn.a-lehdet.fi\/uploads\/sites\/64\/2012\/12\/maria-mikkola.jpg","blog_id":64},"jetpack_featured_media_url":"","_links":{"self":[{"href":"https:\/\/blogit.apu.fi\/uuninpankkopoikasakutimonen\/api\/wp\/v2\/posts\/1467"}],"collection":[{"href":"https:\/\/blogit.apu.fi\/uuninpankkopoikasakutimonen\/api\/wp\/v2\/posts"}],"about":[{"href":"https:\/\/blogit.apu.fi\/uuninpankkopoikasakutimonen\/api\/wp\/v2\/types\/post"}],"author":[{"embeddable":true,"href":"https:\/\/blogit.apu.fi\/uuninpankkopoikasakutimonen\/api\/wp\/v2\/users\/62"}],"replies":[{"embeddable":true,"href":"https:\/\/blogit.apu.fi\/uuninpankkopoikasakutimonen\/api\/wp\/v2\/comments?post=1467"}],"version-history":[{"count":1,"href":"https:\/\/blogit.apu.fi\/uuninpankkopoikasakutimonen\/api\/wp\/v2\/posts\/1467\/revisions"}],"predecessor-version":[{"id":22623,"href":"https:\/\/blogit.apu.fi\/uuninpankkopoikasakutimonen\/api\/wp\/v2\/posts\/1467\/revisions\/22623"}],"wp:attachment":[{"href":"https:\/\/blogit.apu.fi\/uuninpankkopoikasakutimonen\/api\/wp\/v2\/media?parent=1467"}],"wp:term":[{"taxonomy":"category","embeddable":true,"href":"https:\/\/blogit.apu.fi\/uuninpankkopoikasakutimonen\/api\/wp\/v2\/categories?post=1467"},{"taxonomy":"post_tag","embeddable":true,"href":"https:\/\/blogit.apu.fi\/uuninpankkopoikasakutimonen\/api\/wp\/v2\/tags?post=1467"}],"curies":[{"name":"wp","href":"https:\/\/api.w.org\/{rel}","templated":true}]}}