{"id":17110,"date":"2017-05-19T08:48:36","date_gmt":"2017-05-19T05:48:36","guid":{"rendered":"http:\/\/blogit.apu.fi\/uuninpankkopoikasakutimonen\/?p=17110"},"modified":"2018-02-28T10:12:30","modified_gmt":"2018-02-28T08:12:30","slug":"mahdollisuus-dialogiin","status":"publish","type":"post","link":"https:\/\/blogit.apu.fi\/uuninpankkopoikasakutimonen\/2017\/05\/19\/mahdollisuus-dialogiin\/","title":{"rendered":"Mahdollisuus dialogiin"},"content":{"rendered":"<p>V\u00e4h\u00e4n v\u00e4li\u00e4 kulttuuripiireist\u00e4 tai muuten vain tolkun ihmisten joukosta nousee joku paheksumaan punavihre\u00e4ss\u00e4 kuplassa el\u00e4vi\u00e4 suvakkeja ja vaatimaan dialogia sen toisen \u00e4\u00e4rip\u00e4\u00e4n kanssa. Viime viikonloppuna sen teki <a rel=\"nofollow\" href=\"http:\/\/www.hs.fi\/mielipide\/art-2000005210732.html\" target=\"_blank\">Pirkko Saisio<\/a>, joka lienee elellyt viimeiset vuodet ihan omassa kuplassaan. H\u00e4n nimitt\u00e4in otti esimerkiksi kaksi poteroihinsa kaivautunutta \u00e4\u00e4rip\u00e4\u00e4t\u00e4 Helsingin Rautatientorilla.<\/p>\n<p>Se toinen \u00e4\u00e4rip\u00e4\u00e4 on tietenkin Suomen k\u00e4\u00e4nnytyspolitiikkaa vastustavien turvapaikanhakijoiden ja heid\u00e4n tukijoidensa mielenosoitus. Toinen on Suomi ensin -porukka Marco de Witin johdolla. Molemmat mielenosoitukset ovat olleet paikalla koko alkuvuoden, mutta nyt Helsingin kaupunki on p\u00e4\u00e4tt\u00e4nyt ratkaista ongelman h\u00e4\u00e4t\u00e4m\u00e4ll\u00e4 molemmat pois Maailma kyl\u00e4ss\u00e4 -festivaalin alta. Suomi ensin -v\u00e4ki j\u00e4isi jalkoihin, mutta turvapaikanhakijoiden teltta ei j\u00e4rjest\u00e4jien mukaan ole festivaalialueella.<\/p>\n<p>Yle k\u00e4vi eilen sit\u00e4 dialogia haastattelemalla kuulemani mukaan Marco de Witi\u00e4 radiossa ja n\u00e4kem\u00e4ni mukaan Etel\u00e4-Suomen alueuutisissa. de Wit kertoi tulevansa vastustamaan poliisia ja kaupungin virkamiehi\u00e4 perustuslaillisen sananvapauden nimiss\u00e4.<\/p>\n<p>Niin, se sananvapaus. Sit\u00e4h\u00e4n t\u00e4m\u00e4 porukka on totisesti k\u00e4ytt\u00e4nyt hyvin omaper\u00e4isell\u00e4 tavalla. Maaliskuussa joukko <a href=\"http:\/\/blogit.apu.fi\/uuninpankkopoikasakutimonen\/2017\/03\/08\/ihmisyyden-raunioilla\/\" target=\"_blank\">hurrasi julkista itsemurhaa yritt\u00e4neelle turvapaikanhakijalle<\/a>, ja koko talven he ovat h\u00e4irinneet sek\u00e4 toista mielenosoitusta ett\u00e4 ohikulkevia kansalaisia jopa k\u00e4ym\u00e4ll\u00e4 k\u00e4siksi. Nyt Yle normalisoi t\u00e4m\u00e4n k\u00e4yt\u00f6ksen nostamalla joukon tasavertaiseksi keskustelukumppaniksi, jolla on varteenotettava mielipide.<\/p>\n<p>Katsotaanpa v\u00e4h\u00e4n miten Suomi ensin -porukka t\u00e4t\u00e4 dialogia k\u00e4y. Heid\u00e4n mielest\u00e4\u00e4n on sananvapautta ivata sairauskohtauksen saanutta ik\u00e4ihmist\u00e4:<\/p>\n<p><img decoding=\"async\" loading=\"lazy\" class=\"alignnone wp-image-17111 size-full\" src=\"https:\/\/d3vsgec5pd3juy.cloudfront.net\/wp-content-new\/uploads\/ap\/sites\/23\/2017\/05\/ssa.jpg\" alt=\"ssa\" width=\"637\" height=\"290\" srcset=\"https:\/\/blogit-cdn.a-lehdet.fi\/uploads\/sites\/64\/2017\/05\/ssa.jpg 637w, https:\/\/blogit-cdn.a-lehdet.fi\/uploads\/sites\/64\/2017\/05\/ssa-300x137.jpg 300w\" sizes=\"(max-width: 637px) 100vw, 637px\" \/><\/p>\n<p>Heid\u00e4n mielest\u00e4\u00e4n on sananvapautta solvata asiallisesti k\u00e4yt\u00e4ytyv\u00e4\u00e4 herrasmiest\u00e4 maanpetturiksi ja pahoinpidell\u00e4 selv\u00e4sti alaik\u00e4ist\u00e4 poikaa ilman mit\u00e4\u00e4n syyt\u00e4. N\u00e4m\u00e4 sankarit kuvaavat itse kaikki tekonsa ja ylpeilev\u00e4t niill\u00e4.<\/p>\n<div class=\"entry-content-asset aspect-16by9\"><iframe loading=\"lazy\" title=\"Cacca Marco &amp; co. ahdistelee vanhuksia ja nuoria.\" width=\"500\" height=\"281\" src=\"https:\/\/www.youtube.com\/embed\/WkyikRYJp9E?feature=oembed\" frameborder=\"0\" allow=\"accelerometer; autoplay; clipboard-write; encrypted-media; gyroscope; picture-in-picture; web-share\" allowfullscreen><\/iframe><\/div>\n<p>Toivotan Saisiolle ja kaikille muillekin tolkun ihmisille oikein antoisaa dialogia n\u00e4iden kanssa. Jos t\u00e4m\u00e4 porukka vaikuttaa liian kesylt\u00e4, niin aina voi kokeilla rakentavan keskustelun k\u00e4ymist\u00e4 MV-porukan kanssa sosiaalisessa mediassa.<\/p>\n<p>Er\u00e4s nuorukainen kertoi Facebookissa ilmiantaneensa MV:n suljetun ryhm\u00e4n, jossa muun muassa\u00a0<a rel=\"nofollow\" href=\"https:\/\/seura.fi\/isanpikajuna\/2016\/11\/02\/ilja-janitskin-mv-lehti-johan-backman-teuvo-hakkarainen-marianne-kiukkonen-emma-kari-li-andersson-erkki-tuomioja\/?shared=7055-b32887d6-999\" target=\"_blank\">haaveillaan poliitikkojen murhista.<\/a>\u00a0T\u00e4m\u00e4 oli niin kamalaa sananvapauden rajoittamista, ett\u00e4 MV:n lukijakunta suunnittelee avoimen v\u00e4kivaltaista kostoa alaik\u00e4iselle pahimpaan alamaailmatyyliin. Vasikkaa on rangaistava.<\/p>\n<p><img decoding=\"async\" loading=\"lazy\" class=\"alignnone wp-image-17114 size-full\" src=\"https:\/\/d3vsgec5pd3juy.cloudfront.net\/wp-content-new\/uploads\/ap\/sites\/23\/2017\/05\/mv1.png\" alt=\"mv1\" width=\"563\" height=\"152\" srcset=\"https:\/\/blogit-cdn.a-lehdet.fi\/uploads\/sites\/64\/2017\/05\/mv1.png 563w, https:\/\/blogit-cdn.a-lehdet.fi\/uploads\/sites\/64\/2017\/05\/mv1-300x81.png 300w\" sizes=\"(max-width: 563px) 100vw, 563px\" \/><\/p>\n<p><img decoding=\"async\" loading=\"lazy\" class=\"alignnone wp-image-17115 size-full\" src=\"https:\/\/d3vsgec5pd3juy.cloudfront.net\/wp-content-new\/uploads\/ap\/sites\/23\/2017\/05\/mv2.jpg\" alt=\"mv2\" width=\"475\" height=\"91\" srcset=\"https:\/\/blogit-cdn.a-lehdet.fi\/uploads\/sites\/64\/2017\/05\/mv2.jpg 475w, https:\/\/blogit-cdn.a-lehdet.fi\/uploads\/sites\/64\/2017\/05\/mv2-300x57.jpg 300w\" sizes=\"(max-width: 475px) 100vw, 475px\" \/><\/p>\n<p><img decoding=\"async\" loading=\"lazy\" class=\"alignnone wp-image-17116 size-full\" src=\"https:\/\/d3vsgec5pd3juy.cloudfront.net\/wp-content-new\/uploads\/ap\/sites\/23\/2017\/05\/mv3.jpg\" alt=\"mv3\" width=\"491\" height=\"82\" srcset=\"https:\/\/blogit-cdn.a-lehdet.fi\/uploads\/sites\/64\/2017\/05\/mv3.jpg 491w, https:\/\/blogit-cdn.a-lehdet.fi\/uploads\/sites\/64\/2017\/05\/mv3-300x50.jpg 300w\" sizes=\"(max-width: 491px) 100vw, 491px\" \/><\/p>\n<p>Ett\u00e4 kyll\u00e4 niit\u00e4 mahdollisuuksia dialogiin on, olkaa hyv\u00e4 ja osallistukaa. Min\u00e4 en en\u00e4\u00e4 edes yrit\u00e4.<\/p>\n<p><img decoding=\"async\" loading=\"lazy\" class=\"alignnone wp-image-17117 size-full\" src=\"https:\/\/d3vsgec5pd3juy.cloudfront.net\/wp-content-new\/uploads\/ap\/sites\/23\/2017\/05\/sira1.jpg\" alt=\"sira\" width=\"480\" height=\"740\" srcset=\"https:\/\/blogit-cdn.a-lehdet.fi\/uploads\/sites\/64\/2017\/05\/sira1.jpg 480w, https:\/\/blogit-cdn.a-lehdet.fi\/uploads\/sites\/64\/2017\/05\/sira1-195x300.jpg 195w\" sizes=\"(max-width: 480px) 100vw, 480px\" \/><\/p>\n<p>Kuva: Sira Moksi<\/p>\n<p>EDIT 19.5.2017 klo 9.20<\/p>\n<p>J\u00e4i sanomatta, ett\u00e4 ei kommenttien moderointi on tiukkaa. Joa aiotte tulla h\u00f6p\u00f6tt\u00e4m\u00e4\u00e4n kahdesta toisiaan vastaan v\u00e4kivaltaan lietsovasta \u00e4\u00e4rip\u00e4\u00e4st\u00e4, niin unohtakaa koko kommentointi. Jutusta n\u00e4ette kyll\u00e4 kuka sit\u00e4 v\u00e4kivaltaa suosii.<\/p>\n","protected":false},"excerpt":{"rendered":"<p>V\u00e4h\u00e4n v\u00e4li\u00e4 kulttuuripiireist\u00e4 tai muuten vain tolkun ihmisten joukosta nousee joku paheksumaan&hellip;<\/p>\n","protected":false},"author":62,"featured_media":0,"comment_status":"open","ping_status":"open","sticky":false,"template":"","format":"standard","meta":{"footnotes":""},"categories":[2289,3592,1749,5],"tags":[4893,4966,5853,4967,4540],"acf":[],"platta":{"numLikes":1,"numComments":50,"category":null,"themes":[],"commercial_partner":null,"thumbnail":"https:\/\/d3vsgec5pd3juy.cloudfront.net\/wp-content-new\/uploads\/ap\/sites\/23\/2017\/05\/ssa.jpg","blog_id":64},"jetpack_featured_media_url":"","_links":{"self":[{"href":"https:\/\/blogit.apu.fi\/uuninpankkopoikasakutimonen\/api\/wp\/v2\/posts\/17110"}],"collection":[{"href":"https:\/\/blogit.apu.fi\/uuninpankkopoikasakutimonen\/api\/wp\/v2\/posts"}],"about":[{"href":"https:\/\/blogit.apu.fi\/uuninpankkopoikasakutimonen\/api\/wp\/v2\/types\/post"}],"author":[{"embeddable":true,"href":"https:\/\/blogit.apu.fi\/uuninpankkopoikasakutimonen\/api\/wp\/v2\/users\/62"}],"replies":[{"embeddable":true,"href":"https:\/\/blogit.apu.fi\/uuninpankkopoikasakutimonen\/api\/wp\/v2\/comments?post=17110"}],"version-history":[{"count":1,"href":"https:\/\/blogit.apu.fi\/uuninpankkopoikasakutimonen\/api\/wp\/v2\/posts\/17110\/revisions"}],"predecessor-version":[{"id":21436,"href":"https:\/\/blogit.apu.fi\/uuninpankkopoikasakutimonen\/api\/wp\/v2\/posts\/17110\/revisions\/21436"}],"wp:attachment":[{"href":"https:\/\/blogit.apu.fi\/uuninpankkopoikasakutimonen\/api\/wp\/v2\/media?parent=17110"}],"wp:term":[{"taxonomy":"category","embeddable":true,"href":"https:\/\/blogit.apu.fi\/uuninpankkopoikasakutimonen\/api\/wp\/v2\/categories?post=17110"},{"taxonomy":"post_tag","embeddable":true,"href":"https:\/\/blogit.apu.fi\/uuninpankkopoikasakutimonen\/api\/wp\/v2\/tags?post=17110"}],"curies":[{"name":"wp","href":"https:\/\/api.w.org\/{rel}","templated":true}]}}