{"id":17337,"date":"2017-06-06T09:50:05","date_gmt":"2017-06-06T06:50:05","guid":{"rendered":"http:\/\/blogit.apu.fi\/uuninpankkopoikasakutimonen\/?p=17337"},"modified":"2018-02-28T10:12:26","modified_gmt":"2018-02-28T08:12:26","slug":"lopun-edella","status":"publish","type":"post","link":"https:\/\/blogit.apu.fi\/uuninpankkopoikasakutimonen\/2017\/06\/06\/lopun-edella\/","title":{"rendered":"Lopun edell\u00e4"},"content":{"rendered":"<p>Yh\u00e4 harvalukuisemmiksi k\u00e4yv\u00e4t ja sit\u00e4kin sitke\u00e4mmin vaihtoehtotodellisuuteen takertuvat MV:n lukijat ovat taas kerran j\u00e4rkyttyneit\u00e4 poliisin ja oikeuslaitoksen mielivallasta. MV:n perustaja ja &#8221;p\u00e4\u00e4toimittaja&#8221; Ilja Janitskinia vaaditaan t\u00e4n\u00e4\u00e4n <a rel=\"nofollow\" href=\"http:\/\/www.tamperelainen.fi\/artikkeli\/527425-mvn-janitskinia-esitetaan-vangittavaksi-tassa-ovat-uudet-epaillyt-rikokset\" target=\"_blank\">vangittavaksi Helsingin k\u00e4r\u00e4j\u00e4oikeudessa.\u00a0<\/a>\u00a0Kyseess\u00e4 on vanhan kertaus uusin rikosnimikkein, sill\u00e4 Janitskinista on jo olemassa kansainv\u00e4linen pid\u00e4tysm\u00e4\u00e4r\u00e4ys. Nyt h\u00e4nest\u00e4 on tehty uusia rikosilmoituksia, joista kaikista voi rikosnimikkeiden perusteella seurata vankeutta.<\/p>\n<p>T\u00e4st\u00e4 alkoi taas hirmuinen parku. Janitskinia ei ole kutsuttu edes kuulusteluun, saati sitten oikeuteen. Esitutkintalakia on rikottu mennen tullen ja\u00a0Helsingin poliisilaitoksen toiminta &#8221;l\u00f6yhk\u00e4\u00e4 m\u00e4d\u00e4lt\u00e4 jokaisen sieraimiin, joka edes hetken pohtii t\u00e4t\u00e4 tapausta&#8221;.<\/p>\n<p><img decoding=\"async\" loading=\"lazy\" class=\"alignnone wp-image-17338 size-full\" src=\"https:\/\/d3vsgec5pd3juy.cloudfront.net\/wp-content-new\/uploads\/ap\/sites\/23\/2017\/06\/18838948_1911163935771900_8855038324547950907_n.png\" alt=\"18838948_1911163935771900_8855038324547950907_n\" width=\"480\" height=\"517\" srcset=\"https:\/\/blogit-cdn.a-lehdet.fi\/uploads\/sites\/64\/2017\/06\/18838948_1911163935771900_8855038324547950907_n.png 480w, https:\/\/blogit-cdn.a-lehdet.fi\/uploads\/sites\/64\/2017\/06\/18838948_1911163935771900_8855038324547950907_n-279x300.png 279w\" sizes=\"(max-width: 480px) 100vw, 480px\" \/><\/p>\n<p>Kuva: Kuvakaappaus MV:n sivulta<\/p>\n<p>MV:n &#8221;toimittajat&#8221; ja lukijat ovat kehitelleet aivan uuden tulkinnan lains\u00e4\u00e4d\u00e4nn\u00f6st\u00e4. Tulkinta perustuu t\u00e4ydelliseen tiet\u00e4m\u00e4tt\u00f6myyteen juridiikasta ja siihen tavallisimpaan virheeseen, ett\u00e4 otetaan jokin asiaan liittyv\u00e4 lakipyk\u00e4l\u00e4 ja takerrutaan siihen. Nyt on l\u00f6ydetty esitutkintalaki.<\/p>\n<p><img decoding=\"async\" loading=\"lazy\" class=\"alignnone wp-image-17339 size-full\" src=\"https:\/\/d3vsgec5pd3juy.cloudfront.net\/wp-content-new\/uploads\/ap\/sites\/23\/2017\/06\/finlex-kk.jpg\" alt=\"Finlex-kk\" width=\"648\" height=\"760\" srcset=\"https:\/\/blogit-cdn.a-lehdet.fi\/uploads\/sites\/64\/2017\/06\/finlex-kk.jpg 648w, https:\/\/blogit-cdn.a-lehdet.fi\/uploads\/sites\/64\/2017\/06\/finlex-kk-256x300.jpg 256w\" sizes=\"(max-width: 648px) 100vw, 648px\" \/><\/p>\n<p>Kuva: Kuvakaappaus Finlexist\u00e4\/MV<\/p>\n<p>MV ei ole ymm\u00e4rt\u00e4nyt, ett\u00e4 juuri t\u00e4m\u00e4n lain noudattamiseksi oikeudenk\u00e4ynti t\u00e4ll\u00e4kin kertaa j\u00e4rjestet\u00e4\u00e4n. Janitskinia on kuultava esitutkinnassa, jotta juttu voisi edet\u00e4. H\u00e4n on viitannut kintaalla kaikille poliisin yhteydenotoille ja oleskelee ulkomailla.<\/p>\n<p>Janitskinia ei aiota t\u00e4ll\u00e4k\u00e4\u00e4n kertaa heitt\u00e4\u00e4 tutkimatta ja tuomitsematta vankilaan. Kyseess\u00e4 on vangitseminen pakkokeinona. Lain mukaan\u00a0\u00a0henkil\u00f6 voidaan julistaa vangittavaksi poissaolevana silloin, kun h\u00e4n ei ole Suomessa, h\u00e4n on tietym\u00e4tt\u00f6miss\u00e4 tai h\u00e4n v\u00e4lttelee esitutkintaa tai oikeudenk\u00e4ynti\u00e4. Yksikin edellytys riitt\u00e4\u00e4, mutta Janitskinin kohdalla t\u00e4yttyy ainakin kaksi. H\u00e4n ei ole Suomessa ja h\u00e4n v\u00e4lttelee esitutkintaa. Tietym\u00e4tt\u00f6miss\u00e4 h\u00e4n ei ole, sill\u00e4 h\u00e4nen olinpaikkansa on ainakin sosiaalisessa mediassa selvitetty osoitetta my\u00f6ten.<\/p>\n<p>Oikeudenk\u00e4ynnin tarkoitus on saada uusi kansainv\u00e4linen pid\u00e4tysm\u00e4\u00e4r\u00e4ys, jotta Janitskin voitaisiin tuoda Suomeen esitutkinnassa kuultavaksi. Esitutkinnassa h\u00e4nt\u00e4 sitten kohdellaan syytt\u00f6mysolettaman mukaan, ja h\u00e4nell\u00e4 on oikeus olla my\u00f6t\u00e4vaikuttamatta rikoksen selvitt\u00e4miseen.<\/p>\n<p>MV:n tarina on lopussa. Lukijat ovat kadonneet, ja julkaisun Facebook-sivun moderaattoreilta lienee viety oikeudet. N\u00e4in p\u00e4\u00e4ttelen siit\u00e4, ett\u00e4 sivulla ilmestyy en\u00e4\u00e4 vain viruksia levitt\u00e4vi\u00e4 roskalinkkej\u00e4. Roskaahan sivu on ollut ennenkin t\u00e4ynn\u00e4, mutta nyt se on t\u00e4ynn\u00e4 sit\u00e4 ihan sananmukaisesti. MV toimii nykyisin VK:ssa eli aiemassa VKontaktessa, joka on ven\u00e4l\u00e4inen vastine Facebookille. Per\u00e4ss\u00e4 ovat menneet vain sinnikk\u00e4immin vaihtoehtotodellisuuteen takertuvat.<\/p>\n<p>Janitskinin osalta loppuselvittely on vasta alkamassa.<\/p>\n<p>&nbsp;<\/p>\n<p>&nbsp;<\/p>\n<p>&nbsp;<\/p>\n","protected":false},"excerpt":{"rendered":"<p>Yh\u00e4 harvalukuisemmiksi k\u00e4yv\u00e4t ja sit\u00e4kin sitke\u00e4mmin vaihtoehtotodellisuuteen takertuvat MV:n lukijat ovat taas&hellip;<\/p>\n","protected":false},"author":62,"featured_media":0,"comment_status":"closed","ping_status":"closed","sticky":false,"template":"","format":"standard","meta":{"footnotes":""},"categories":[9,3592,2735],"tags":[312,3519,3859,5336,4014,5881,5882,5883],"acf":[],"platta":{"numLikes":1,"numComments":13,"category":null,"themes":[],"commercial_partner":null,"thumbnail":"https:\/\/d3vsgec5pd3juy.cloudfront.net\/wp-content-new\/uploads\/ap\/sites\/23\/2017\/06\/18838948_1911163935771900_8855038324547950907_n.png","blog_id":64},"jetpack_featured_media_url":"","_links":{"self":[{"href":"https:\/\/blogit.apu.fi\/uuninpankkopoikasakutimonen\/api\/wp\/v2\/posts\/17337"}],"collection":[{"href":"https:\/\/blogit.apu.fi\/uuninpankkopoikasakutimonen\/api\/wp\/v2\/posts"}],"about":[{"href":"https:\/\/blogit.apu.fi\/uuninpankkopoikasakutimonen\/api\/wp\/v2\/types\/post"}],"author":[{"embeddable":true,"href":"https:\/\/blogit.apu.fi\/uuninpankkopoikasakutimonen\/api\/wp\/v2\/users\/62"}],"replies":[{"embeddable":true,"href":"https:\/\/blogit.apu.fi\/uuninpankkopoikasakutimonen\/api\/wp\/v2\/comments?post=17337"}],"version-history":[{"count":1,"href":"https:\/\/blogit.apu.fi\/uuninpankkopoikasakutimonen\/api\/wp\/v2\/posts\/17337\/revisions"}],"predecessor-version":[{"id":21420,"href":"https:\/\/blogit.apu.fi\/uuninpankkopoikasakutimonen\/api\/wp\/v2\/posts\/17337\/revisions\/21420"}],"wp:attachment":[{"href":"https:\/\/blogit.apu.fi\/uuninpankkopoikasakutimonen\/api\/wp\/v2\/media?parent=17337"}],"wp:term":[{"taxonomy":"category","embeddable":true,"href":"https:\/\/blogit.apu.fi\/uuninpankkopoikasakutimonen\/api\/wp\/v2\/categories?post=17337"},{"taxonomy":"post_tag","embeddable":true,"href":"https:\/\/blogit.apu.fi\/uuninpankkopoikasakutimonen\/api\/wp\/v2\/tags?post=17337"}],"curies":[{"name":"wp","href":"https:\/\/api.w.org\/{rel}","templated":true}]}}