{"id":20740,"date":"2018-02-02T09:52:54","date_gmt":"2018-02-02T07:52:54","guid":{"rendered":"http:\/\/blogit.apu.fi\/uuninpankkopoikasakutimonen\/?p=20740"},"modified":"2018-02-28T10:04:40","modified_gmt":"2018-02-28T08:04:40","slug":"vielako-joku-ihmettelee","status":"publish","type":"post","link":"https:\/\/blogit.apu.fi\/uuninpankkopoikasakutimonen\/2018\/02\/02\/vielako-joku-ihmettelee\/","title":{"rendered":"Viel\u00e4k\u00f6 joku ihmettelee?"},"content":{"rendered":"<p>Kuten\u00a0<a href=\"http:\/\/blogit.apu.fi\/uuninpankkopoikasakutimonen\/2018\/01\/31\/me-kuollaan-kaikki\/\" target=\"_blank\">toissap\u00e4iv\u00e4n\u00e4 kerroin<\/a>, niin t\u00e4n\u00e4\u00e4n tulee maailmanloppu yhden p\u00e4iv\u00e4n lakon takia. Syyllisetkin ovat selvill\u00e4. Ainakin sanomalehti Karjalaisen mukaan syyllisi\u00e4 ovat\u00a0<a rel=\"nofollow\" href=\"https:\/\/www.karjalainen.fi\/uutiset\/uutis-alueet\/kotimaa\/item\/171105-kolumni-hei-oikeesti,-antti-rinne-nainko-niita-tyopaikkoja-luodaan\" target=\"_blank\">Antti Rinne ja SAK.<\/a>\u00a0Koska maailmanloppu tulee t\u00e4n\u00e4\u00e4n, niin ehk\u00e4 emme enn\u00e4t\u00e4 n\u00e4hd\u00e4 Karjalaisen kolumnistin esitt\u00e4v\u00e4n miehek\u00e4st\u00e4 anteeksipyynt\u00f6\u00e4, jollaisen\u00a0<a rel=\"nofollow\" href=\"https:\/\/demokraatti.fi\/rinne-vastaa-marimekon-ihamuotilan-anteeksipyyntoon-hyvaksyn\/\" target=\"_blank\">Marimekon Mika Ihamuotila<\/a>\u00a0esitti ymm\u00e4rretty\u00e4\u00e4n levitt\u00e4neens\u00e4 v\u00e4\u00e4r\u00e4\u00e4 tietoa. SDP ja Rinne eiv\u00e4t ole organisoineet lakkoa.<\/p>\n<p>Parhaiten t\u00e4m\u00e4n lakon politisoivat aktiivimallia puolustavat poliitikot ja toimittajat. Poliittinen se onkin, sill\u00e4 se on suunnattu aktiivimallin eduskunnalla hyv\u00e4ksytt\u00e4nytt\u00e4 hallitusta vastaan. Mallin kumoamista vaativa kansalaisaloite oli ep\u00e4poliittisten yksityishenkil\u00f6iden tekem\u00e4, ja se ker\u00e4si yli 140 000 allekirjoitusta. Lakko puolestaan on ay-liikkeen ja kansalaisten vastaus ty\u00f6tt\u00f6mi\u00e4 kyykytt\u00e4v\u00e4lle ja kiky-sopimuksessa antamansa lupauksen sy\u00f6neelle hallitukselle. Hallitus lupasi olla leikkaamatta lis\u00e4\u00e4 ty\u00f6tt\u00f6myysturvaa, mutta leikkasi sit\u00e4 kuitenkin aktiivimallilla.<\/p>\n<p>Poliittista lakkoa tunnutaan kovasti paheksuvan, sill\u00e4 se on suunnattu hyv\u00e4ksytty\u00e4 lakia vastaan. Kun hallituspuolueet loistivat poissaolollaan eduskunnassa asiasta keskusteltaessa, niin nyt keskustelua k\u00e4yd\u00e4\u00e4n t\u00e4ll\u00e4 tavalla j\u00e4lkik\u00e4teen. Poliittisten lakkojen kielt\u00e4mist\u00e4 vaativilta kysyn, ett\u00e4 mit\u00e4h\u00e4n muita kansalaisoikeuksia heid\u00e4n mielest\u00e4\u00e4n pit\u00e4isi rajoittaa.<\/p>\n<p>On suorastaan k\u00e4sitt\u00e4m\u00e4t\u00f6nt\u00e4, ett\u00e4 aktiivimallia puolustavat poliitikot ministereist\u00e4 l\u00e4htien tai edes ammattitaitoiset toimittajat eiv\u00e4t ymm\u00e4rr\u00e4 selvitt\u00e4\u00e4 itselleen aktiivimallin sis\u00e4lt\u00f6\u00e4 ja lakon taustoja. Viel\u00e4 k\u00e4sitt\u00e4m\u00e4tt\u00f6m\u00e4mp\u00e4\u00e4 on, ett\u00e4 mallin soveltamisohjeita ei viel\u00e4k\u00e4\u00e4n ole annettu, vaikka laki on ollut voimassa jo kuukauden. Kaikkein k\u00e4sitt\u00e4m\u00e4tt\u00f6mint\u00e4 on, ett\u00e4 sek\u00e4 aktiivimallin valmistelusta ett\u00e4 ohjeista vastaava ministeri Pirkko Mattila n\u00e4ytt\u00e4\u00e4 kadonneen kokonaan. H\u00e4nt\u00e4 ei ole saatu kertaakaan julkisuuteen puolustamaan omaa esityst\u00e4\u00e4n. En\u00e4\u00e4 sit\u00e4 ei puolusta julkisesti edes Jari Lindstr\u00f6m, vaan heit\u00e4 molempia n\u00e4ytt\u00e4\u00e4 sijaistavan eilisest\u00e4 A-talkista p\u00e4\u00e4tellen Juhana Vartiainen.<\/p>\n<p>Mielien muokkaus toimii tuttuun tapaan. Lakkoa paheksuvat eniten ne, jotka eiv\u00e4t asiasta mit\u00e4\u00e4n tied\u00e4, mutta joille se aiheuttaa hankaluuksia. Kuten koomikko Iikka Kivi sanoi, niin lakon tarkoitus onkin aiheuttaa hankaluuksia. Hankaluuksia aiheuttamatonta ty\u00f6nseisausta sanotaan kahvitauoksi.<\/p>\n<p>Kerrataan viel\u00e4 lakon syit\u00e4. Kiky-sopimuksessa annetun sanan sy\u00f6minen tuli jo mainittua. Sen lis\u00e4ksi aktiivimalli on osoittautunut tavattoman huonosti valmistelluksi. Kukaan ei tied\u00e4 mitk\u00e4 kaikki ty\u00f6voimahallinnon ostamat koulutukset t\u00e4ytt\u00e4v\u00e4t aktiivimallin ehdot. Kukaan ei tied\u00e4 mit\u00e4 on mallin t\u00e4ytt\u00e4v\u00e4 omaehtoinen opiskelu. Kukaan ei tied\u00e4 mist\u00e4 tarvittava m\u00e4\u00e4r\u00e4 palkallisia p\u00e4tk\u00e4t\u00f6it\u00e4 l\u00f6ytyy. Kukaan ei tied\u00e4 mihin niit\u00e4 p\u00e4tk\u00e4t\u00f6it\u00e4 saavat voivat viel\u00e4 lapsensa p\u00e4iv\u00e4hoitoon varsinkin niiss\u00e4 kunnissa, jotka hallituksen luvalla rajoittivat ty\u00f6tt\u00f6mien vanhempien lasten p\u00e4iv\u00e4hoito-oikeutta.<\/p>\n<p>Saamani s\u00e4hk\u00f6postin mukaan hallitus ei tiennyt edes sit\u00e4, ett\u00e4 aktiivimalli koskee my\u00f6s osaa ty\u00f6kyvytt\u00f6mist\u00e4. Kun sairausp\u00e4iv\u00e4rahan enimm\u00e4isp\u00e4iv\u00e4t ovat t\u00e4ynn\u00e4, niin l\u00e4\u00e4k\u00e4rin ty\u00f6kyvytt\u00f6m\u00e4ksi toteaman on ilmoittauduttava ty\u00f6nhakijaksi, ja aktiivimalli velvoittaa h\u00e4nt\u00e4kin. T\u00e4m\u00e4n tiet\u00e4m\u00e4tt\u00f6myyden oli itse p\u00e4\u00e4ministeri Juha Sipil\u00e4 kertonut asiasta kohteliaasti kysyneelle kansalaiselle.<\/p>\n<p>Sen sijaan tiedet\u00e4\u00e4n, ett\u00e4 yksi lakkop\u00e4iv\u00e4 tuntuu aiheuttavan jokaiselle firmalle miljoonatappiot. T\u00e4m\u00e4 on hyv\u00e4 pit\u00e4\u00e4 mieless\u00e4 sitten, kun palkoista seuraavan kerran sovitaan. Yleens\u00e4 siin\u00e4 vaiheessa firmat ovat t\u00e4ysin kannattamattomia ja ty\u00f6ntekij\u00e4t pelkk\u00e4 kuluer\u00e4, joten korotusvaraa ei ole.<\/p>\n<p>Ennen maailmanloppua ehditte viel\u00e4 katsoa lakon syyt kootusti kuvasta.<\/p>\n<p><img decoding=\"async\" loading=\"lazy\" class=\"alignnone wp-image-20744 size-full\" src=\"https:\/\/d3vsgec5pd3juy.cloudfront.net\/wp-content-new\/uploads\/ap\/sites\/23\/2018\/02\/hanna-marilla-zidan.jpg\" alt=\"Hanna-Marilla Zidan\" width=\"923\" height=\"960\" srcset=\"https:\/\/blogit-cdn.a-lehdet.fi\/uploads\/sites\/64\/2018\/02\/hanna-marilla-zidan.jpg 923w, https:\/\/blogit-cdn.a-lehdet.fi\/uploads\/sites\/64\/2018\/02\/hanna-marilla-zidan-288x300.jpg 288w, https:\/\/blogit-cdn.a-lehdet.fi\/uploads\/sites\/64\/2018\/02\/hanna-marilla-zidan-768x799.jpg 768w\" sizes=\"(max-width: 923px) 100vw, 923px\" \/><\/p>\n<p>Kuva: Facebook\/Hanna-Marilla Zidan<\/p>\n<p>Jos vastoin varmaa tietoa maailmanloppu ei t\u00e4n\u00e4\u00e4n tulekaan, niin p\u00e4iv\u00e4 on hyv\u00e4\u00e4 harjoitusta tulevaa varten. Monet ty\u00f6ehtosopimukset p\u00e4\u00e4ttyiv\u00e4t toissap\u00e4iv\u00e4n\u00e4, ja neuvotteluosapuolet ovat valovuoden p\u00e4\u00e4ss\u00e4 toisistaan.<\/p>\n<p>&nbsp;<\/p>\n<p>&nbsp;<\/p>\n<p>&nbsp;<\/p>\n","protected":false},"excerpt":{"rendered":"<p>Kuten\u00a0toissap\u00e4iv\u00e4n\u00e4 kerroin, niin t\u00e4n\u00e4\u00e4n tulee maailmanloppu yhden p\u00e4iv\u00e4n lakon takia. Syyllisetkin ovat&hellip;<\/p>\n","protected":false},"author":62,"featured_media":0,"comment_status":"closed","ping_status":"open","sticky":false,"template":"","format":"standard","meta":{"footnotes":""},"categories":[438,102,750,1558,751,5],"tags":[5806,3815,3373,1793,2049,5343],"acf":[],"platta":{"numLikes":1,"numComments":128,"category":null,"themes":[],"commercial_partner":null,"thumbnail":"https:\/\/d3vsgec5pd3juy.cloudfront.net\/wp-content-new\/uploads\/ap\/sites\/23\/2018\/02\/hanna-marilla-zidan.jpg","blog_id":64},"jetpack_featured_media_url":"","_links":{"self":[{"href":"https:\/\/blogit.apu.fi\/uuninpankkopoikasakutimonen\/api\/wp\/v2\/posts\/20740"}],"collection":[{"href":"https:\/\/blogit.apu.fi\/uuninpankkopoikasakutimonen\/api\/wp\/v2\/posts"}],"about":[{"href":"https:\/\/blogit.apu.fi\/uuninpankkopoikasakutimonen\/api\/wp\/v2\/types\/post"}],"author":[{"embeddable":true,"href":"https:\/\/blogit.apu.fi\/uuninpankkopoikasakutimonen\/api\/wp\/v2\/users\/62"}],"replies":[{"embeddable":true,"href":"https:\/\/blogit.apu.fi\/uuninpankkopoikasakutimonen\/api\/wp\/v2\/comments?post=20740"}],"version-history":[{"count":1,"href":"https:\/\/blogit.apu.fi\/uuninpankkopoikasakutimonen\/api\/wp\/v2\/posts\/20740\/revisions"}],"predecessor-version":[{"id":21158,"href":"https:\/\/blogit.apu.fi\/uuninpankkopoikasakutimonen\/api\/wp\/v2\/posts\/20740\/revisions\/21158"}],"wp:attachment":[{"href":"https:\/\/blogit.apu.fi\/uuninpankkopoikasakutimonen\/api\/wp\/v2\/media?parent=20740"}],"wp:term":[{"taxonomy":"category","embeddable":true,"href":"https:\/\/blogit.apu.fi\/uuninpankkopoikasakutimonen\/api\/wp\/v2\/categories?post=20740"},{"taxonomy":"post_tag","embeddable":true,"href":"https:\/\/blogit.apu.fi\/uuninpankkopoikasakutimonen\/api\/wp\/v2\/tags?post=20740"}],"curies":[{"name":"wp","href":"https:\/\/api.w.org\/{rel}","templated":true}]}}