{"id":20968,"date":"2018-02-18T19:32:22","date_gmt":"2018-02-18T17:32:22","guid":{"rendered":"http:\/\/blogit.apu.fi\/uuninpankkopoikasakutimonen\/?p=20968"},"modified":"2018-02-28T10:04:32","modified_gmt":"2018-02-28T08:04:32","slug":"mita-heille-kuuluu","status":"publish","type":"post","link":"https:\/\/blogit.apu.fi\/uuninpankkopoikasakutimonen\/2018\/02\/18\/mita-heille-kuuluu\/","title":{"rendered":"Mit\u00e4 heille kuuluu?"},"content":{"rendered":"<p>En ole aikoihin jaksanut seurata roskajulkaisu MV:n ja sen ymp\u00e4rille ker\u00e4\u00e4ntyneiden ns. kansallismielisten edesottamuksia. Samoin olen j\u00e4tt\u00e4nyt natsit v\u00e4hemm\u00e4lle seuraamiselle. Natsien Pohjoismainen Vastarintaliike p\u00e4\u00e4si uutiseksi, kun hovioikeus hylk\u00e4si Poliisihallituksen vaatimuksen asettaa j\u00e4rjest\u00f6 v\u00e4liaikaiseen toimintakieltoon. Juristia kiinnostaa tietenkin hovioikeuden p\u00e4\u00e4t\u00f6ksen perustelut, sill\u00e4\u00a0<a rel=\"nofollow\" href=\"https:\/\/yle.fi\/uutiset\/3-10079602?utm_source=facebook-share&amp;utm_medium=social\" target=\"_blank\">uutisoinnista se ei k\u00e4y t\u00e4ysin selville.<\/a><\/p>\n<p>Toisin kuin kiireinen lukija voisi p\u00e4\u00e4tell\u00e4, niin hovioikeus ei suoranaisesti sallinut j\u00e4rjest\u00f6n toimintaa ennen varsinaista asian ratkaisua, vaan sill\u00e4 ei ollut juridista perustetta kielt\u00e4\u00e4 sit\u00e4. K\u00e4r\u00e4j\u00e4oikeus p\u00e4\u00e4tti aiemmin lakkauttaa t\u00e4m\u00e4n rekister\u00f6im\u00e4tt\u00f6m\u00e4n yhdistyksen, mutta ei asettanut sit\u00e4 v\u00e4litt\u00f6m\u00e4\u00e4n toimintakieltoon. Syy on molemmilla sama, eli lakitekninen seikka. Yrit\u00e4n selitt\u00e4\u00e4 sen mahdollisimman lyhyesti.<\/p>\n<p>Yhdistyslaki uudistettiin vuonna 1988. Uuden lain 45 \u00a7:n 1 momentin mukaan kun yhdistys on lakkautettu tai asetettu v\u00e4liaikaiseen toimintakieltoon, niin sen toiminta on heti lopetettava. T\u00e4m\u00e4 koskee rekister\u00f6ityj\u00e4 yhdistyksi\u00e4. Lain 59 \u00a7:n 3 momentissa on kerrottu ne lainkohdat, joita sovelletaan my\u00f6s rekister\u00f6im\u00e4tt\u00f6miin yhdistyksiin.<\/p>\n<p>Vanhassa laissa olleen viittauss\u00e4\u00e4nn\u00f6ksen mukaan toiminnan lopettaminen heti koski my\u00f6s rekister\u00f6im\u00e4tt\u00f6mi\u00e4 yhdistyksi\u00e4, mutta uudesta laista juuri t\u00e4m\u00e4 lakiviittaus puuttuu. Lain esit\u00f6ist\u00e4 ei l\u00f6ydy mit\u00e4\u00e4n perustetta sen puuttumiselle, joten kyseess\u00e4 saattaa olla unohdus. Olipa tai ei, niin koska lakiviittaus on j\u00e4\u00e4nyt tai j\u00e4tetty pois, niin se on tulkittava lains\u00e4\u00e4t\u00e4j\u00e4n tahdoksi. Rekister\u00f6im\u00e4t\u00f6n yhdistys voidaan lakkauttaa ja asettaa toimintakieltoon vain lainvoiman saaneella lopullisella p\u00e4\u00e4t\u00f6ksell\u00e4.<\/p>\n<p>Se tulee aikanaan hovioikeudesta tai mahdollisesti Korkeimmasta oikeudesta, mutta sen sis\u00e4lt\u00f6\u00e4 en rupea ennakoimaan. Ei ruvennut hovioikeuskaan, vaan se totesi vain lain sis\u00e4ll\u00f6n.<\/p>\n<p>MV:n perustaja Ilja Janitskin on antanut Helsingin Sanomille haastattelun, jossa k\u00e4\u00e4nt\u00e4\u00e4 selk\u00e4ns\u00e4 t\u00e4ydellisesti kannattajilleen. H\u00e4n on Andorrassa kotiarestissa odottelemassa p\u00e4\u00e4t\u00f6st\u00e4 Suomeen luovuttamisesta, ja sairastumisensa takia h\u00e4nell\u00e4 on ep\u00e4ilem\u00e4tt\u00e4 muuta mietitt\u00e4v\u00e4\u00e4 kuin r\u00e4yh\u00e4\u00e4vien lukijoidensa ruokkiminen. H\u00e4n sanoo suoraan saaneensa tarpeekseen &#8220;is\u00e4nmaallisen skenen&#8221; riitelyst\u00e4 ja muusta pelleilyst\u00e4.<\/p>\n<p>Janitskin tuskin itsek\u00e4\u00e4n t\u00e4ysin tajuaa mit\u00e4 on saanut aikaan. H\u00e4n ker\u00e4si lukijakunnakseen pahimmat rasistit ja ilkeimm\u00e4t r\u00e4hisij\u00e4t, jotka saivat kenenk\u00e4\u00e4n est\u00e4m\u00e4tt\u00e4 lynkata sanallisesti ihan kenet tahansa. Min\u00e4 olin ensimm\u00e4isi\u00e4 MV:st\u00e4 kirjoittaneita, ja se kostautui heti muutamana maalitusjuttuna. Minun kokemani ei ole mit\u00e4\u00e4n sen rinnalla, mit\u00e4 monet muut minua paljon n\u00e4kyv\u00e4mm\u00e4ss\u00e4 asemassa olevat joutuivat ja joutuvat yh\u00e4 kokemaan.<\/p>\n<p>Olipa Janitskinin et\u00e4isyydenotto aitoa tai teeskennelty\u00e4, niin se ei poista niit\u00e4 rikosep\u00e4ilyj\u00e4, joiden takia h\u00e4nen palauttamistaan Suomeen vaaditaan. Oikeuden rattaat jauhavat joskus hitaasti, mutta ne jauhavat aina asiat loppuun asti.<\/p>\n<p>Ent\u00e4 sitten se r\u00e4yh\u00e4jengi, jota Janitskin tarkoittaa, se &#8220;kansallismielinen skene&#8221;? Se on pirstoutunut moneksi pikkuporukaksi, joiden johtajat ovat ajautuneet erilleen. Tai pit\u00e4isi kai sanoa, ett\u00e4 ovat riitautuneet kesken\u00e4\u00e4n niin paljon, ett\u00e4 porukka n\u00e4ytt\u00e4\u00e4 lis\u00e4\u00e4ntyv\u00e4n jakautumalla. Heid\u00e4t voi kuitata samalla tavalla kuin Paavo Arhinm\u00e4ksi eilen:<\/p>\n<p><a rel=\"nofollow\" href=\"https:\/\/www.youtube.com\/watch?v=Iqf8ZA_IbwI&#038;feature=share\">https:\/\/www.youtube.com\/watch?v=Iqf8ZA_IbwI&amp;feature=share<\/a><\/p>\n<p>&nbsp;<\/p>\n<p>&nbsp;<\/p>\n<p>&nbsp;<\/p>\n","protected":false},"excerpt":{"rendered":"<p>En ole aikoihin jaksanut seurata roskajulkaisu MV:n ja sen ymp\u00e4rille ker\u00e4\u00e4ntyneiden ns.&hellip;<\/p>\n","protected":false},"author":62,"featured_media":0,"comment_status":"open","ping_status":"open","sticky":false,"template":"","format":"standard","meta":{"footnotes":""},"categories":[2289,9,88],"tags":[3859,4014,2188,3650,6304,6305,1440],"acf":[],"platta":{"numLikes":2,"numComments":20,"category":null,"themes":[],"commercial_partner":null,"thumbnail":false,"blog_id":64},"jetpack_featured_media_url":"","_links":{"self":[{"href":"https:\/\/blogit.apu.fi\/uuninpankkopoikasakutimonen\/api\/wp\/v2\/posts\/20968"}],"collection":[{"href":"https:\/\/blogit.apu.fi\/uuninpankkopoikasakutimonen\/api\/wp\/v2\/posts"}],"about":[{"href":"https:\/\/blogit.apu.fi\/uuninpankkopoikasakutimonen\/api\/wp\/v2\/types\/post"}],"author":[{"embeddable":true,"href":"https:\/\/blogit.apu.fi\/uuninpankkopoikasakutimonen\/api\/wp\/v2\/users\/62"}],"replies":[{"embeddable":true,"href":"https:\/\/blogit.apu.fi\/uuninpankkopoikasakutimonen\/api\/wp\/v2\/comments?post=20968"}],"version-history":[{"count":1,"href":"https:\/\/blogit.apu.fi\/uuninpankkopoikasakutimonen\/api\/wp\/v2\/posts\/20968\/revisions"}],"predecessor-version":[{"id":21140,"href":"https:\/\/blogit.apu.fi\/uuninpankkopoikasakutimonen\/api\/wp\/v2\/posts\/20968\/revisions\/21140"}],"wp:attachment":[{"href":"https:\/\/blogit.apu.fi\/uuninpankkopoikasakutimonen\/api\/wp\/v2\/media?parent=20968"}],"wp:term":[{"taxonomy":"category","embeddable":true,"href":"https:\/\/blogit.apu.fi\/uuninpankkopoikasakutimonen\/api\/wp\/v2\/categories?post=20968"},{"taxonomy":"post_tag","embeddable":true,"href":"https:\/\/blogit.apu.fi\/uuninpankkopoikasakutimonen\/api\/wp\/v2\/tags?post=20968"}],"curies":[{"name":"wp","href":"https:\/\/api.w.org\/{rel}","templated":true}]}}