{"id":2184,"date":"2013-11-14T19:21:38","date_gmt":"2013-11-14T17:21:38","guid":{"rendered":"http:\/\/uuninpankkopoika.byethost31.com\/?p=2184"},"modified":"2018-02-28T10:37:41","modified_gmt":"2018-02-28T08:37:41","slug":"alatyylia-ja-uhkailua","status":"publish","type":"post","link":"https:\/\/blogit.apu.fi\/uuninpankkopoikasakutimonen\/2013\/11\/14\/alatyylia-ja-uhkailua\/","title":{"rendered":"Alatyyli\u00e4 ja uhkailua"},"content":{"rendered":"<p>Meille on kerrottu, ett\u00e4 rikos on rikos Facebookissakin tehtyn\u00e4. Nettipoliisit ovat jo kauan valistaneet, ett\u00e4 laittomat uhkaukset ja kunnianloukkaukset otetaan vakavasti. T\u00e4ll\u00e4 varoittelulla on pyritty suitsimaan v\u00e4lill\u00e4 villiintyv\u00e4\u00e4 keskustelua.<\/p>\n<p>Mik\u00e4 on sitten k\u00e4yt\u00e4nt\u00f6 vaikkapa laittomien uhkausten suhteen? Rikoslain 25 luvun 7 \u00a7 sanoo n\u00e4in: <em>Joka nostaa aseen toista vastaan tai <strong>muulla tavoin uhkaa toista rikoksella sellaisissa olosuhteissa, ett\u00e4 uhatulla on perusteltu syy omasta tai toisen puolesta pel\u00e4t\u00e4 henkil\u00f6kohtaisen turvallisuuden tai omaisuuden olevan vakavassa vaarassa,<\/strong> on tuomittava, jollei teosta muualla laissa s\u00e4\u00e4det\u00e4 ankarampaa rangaistusta, laittomasta uhkauksesta sakkoon tai vankeuteen enint\u00e4\u00e4n kahdeksi vuodeksi.<\/em><\/p>\n<p>Kes\u00e4ll\u00e4 perustimme muutamien fb-kavereiden kanssa verkkosivun <em>Paljastettu.\u00a0<\/em>Sen tarkoituksena on paljastaa ja tuoda kaikkien n\u00e4ht\u00e4v\u00e4ksi suvaitsemattomuutta ja muukalaisvihaa ymp\u00e4rist\u00f6ss\u00e4mme aivan sen raadollisimmissa muodoissaankin. Lis\u00e4\u00e4 voitte lukea <a rel=\"nofollow\" href=\"http:\/\/www.paljastettu.fi\/276988545\">t\u00e4\u00e4lt\u00e4.<\/a><\/p>\n<p>Sivun tueksi perustettu fb-yhteis\u00f6 on kaadettu ilmiannoin kaksi kertaa, joten nykyisin sivu l\u00f6ytyy Facebookista nimell\u00e4 Paljastettu 3. Meist\u00e4 ei siis erityisemmin tietyiss\u00e4 piireiss\u00e4 pidet\u00e4. N\u00e4rk\u00e4styneiden luonteenlaatua kuvannee parhaiten se, ett\u00e4 pahin t\u00f6rkyposti l\u00e4hetet\u00e4\u00e4n yll\u00e4pit\u00e4jien ainoalle naiselle. T\u00e4m\u00e4 omalla sivullaan kaikenlaista natsiroinaa ja aseita ihaileva sankari uhkaa tehd\u00e4 h\u00e4neen ilmarei\u00e4n: <a rel=\"nofollow\" href=\"https:\/\/blogit-cdn.a-lehdet.fi\/uploads\/sites\/64\/2013\/11\/chrissen-uhkaus-1.jpg\"><img decoding=\"async\" loading=\"lazy\" class=\"alignnone size-full wp-image-2189\" src=\"https:\/\/blogit-cdn.a-lehdet.fi\/uploads\/sites\/64\/2013\/11\/chrissen-uhkaus-1.jpg\" alt=\"chrissen uhkaus 1\" width=\"623\" height=\"191\" srcset=\"https:\/\/blogit-cdn.a-lehdet.fi\/uploads\/sites\/64\/2013\/11\/chrissen-uhkaus-1.jpg 623w, https:\/\/blogit-cdn.a-lehdet.fi\/uploads\/sites\/64\/2013\/11\/chrissen-uhkaus-1-300x92.jpg 300w\" sizes=\"(max-width: 623px) 100vw, 623px\" \/><\/a><\/p>\n<p>Vaihdettuaan fb:ss\u00e4 nime\u00e4\u00e4n sama mies antaa toisaalla kaikille &#8220;oikeiston miehille&#8221; ihan luvan hakata ja laittaapa viel\u00e4 kuvankin mukaan tunnistamisen helpottamiseksi. Syv\u00e4ss\u00e4 raivossaan t\u00e4m\u00e4 jonkinlaiseksi johtajaksi itsens\u00e4 kuvitteleva n\u00e4ht\u00e4v\u00e4sti erehtyi ja antoi luvan hakata er\u00e4s sivulle kommentoinut mies.<\/p>\n<p><a rel=\"nofollow\" href=\"https:\/\/blogit-cdn.a-lehdet.fi\/uploads\/sites\/64\/2013\/11\/chrisse-uhkaus-3.jpg\"><img decoding=\"async\" loading=\"lazy\" class=\"alignnone size-full wp-image-2192\" src=\"https:\/\/blogit-cdn.a-lehdet.fi\/uploads\/sites\/64\/2013\/11\/chrisse-uhkaus-3.jpg\" alt=\"chrisse uhkaus 3\" width=\"501\" height=\"482\" srcset=\"https:\/\/blogit-cdn.a-lehdet.fi\/uploads\/sites\/64\/2013\/11\/chrisse-uhkaus-3.jpg 501w, https:\/\/blogit-cdn.a-lehdet.fi\/uploads\/sites\/64\/2013\/11\/chrisse-uhkaus-3-300x289.jpg 300w\" sizes=\"(max-width: 501px) 100vw, 501px\" \/><\/a><\/p>\n<p>Uhkaus ilmarei\u00e4n tekemisest\u00e4 sai Christinin ottamaan yhteytt\u00e4 poliisiin ja tekem\u00e4\u00e4n esitutkintapyynn\u00f6n. Siin\u00e4 k\u00e4vi n\u00e4in:<\/p>\n<p><a rel=\"nofollow\" href=\"https:\/\/blogit-cdn.a-lehdet.fi\/uploads\/sites\/64\/2013\/11\/chrissen-uhkaus-2.jpg\"><img decoding=\"async\" loading=\"lazy\" class=\"alignnone size-full wp-image-2194\" src=\"https:\/\/blogit-cdn.a-lehdet.fi\/uploads\/sites\/64\/2013\/11\/chrissen-uhkaus-2.jpg\" alt=\"chrissen uhkaus 2\" width=\"720\" height=\"960\" srcset=\"https:\/\/blogit-cdn.a-lehdet.fi\/uploads\/sites\/64\/2013\/11\/chrissen-uhkaus-2.jpg 720w, https:\/\/blogit-cdn.a-lehdet.fi\/uploads\/sites\/64\/2013\/11\/chrissen-uhkaus-2-225x300.jpg 225w\" sizes=\"(max-width: 720px) 100vw, 720px\" \/><\/a><\/p>\n<p>Esitutkintapyynn\u00f6n mukana l\u00e4hetetyt kuvakaappaukset uhkauksista ovat siis poliisin mielest\u00e4 pelkk\u00e4 v\u00e4ite rikoksen tapahtumisesta, joten rikosta ei ole tapahtunut. Facebookissa uhkaavaan s\u00e4vyyn luvattu ilmarei\u00e4n tekeminen ei <em>todenn\u00e4k\u00f6isesti<\/em> merkitse vaaraa.<\/p>\n<p>Kyseess\u00e4 on siis poliisin selv\u00e4n tulkinnan mukaan pelk\u00e4st\u00e4\u00e4n alatyylinen kirjoittelu ilman hengen tai terveyden vaaraa. Olkoon sitten niin, kaipa poliisi sen tiet\u00e4\u00e4. Mietitytt\u00e4\u00e4 vain, ett\u00e4 millainen mahtaisi olla poliisinkin mielest\u00e4 selke\u00e4 laiton uhkaus? Pit\u00e4isik\u00f6 ampumisella uhkaajan ilmoittaa ampumisen p\u00e4iv\u00e4m\u00e4\u00e4r\u00e4 ja kellonaika? Pit\u00e4isik\u00f6 uhkaajan esiinty\u00e4 selke\u00e4sti omalla nimell\u00e4\u00e4n ja laittaa alle viel\u00e4 osoitteensa ja puhelinnumeronsa?<\/p>\n<p>Muistan hyvin parin vuoden takaa, kuinka kirjailija Jussi K. Niemel\u00e4\u00e4 uhattiin nylkemisell\u00e4. Poiliisin mielest\u00e4 kyse ei ollut laittomasta uhkauksesta eik\u00e4 nimimerkin takana lymy\u00e4v\u00e4\u00e4 henkil\u00f6\u00e4k\u00e4\u00e4n olisi l\u00f6ytynyt, vaikka oikea nimi kerrottiin poliisille selke\u00e4sti.<\/p>\n<p>Alatyylin ja laittoman uhkauksen v\u00e4linen raja on ep\u00e4selv\u00e4. Uhkaus tulkitaan uhkaukseksi helpommin silloin, kun uhataan julkisuuden henkil\u00f6\u00e4. Tavalliset kansalaiset saavat kuitata uhkailut alatyyliksi ja lukita ovensa. Tai sitten heid\u00e4n on lopetettava \u00e4\u00e4rioikeiston sanallinen arvostelu. Siihenh\u00e4n t\u00e4ll\u00e4 uhkailulla pyrit\u00e4\u00e4n.<\/p>\n<p>Palom\u00e4en kaltaisten sananvapausk\u00e4sitys on sellainen, ett\u00e4 heill\u00e4 on oikeus uhkailla ja k\u00e4ytt\u00e4yty\u00e4 kaikin tavoin moukkamaisesti. Kenenk\u00e4\u00e4n sanavapauteen ei heid\u00e4n mielest\u00e4\u00e4n kuulu sanoa sit\u00e4 k\u00e4yt\u00f6st\u00e4 moukkamaiseksi, tai tulee ilmareiki\u00e4. Toivottavasti ei oikeasti tule.<\/p>\n","protected":false},"excerpt":{"rendered":"<p>Meille on kerrottu, ett\u00e4 rikos on rikos Facebookissakin tehtyn\u00e4. Nettipoliisit ovat jo&hellip;<\/p>\n","protected":false},"author":62,"featured_media":2189,"comment_status":"closed","ping_status":"closed","sticky":false,"template":"","format":"standard","meta":{"footnotes":""},"categories":[2289,9],"tags":[3138,2875,1811,1605,3139,313],"acf":[],"platta":{"numLikes":0,"numComments":7,"category":null,"themes":[],"commercial_partner":null,"thumbnail":"https:\/\/blogit-cdn.a-lehdet.fi\/uploads\/sites\/64\/2013\/11\/chrissen-uhkaus-1.jpg","blog_id":64},"jetpack_featured_media_url":"https:\/\/blogit-cdn.a-lehdet.fi\/uploads\/sites\/64\/2013\/11\/chrissen-uhkaus-1.jpg","_links":{"self":[{"href":"https:\/\/blogit.apu.fi\/uuninpankkopoikasakutimonen\/api\/wp\/v2\/posts\/2184"}],"collection":[{"href":"https:\/\/blogit.apu.fi\/uuninpankkopoikasakutimonen\/api\/wp\/v2\/posts"}],"about":[{"href":"https:\/\/blogit.apu.fi\/uuninpankkopoikasakutimonen\/api\/wp\/v2\/types\/post"}],"author":[{"embeddable":true,"href":"https:\/\/blogit.apu.fi\/uuninpankkopoikasakutimonen\/api\/wp\/v2\/users\/62"}],"replies":[{"embeddable":true,"href":"https:\/\/blogit.apu.fi\/uuninpankkopoikasakutimonen\/api\/wp\/v2\/comments?post=2184"}],"version-history":[{"count":1,"href":"https:\/\/blogit.apu.fi\/uuninpankkopoikasakutimonen\/api\/wp\/v2\/posts\/2184\/revisions"}],"predecessor-version":[{"id":22413,"href":"https:\/\/blogit.apu.fi\/uuninpankkopoikasakutimonen\/api\/wp\/v2\/posts\/2184\/revisions\/22413"}],"wp:featuredmedia":[{"embeddable":true,"href":"https:\/\/blogit.apu.fi\/uuninpankkopoikasakutimonen\/api\/wp\/v2\/media\/2189"}],"wp:attachment":[{"href":"https:\/\/blogit.apu.fi\/uuninpankkopoikasakutimonen\/api\/wp\/v2\/media?parent=2184"}],"wp:term":[{"taxonomy":"category","embeddable":true,"href":"https:\/\/blogit.apu.fi\/uuninpankkopoikasakutimonen\/api\/wp\/v2\/categories?post=2184"},{"taxonomy":"post_tag","embeddable":true,"href":"https:\/\/blogit.apu.fi\/uuninpankkopoikasakutimonen\/api\/wp\/v2\/tags?post=2184"}],"curies":[{"name":"wp","href":"https:\/\/api.w.org\/{rel}","templated":true}]}}