{"id":2620,"date":"2013-12-31T10:24:10","date_gmt":"2013-12-31T08:24:10","guid":{"rendered":"http:\/\/satitemp.esy.es\/?p=2620"},"modified":"2018-02-28T10:37:00","modified_gmt":"2018-02-28T08:37:00","slug":"valinnanvapautta-ja-tyovelvollisuutta","status":"publish","type":"post","link":"https:\/\/blogit.apu.fi\/uuninpankkopoikasakutimonen\/2013\/12\/31\/valinnanvapautta-ja-tyovelvollisuutta\/","title":{"rendered":"Valinnanvapautta ja ty\u00f6velvollisuutta"},"content":{"rendered":"<div>\n<p class=\"lead\">P\u00e4\u00e4ministeri Jyrki Katainen on l\u00e4hett\u00e4nyt kansalle perinteisen uudenvuodentervehdyksen, mutta ainakaan minun yhteiskunnallisesti eritt\u00e4in aktiivinen verkostoni sosiaalisessa mediassa ei ole sit\u00e4 noteerannut mill\u00e4\u00e4n tavalla. T\u00e4st\u00e4 voisi p\u00e4\u00e4tell\u00e4, ett\u00e4 kansa antaa piupaut p\u00e4\u00e4ministerille ja h\u00e4nen h\u00f6pin\u00f6illeen. Ett\u00e4 puhuhan sin\u00e4, niin min\u00e4 pitelen hevosta.<\/p>\n<p>P\u00e4\u00e4ministerin sanomaa piti siis etsi\u00e4 lehtien palstoilta. Kataisen mukaan Suomessa on meneill\u00e4\u00e4n suuri henkinen muutos. Suomalaiset kaipaavat yh\u00e4 enemm\u00e4n yksil\u00f6llisi\u00e4 ratkaisuja ja valinnanvapautta. T\u00e4m\u00e4 muutos pit\u00e4\u00e4 ottaa huomioon my\u00f6s uudistuksissa, joita Suomessa tehd\u00e4\u00e4n.<\/p>\n<\/div>\n<p>Uudistuksia on tehty perinteisesti auktoriteettien sanelemana, mutta en\u00e4\u00e4 ylh\u00e4\u00e4lt\u00e4p\u00e4in sanelu ei Kataisen mukaan toimi. H\u00e4n muistuttaa, ett\u00e4 ihmiset sitoutuvat muutoksiin paremmin, kun heill\u00e4 on mahdollisuus vaikuttaa niihin.<\/p>\n<p><em>&#8211; En\u00e4\u00e4 ei koeta oikeana, ett\u00e4 joku ylh\u00e4\u00e4lt\u00e4 tekee el\u00e4m\u00e4\u00e4mme koskevia keskeisi\u00e4 valintoja puolestamme. Holhouksen sijaan haluamme olla oman el\u00e4m\u00e4mme p\u00e4\u00e4tt\u00e4ji\u00e4 silloin, kun siihen on valmiudet.<\/em><\/p>\n<p>Se varsinainen sanoma taisi tulla noissa sanoissa <em>silloin kun siihen on valmiudet. <\/em>Yksil\u00f6llisi\u00e4 ratkaisuja ja valinnanvapautta tarjotaan niille, joilla on niihin varaa. K\u00f6yhille sanellaan edelleen ratkaisut eik\u00e4 heill\u00e4 ole mit\u00e4\u00e4n mahdollisuutta vaikuttaa niihin.<\/p>\n<p>T\u00e4st\u00e4 on hyv\u00e4n\u00e4 esimerkkin\u00e4 kulissien takana valmisteltava perusturvan ty\u00f6velvoite, jota h\u00e4veli\u00e4\u00e4sti sanotaan osallistavaksi sosiaaliturvaksi. Se tarkoittaa Kelan tutkimusjohtaja Olli Kankaan mukaan toimeentulotukiasiakkaan l\u00e4hett\u00e4mist\u00e4 hy\u00f6tyty\u00f6h\u00f6n.<\/p>\n<p>Kyseess\u00e4 on tosiaankin sosiaalipolitiikan paradigman suuri muutos, kuten ministeri Paula Risikon ty\u00f6rukkasena asiaa valmisteleva Antti Parpo on sanonut. Hy\u00f6dytt\u00f6mi\u00e4 suita ei ruokita, vaan jokaisen on teht\u00e4v\u00e4 hy\u00f6dyllist\u00e4 ty\u00f6t\u00e4 puurolautasensa eteen. Muuta palkkaa siit\u00e4 ty\u00f6st\u00e4 ei sitten maksetakaan. Suuri muutos on siin\u00e4, ett\u00e4 ennen hy\u00f6tyty\u00f6ksi katsottavaa toimintaa sanottiin palkkaty\u00f6ksi ja siit\u00e4 saatavaa vastiketta palkaksi.<\/p>\n<p>Tietenkin t\u00e4m\u00e4 palkaton ty\u00f6 on sen k\u00f6yh\u00e4n etu. Kankaan mukaan hy\u00f6tyty\u00f6st\u00e4 saa ty\u00f6t\u00f6n aktiivisuutta, toimintakyky\u00e4 sek\u00e4 tietoa ja taitoa hy\u00f6dynt\u00e4\u00e4 yh\u00e4 yksityisemmiksi k\u00e4yvi\u00e4 palveluita.<\/p>\n<p>Siit\u00e4 saa siis suunnillen kaikkea muuta paitsi rahaa, jolla ostaa niit\u00e4 yh\u00e4 yksityisemmiksi k\u00e4yvi\u00e4 palveluja.<\/p>\n<p>T\u00e4st\u00e4 on pakko vet\u00e4\u00e4 sellainen johtop\u00e4\u00e4t\u00f6s, ett\u00e4 ei niit\u00e4 yksityisi\u00e4 palveluja ole k\u00f6yhille tarkoitettukaan. Heid\u00e4n osansa on tuottaa niit\u00e4 palveluja\u00a0 ruohonjuuritasolla palkatta niille, joilla on varaa Kataisen tarkoittamiin yksityisiin ratkaisuihin ja valinnanvapauteen.<\/p>\n<p>S\u00e4\u00e4ty-yhteiskunta on tullut takaisin.<\/p>\n<p>*\u00a0\u00a0 *\u00a0\u00a0 *<\/p>\n<p>Kuten blogini nettiosoitteesta huomaatte, niin olen j\u00e4lleen joutunut pakkaamaan muuttokuormani. Kiitos kuuluu taas sille nimett\u00f6m\u00e4n\u00e4 pysyttelev\u00e4lle fb-kaverilleni, joka ty\u00f6n teki. Toivotan kaikille lukijoilleni parempaa uutta vuotta 2014.<\/p>\n","protected":false},"excerpt":{"rendered":"<p>P\u00e4\u00e4ministeri Jyrki Katainen on l\u00e4hett\u00e4nyt kansalle perinteisen uudenvuodentervehdyksen, mutta ainakaan minun yhteiskunnallisesti&hellip;<\/p>\n","protected":false},"author":62,"featured_media":0,"comment_status":"open","ping_status":"open","sticky":false,"template":"","format":"standard","meta":{"footnotes":""},"categories":[2458,2160,102,750],"tags":[3049,913,3225,1732,3226,3227],"acf":[],"platta":{"numLikes":0,"numComments":4,"category":null,"themes":[],"commercial_partner":null,"thumbnail":false,"blog_id":64},"jetpack_featured_media_url":"","_links":{"self":[{"href":"https:\/\/blogit.apu.fi\/uuninpankkopoikasakutimonen\/api\/wp\/v2\/posts\/2620"}],"collection":[{"href":"https:\/\/blogit.apu.fi\/uuninpankkopoikasakutimonen\/api\/wp\/v2\/posts"}],"about":[{"href":"https:\/\/blogit.apu.fi\/uuninpankkopoikasakutimonen\/api\/wp\/v2\/types\/post"}],"author":[{"embeddable":true,"href":"https:\/\/blogit.apu.fi\/uuninpankkopoikasakutimonen\/api\/wp\/v2\/users\/62"}],"replies":[{"embeddable":true,"href":"https:\/\/blogit.apu.fi\/uuninpankkopoikasakutimonen\/api\/wp\/v2\/comments?post=2620"}],"version-history":[{"count":1,"href":"https:\/\/blogit.apu.fi\/uuninpankkopoikasakutimonen\/api\/wp\/v2\/posts\/2620\/revisions"}],"predecessor-version":[{"id":22388,"href":"https:\/\/blogit.apu.fi\/uuninpankkopoikasakutimonen\/api\/wp\/v2\/posts\/2620\/revisions\/22388"}],"wp:attachment":[{"href":"https:\/\/blogit.apu.fi\/uuninpankkopoikasakutimonen\/api\/wp\/v2\/media?parent=2620"}],"wp:term":[{"taxonomy":"category","embeddable":true,"href":"https:\/\/blogit.apu.fi\/uuninpankkopoikasakutimonen\/api\/wp\/v2\/categories?post=2620"},{"taxonomy":"post_tag","embeddable":true,"href":"https:\/\/blogit.apu.fi\/uuninpankkopoikasakutimonen\/api\/wp\/v2\/tags?post=2620"}],"curies":[{"name":"wp","href":"https:\/\/api.w.org\/{rel}","templated":true}]}}