{"id":26428,"date":"2018-09-05T09:30:04","date_gmt":"2018-09-05T06:30:04","guid":{"rendered":"http:\/\/blogit.apu.fi\/uuninpankkopoikasakutimonen\/?p=26428"},"modified":"2018-09-05T09:30:04","modified_gmt":"2018-09-05T06:30:04","slug":"mika-voidaan-tehda-yhdelle-2","status":"publish","type":"post","link":"https:\/\/blogit.apu.fi\/uuninpankkopoikasakutimonen\/2018\/09\/05\/mika-voidaan-tehda-yhdelle-2\/","title":{"rendered":"Mik\u00e4 voidaan tehd\u00e4 yhdelle&#8230;"},"content":{"rendered":"<p>Olen monta kertaa sanonut, ett\u00e4 mik\u00e4 voidaan tehd\u00e4 yhdelle, voidaan tehd\u00e4 ihan kenelle tahansa. T\u00e4m\u00e4 p\u00e4tee niin yksil\u00f6ihin kuin ihmisryhmiinkin. T\u00e4t\u00e4 ei ole ihan helppo huomata, sill\u00e4 muutokset tapahtuvat v\u00e4hitellen. Niin kauan kuin muutokset ja koventunut kohtelu eiv\u00e4t koske itse\u00e4 tai l\u00e4hipiiri\u00e4, ne on helppo siet\u00e4\u00e4 tai jopa hyv\u00e4ksy\u00e4. Niit\u00e4 voi jopa kannattaa t\u00e4ysin rinnoin, kun vain propaganda on kohdallaan.<\/p>\n<p>Ty\u00f6el\u00e4m\u00e4n pelis\u00e4\u00e4nt\u00f6j\u00e4 ollaan muuttamassa kovalla k\u00e4dell\u00e4. Muutos aloitettiin ty\u00f6tt\u00f6mist\u00e4. Ensin heit\u00e4 syyllistettin vuosikausia laiskoiksi sohvilla makaajiksi. Media marssitti esiin jopa fiktiivisi\u00e4 ty\u00f6nvieroksujia, jotka rehvastelivat tukien runsaudella. N\u00e4in muokattiin mieli\u00e4 hyv\u00e4ksym\u00e4\u00e4n ty\u00f6tt\u00f6mien kovempi kohtelu, ja niinp\u00e4 heid\u00e4n tukiaan on heikennetty koko ajan. Kaiken huippuna tehtiin aktiivimalli, joka leikkaa ty\u00f6t\u00e4 aktiivisesti hakevan, mutta sit\u00e4 saamattoman tukea.<\/p>\n<p>Palkatta teht\u00e4v\u00e4 ty\u00f6 lis\u00e4\u00e4ntyy koko ajan, ja iso osa kansasta on saatu hyv\u00e4ksym\u00e4\u00e4n se t\u00e4ysin. Tied\u00e4tteh\u00e4n t\u00e4m\u00e4n vakioselityksen, ett\u00e4 saavathan ne ty\u00f6tt\u00f6myyskorvausta ja pit\u00e4\u00e4h\u00e4n sen eteen tehd\u00e4 jotain. N\u00e4in menn\u00e4\u00e4n kohti osallistavaa sosiaaliturvaa, jossa vellilautasen eteen on teht\u00e4v\u00e4 t\u00e4ysi ty\u00f6p\u00e4iv\u00e4.<\/p>\n<p>Kun ty\u00f6tt\u00f6mi\u00e4 huomattiin voitavan kohdella ihan miten tahansa osan kansasta hurratessa, siirryttiin seuraavaan vaiheeseen eli\u00a0<a rel=\"nofollow\" href=\"https:\/\/yle.fi\/uutiset\/3-10386202\" target=\"_blank\" rel=\"noopener\">irtisanomissuojan heikent\u00e4miseen.<\/a><\/p>\n<p>T\u00e4m\u00e4kin tehd\u00e4\u00e4n taas valtavan propagandamyllytyksen avulla. Vedotaan tutkimuksiin, joita joko ei ole olemassa tai jotka osoittavat, ettei irtisanomisen helpottamisella ole mit\u00e4\u00e4n ty\u00f6llisyysvaikutuksia. Silti v\u00e4itet\u00e4\u00e4n tutkimusten osoittavan, ett\u00e4 irtisanomisen helpottaminen lis\u00e4\u00e4 ty\u00f6llisyytt\u00e4. Etsit\u00e4\u00e4n t\u00e4ikammalla ty\u00f6ntekij\u00f6it\u00e4, joiden mielest\u00e4\u00a0<a rel=\"nofollow\" href=\"https:\/\/www.is.fi\/taloussanomat\/oma-raha\/art-2000005815007.html\" target=\"_blank\" rel=\"noopener\">laiskat turjakkeet <\/a>pit\u00e4\u00e4 voida irtsanoa heti. Kiistet\u00e4\u00e4n jyrk\u00e4sti, ett\u00e4 kyseess\u00e4 on ilmiselv\u00e4 p\u00e4rst\u00e4kertoimen perusteella tapahtuvan irtisanomisen mahdollistaminen. Vedotaan terveeseen j\u00e4rkeen, jonka mukaan yksik\u00e4\u00e4n ty\u00f6nantaja ei irtisano hyv\u00e4\u00e4 ja tuottavaa ty\u00f6ntekij\u00e4\u00e4.<\/p>\n<p>J\u00e4tet\u00e4\u00e4n sanomatta, ett\u00e4 irtisanomisen uhka on tehokas kurissapitokeino vaikkapa ay-aktiiville tai ty\u00f6paikan ep\u00e4kohtien esilletuojalle. Unohdetaan, ett\u00e4 ihmiset nyt kerta kaikkiaan ovat sellaisia, ett\u00e4 jos valtaa annetaan, niin sit\u00e4 k\u00e4ytet\u00e4\u00e4n helposti v\u00e4\u00e4rin.<\/p>\n<p>Ty\u00f6tt\u00f6m\u00e4t on jo pantu ruotuun, ja nyt ollaan pelottelemassa ty\u00f6ntekij\u00e4t hiljaisiksi. Seuraava merkkipaalu t\u00e4ll\u00e4 tiell\u00e4 on ay-liikkeen hiljent\u00e4minen. T\u00e4t\u00e4kin ty\u00f6t\u00e4 on tehty jo vuosikausia moittimalla sopimusten yleissitovuutta ja hy\u00f6kk\u00e4\u00e4m\u00e4ll\u00e4 ay-liikkeen verovapauden kimppuun sanomatta samalla, ett\u00e4 my\u00f6s ty\u00f6nantajaj\u00e4rjest\u00f6ill\u00e4 on samat veroedut. Ty\u00f6tt\u00f6myyskassojen j\u00e4senyydest\u00e4 houkutellaan pois tarjoamalla YTK:n j\u00e4senyytt\u00e4 j\u00e4tt\u00e4en kertomatta, ett\u00e4 YTK toimii vain kassana\u00a0\u00a0<a href=\"https:\/\/blogit.apu.fi\/uuninpankkopoikasakutimonen\/2014\/06\/14\/ytk-ja-turvaton-oikeusturvavakuutus\/\" target=\"_blank\" rel=\"noopener\">tarjoamatta esimerkiksi oikeusturvaa.<\/a>\u00a0Paikallista neuvottelua mainostetaan j\u00e4tt\u00e4en kertomatta, ett\u00e4 mik\u00e4\u00e4n sopimus ei est\u00e4 nytk\u00e4\u00e4n maksamasta hyv\u00e4lle ty\u00f6ntekij\u00e4lle sopimusta parempaa palkkaa.<\/p>\n<p>Kun ay-liike on uhannut kovilla toimilla irtisanomissuojan heikent\u00e4mist\u00e4 vastaan, niin jo kuuluu parku lakkojen laittomuudesta ja p\u00e4ivitt\u00e4isist\u00e4 miljarditappioista. Unohdetaan sanoa, ett\u00e4 poliittinen lakko on t\u00e4ysin laillinen keino. On jo kuulunut \u00e4\u00e4ni\u00e4 is\u00e4nmallisuudesta ja valtiovallan kuulumisesta yksin hallitukselle. On vain ajan kysymys, kun ruvetaan huutamaan armeijaa apuun turvaamaan rikkureiden ty\u00f6rauha.<\/p>\n<p>Ja niin edelleen. N\u00e4in menn\u00e4\u00e4n j\u00e4ttiharppauksin kohti saneluyhteiskuntaa, jossa ty\u00f6nantaja m\u00e4\u00e4r\u00e4\u00e4 palkat ja muut ty\u00f6ehdot. Tosin kohta ei mit\u00e4\u00e4n palkkaa makseta ollenkaan, sill\u00e4 osallistava sosiaaliturva korvaa ison osan palkkaty\u00f6t\u00e4 tekevist\u00e4.<\/p>\n<p>T\u00e4t\u00e4 saisivat mietti\u00e4 ne sankariduunarit, jotka omasta mielest\u00e4\u00e4n ovat ty\u00f6nantajalle t\u00e4ysin korvaamattomia.<\/p>\n<p>&nbsp;<\/p>\n<p>&nbsp;<\/p>\n","protected":false},"excerpt":{"rendered":"<p>Olen monta kertaa sanonut, ett\u00e4 mik\u00e4 voidaan tehd\u00e4 yhdelle, voidaan tehd\u00e4 ihan&hellip;<\/p>\n","protected":false},"author":62,"featured_media":25962,"comment_status":"open","ping_status":"open","sticky":false,"template":"","format":"standard","meta":{"footnotes":""},"categories":[3454,102,5],"tags":[5806,584,3285,3048,2773,6274,542,5791],"acf":[],"platta":{"numLikes":139,"numComments":116,"category":"puheenaiheet","themes":["yhteiskunta","politiikka"],"commercial_partner":null,"thumbnail":"https:\/\/blogit-cdn.a-lehdet.fi\/uploads\/sites\/64\/2018\/08\/uuninpankkopoika.jpg","blog_id":64},"jetpack_featured_media_url":"https:\/\/blogit-cdn.a-lehdet.fi\/uploads\/sites\/64\/2018\/08\/uuninpankkopoika.jpg","_links":{"self":[{"href":"https:\/\/blogit.apu.fi\/uuninpankkopoikasakutimonen\/api\/wp\/v2\/posts\/26428"}],"collection":[{"href":"https:\/\/blogit.apu.fi\/uuninpankkopoikasakutimonen\/api\/wp\/v2\/posts"}],"about":[{"href":"https:\/\/blogit.apu.fi\/uuninpankkopoikasakutimonen\/api\/wp\/v2\/types\/post"}],"author":[{"embeddable":true,"href":"https:\/\/blogit.apu.fi\/uuninpankkopoikasakutimonen\/api\/wp\/v2\/users\/62"}],"replies":[{"embeddable":true,"href":"https:\/\/blogit.apu.fi\/uuninpankkopoikasakutimonen\/api\/wp\/v2\/comments?post=26428"}],"version-history":[{"count":6,"href":"https:\/\/blogit.apu.fi\/uuninpankkopoikasakutimonen\/api\/wp\/v2\/posts\/26428\/revisions"}],"predecessor-version":[{"id":26434,"href":"https:\/\/blogit.apu.fi\/uuninpankkopoikasakutimonen\/api\/wp\/v2\/posts\/26428\/revisions\/26434"}],"wp:featuredmedia":[{"embeddable":true,"href":"https:\/\/blogit.apu.fi\/uuninpankkopoikasakutimonen\/api\/wp\/v2\/media\/25962"}],"wp:attachment":[{"href":"https:\/\/blogit.apu.fi\/uuninpankkopoikasakutimonen\/api\/wp\/v2\/media?parent=26428"}],"wp:term":[{"taxonomy":"category","embeddable":true,"href":"https:\/\/blogit.apu.fi\/uuninpankkopoikasakutimonen\/api\/wp\/v2\/categories?post=26428"},{"taxonomy":"post_tag","embeddable":true,"href":"https:\/\/blogit.apu.fi\/uuninpankkopoikasakutimonen\/api\/wp\/v2\/tags?post=26428"}],"curies":[{"name":"wp","href":"https:\/\/api.w.org\/{rel}","templated":true}]}}