{"id":27507,"date":"2018-12-05T10:22:38","date_gmt":"2018-12-05T08:22:38","guid":{"rendered":"http:\/\/blogit.apu.fi\/uuninpankkopoikasakutimonen\/?p=27507"},"modified":"2019-01-12T20:04:10","modified_gmt":"2019-01-12T18:04:10","slug":"raiskauksilla-ratsastajat","status":"publish","type":"post","link":"https:\/\/blogit.apu.fi\/uuninpankkopoikasakutimonen\/2018\/12\/05\/raiskauksilla-ratsastajat\/","title":{"rendered":"Raiskauksilla ratsastajat"},"content":{"rendered":"<p>Tied\u00e4n pist\u00e4v\u00e4ni p\u00e4\u00e4ni herhil\u00e4ispes\u00e4\u00e4n, mutta jokun on yritett\u00e4v\u00e4 takoa j\u00e4rke\u00e4 kollektiivisen hulluuden valtaaman kansan p\u00e4\u00e4h\u00e4n. Jo ties kuinka monetta p\u00e4iv\u00e4\u00e4 kaikki presidentti\u00e4 ja ministereit\u00e4 my\u00f6ten puhuvat\u00a0<a rel=\"nofollow\" href=\"https:\/\/www.is.fi\/oulun-seutu\/art-2000005921124.html?fbclid=IwAR3H9S80SeNGPV6e695TuHmdnYThKK7gz8ntsGNwAkzYeYCqA1AlldkNkXM\" target=\"_blank\" rel=\"noopener\">Oulun seksuaalirikoksista.<\/a>\u00a0Somekansa heiluttelee soihtuja ja talikoita hyp\u00e4tty\u00e4\u00e4n poliisin, syytt\u00e4j\u00e4n ja oikeuslaitoksen ohittaen py\u00f6velin rooliin. Minun sivuilleni tapaus on tuupattu kymmeni\u00e4 kertoja ilkkuvasti \u00e4h\u00e4tellen, ett\u00e4 mit\u00e4s maahanmuuttajia lis\u00e4\u00e4 haluava suvakkipaska nyt sanoo.<\/p>\n<p>N\u00e4m\u00e4 henkiset kyss\u00e4kaalit eiv\u00e4t ilmeisesti ole koskaan lukeneet tekstej\u00e4ni. En min\u00e4 ole milloinkaan sanonut haluavani lis\u00e4\u00e4 maahanmuuttoa. Olen vain sanonut, ett\u00e4 Suomen perustuslain mukaan kaikki ihmiset ovat yhdenvertaisia lain edess\u00e4, ja ett\u00e4 turvapaikanhakijoita on kohdeltava lain ja Suomea sitovien kansainv\u00e4listen sopimusten mukaan.<\/p>\n<p>Lain mukaan menn\u00e4\u00e4n my\u00f6s Oulun rikoksissa. Poliisin tutkittavana oleva tapaus on poikkeuksellisen t\u00f6rke\u00e4, siit\u00e4 olemme kaikki samaa mielt\u00e4. Olemme varmasti samaa mielt\u00e4 my\u00f6s siit\u00e4, ett\u00e4 tekij\u00e4t on tuomittava ankarasti, ja rangaistuksen k\u00e4rsimisen j\u00e4lkeen heid\u00e4t on poistettava maasta, jos he eiv\u00e4t ole Suomen kansalaisia.<\/p>\n<p>Somekansa unohtaa taas kerran, ett\u00e4 lain mukaan vain tekij\u00e4t ovat syyllisi\u00e4 ja vain heid\u00e4t tuomitaan. Laki ei tunne kollektiivista syyllisyytt\u00e4, jossa joidenkin ihmisten tekojen mukaan tuomittaisiin kokonainen kansanryhm\u00e4. T\u00e4st\u00e4 eiv\u00e4t piittaa ne raiskauksilla ratsastavat poliitikot, jotka taas kerran ovat l\u00e4hteneet kollektiivisen vihanlietsonnan tielle. Viimeinkin l\u00f6ytyi aihe, josta Jussi Halla-aholla ja muilla perussuomalaisilla kellokkailla on sanottavaa.<\/p>\n<p>Heill\u00e4 ei ole ollut sanottavaa soteen, maakuntauudistukseen, aktiivimalliin, etuuksien leikkaamiseen, koulutusleikkauksiin, indeksij\u00e4\u00e4dytykseen eik\u00e4 yleens\u00e4 mihink\u00e4\u00e4n ihmisten arkea koskeviin poliittisiin p\u00e4\u00e4t\u00f6ksiin. He ovat kiinnostuneita vain raiskauksista, ja niist\u00e4kin vain silloin, kun niit\u00e4 voidaan k\u00e4ytt\u00e4\u00e4 maahanmuuton ja turvapaikanhakijoiden vastustamiseen ja suoranaiseen demonisointiin. Ett\u00e4 katsokaa nyt, tuommoisia ne ovat kaikki, mit\u00e4s me sanoimme.<\/p>\n<p>Ja umpihullu kansanosa riehuu heid\u00e4n yllytt\u00e4m\u00e4n\u00e4\u00e4n kiimatipat housunpuntista valuen. Ollaan kovasti suojelevinaan naisia ja lapsia, mutta samalla j\u00e4tet\u00e4\u00e4n huomaamatta vaikkapa\u00a0<a rel=\"nofollow\" href=\"https:\/\/www.is.fi\/kotimaa\/art-2000005921420.html?ref=rss&amp;fbclid=IwAR2qoS0CmQIsOfHaFFT3O7X1T4PlFcxAZrU1xXyJTOWlbaLb1yNCp_Kb14A\" target=\"_blank\" rel=\"noopener\">t\u00e4mm\u00f6inen rikos.<\/a>\u00a0Siin\u00e4h\u00e4n naapurin 24-vuotias Mika Markus harrasti seksi\u00e4 13-vuotiaan lapsen kanssa, sattuuhan n\u00e4it\u00e4. Naapurin Mika Markuksen lis\u00e4ksi tapauksen perusteella ei p\u00e4\u00e4se tuomitsemaan muita, joten mit\u00e4\u00e4n someraivoa ei synny eik\u00e4 poliittisia tavoitteita p\u00e4\u00e4se toteuttamaan.<\/p>\n<p>Tied\u00e4n syyllistyv\u00e4ni whataboutismiin, mutta teen sen tahallani.\u00a0 Jos oikeasti ollaan lasten suojelemisen asialla, niin nyt pit\u00e4isi vaatia t\u00e4llaisen raiskauskulttuurin pys\u00e4ytt\u00e4mist\u00e4. Pit\u00e4isi vaatia presidentilt\u00e4 ja ministerilt\u00e4 kannanottoja. Pit\u00e4isi julistaa Mika Markuksen teon tuomittavuutta ja h\u00e4nen sek\u00e4 h\u00e4nen kavereidensa erist\u00e4mist\u00e4 autiolle saarelle.<\/p>\n<p>Minun puolestani joka ikisen seksuaalirikokseen syyllistyneen saisi vaikka erist\u00e4\u00e4 autiolle saarelle, mutta miettik\u00e4\u00e4p\u00e4 oikeasti n\u00e4iden raiskauksilla m\u00e4ss\u00e4ilevien poliitikkojen motiiveja. Ei heit\u00e4 kiinnosta mik\u00e4\u00e4n muu kuin oman agendan julistaminen. Se agenda on tunnetusti syyllisten lis\u00e4ksi my\u00f6s syytt\u00f6mien tuomitseminen, jos he sattuvat edustamaan v\u00e4\u00e4r\u00e4\u00e4 kansallisuutta, v\u00e4ri\u00e4 tai uskontoa.<\/p>\n<p>***<br \/>\nT\u00e4t\u00e4 juttua ei voi kommentoida, koska arvaan kommentoinnin p\u00e4\u00e4asiallisen laadun.<\/p>\n<p>&nbsp;<\/p>\n","protected":false},"excerpt":{"rendered":"<p>Tied\u00e4n pist\u00e4v\u00e4ni p\u00e4\u00e4ni herhil\u00e4ispes\u00e4\u00e4n, mutta jokun on yritett\u00e4v\u00e4 takoa j\u00e4rke\u00e4 kollektiivisen hulluuden&hellip;<\/p>\n","protected":false},"author":62,"featured_media":25962,"comment_status":"closed","ping_status":"open","sticky":false,"template":"","format":"standard","meta":{"footnotes":""},"categories":[2289,1337,438,3592],"tags":[6455,6649,1312,810,156,6648,1275],"acf":[],"platta":{"numLikes":2,"numComments":0,"category":"puheenaiheet","themes":["politiikka","yhteiskunta"],"commercial_partner":null,"thumbnail":"https:\/\/blogit-cdn.a-lehdet.fi\/uploads\/sites\/64\/2018\/08\/uuninpankkopoika.jpg","blog_id":64},"jetpack_featured_media_url":"https:\/\/blogit-cdn.a-lehdet.fi\/uploads\/sites\/64\/2018\/08\/uuninpankkopoika.jpg","_links":{"self":[{"href":"https:\/\/blogit.apu.fi\/uuninpankkopoikasakutimonen\/api\/wp\/v2\/posts\/27507"}],"collection":[{"href":"https:\/\/blogit.apu.fi\/uuninpankkopoikasakutimonen\/api\/wp\/v2\/posts"}],"about":[{"href":"https:\/\/blogit.apu.fi\/uuninpankkopoikasakutimonen\/api\/wp\/v2\/types\/post"}],"author":[{"embeddable":true,"href":"https:\/\/blogit.apu.fi\/uuninpankkopoikasakutimonen\/api\/wp\/v2\/users\/62"}],"replies":[{"embeddable":true,"href":"https:\/\/blogit.apu.fi\/uuninpankkopoikasakutimonen\/api\/wp\/v2\/comments?post=27507"}],"version-history":[{"count":16,"href":"https:\/\/blogit.apu.fi\/uuninpankkopoikasakutimonen\/api\/wp\/v2\/posts\/27507\/revisions"}],"predecessor-version":[{"id":27888,"href":"https:\/\/blogit.apu.fi\/uuninpankkopoikasakutimonen\/api\/wp\/v2\/posts\/27507\/revisions\/27888"}],"wp:featuredmedia":[{"embeddable":true,"href":"https:\/\/blogit.apu.fi\/uuninpankkopoikasakutimonen\/api\/wp\/v2\/media\/25962"}],"wp:attachment":[{"href":"https:\/\/blogit.apu.fi\/uuninpankkopoikasakutimonen\/api\/wp\/v2\/media?parent=27507"}],"wp:term":[{"taxonomy":"category","embeddable":true,"href":"https:\/\/blogit.apu.fi\/uuninpankkopoikasakutimonen\/api\/wp\/v2\/categories?post=27507"},{"taxonomy":"post_tag","embeddable":true,"href":"https:\/\/blogit.apu.fi\/uuninpankkopoikasakutimonen\/api\/wp\/v2\/tags?post=27507"}],"curies":[{"name":"wp","href":"https:\/\/api.w.org\/{rel}","templated":true}]}}