{"id":27860,"date":"2019-01-10T08:35:27","date_gmt":"2019-01-10T06:35:27","guid":{"rendered":"http:\/\/blogit.apu.fi\/uuninpankkopoikasakutimonen\/?p=27860"},"modified":"2019-01-10T08:35:27","modified_gmt":"2019-01-10T06:35:27","slug":"koyhaa-kirpaisee","status":"publish","type":"post","link":"https:\/\/blogit.apu.fi\/uuninpankkopoikasakutimonen\/2019\/01\/10\/koyhaa-kirpaisee\/","title":{"rendered":"K\u00f6yh\u00e4\u00e4 kirpaisee"},"content":{"rendered":"<p>P\u00e4\u00e4ministeri Juha Sipil\u00e4 my\u00f6nsi jo\u00a0<a rel=\"nofollow\" href=\"https:\/\/yle.fi\/uutiset\/3-9831659\" target=\"_blank\" rel=\"noopener\">syyskuussa 2017<\/a>, ett\u00e4 h\u00e4nen hallituksensa politiikka on iskenyt eniten pienituloisiin. Kipe\u00e4\u00e4 tekee, mutta seuraava hallitus sitten voi korjata t\u00e4m\u00e4nkin asian. Hallitus n\u00e4kyy jatkavan samalla kipe\u00e4\u00e4 tekev\u00e4ll\u00e4 linjallaan loppuun asti.<\/p>\n<p>Eilen eduskunnassa k\u00e4ytiin\u00a0<a rel=\"nofollow\" href=\"https:\/\/www.uusisuomi.fi\/kotimaa\/268797-asiakasmaksujen-pommi-kuohuttaa-62-euron-omavastuu-nousee-jopa-sadoilla-euroilla-tama?fbclid=IwAR0E-Nkqm4xeOWor2bd1zjQi2Wp0rBxwJYKR6mE0seZJ0vFKPNM7UuDx-mw#.XDYvn5Ev8zM.facebook\" target=\"_blank\" rel=\"noopener\">l\u00e4hetekeskustelua <\/a>hallituksen esityksest\u00e4 laiksi sosiaali- ja terveydenhuollon asiakasmaksuista. Jos t\u00e4m\u00e4 esitys hyv\u00e4ksyt\u00e4\u00e4n, niin terveyskeskuksessa k\u00e4ynnin enimm\u00e4ishinta kymmenkertaistuu. T\u00e4llaista hinnankorotusta ei ole ennen n\u00e4hty, mutta n\u00e4k\u00f6j\u00e4\u00e4n nykyinen hallitus kykenee ihan mihin tahansa. P\u00e4\u00e4asia n\u00e4ytt\u00e4\u00e4 olevan, ett\u00e4 k\u00f6yh\u00e4\u00e4 kirpaisee.<\/p>\n<p>T\u00e4ll\u00e4 hetkell\u00e4\u00a0maksu terveyskeskusk\u00e4ynneist\u00e4 on joko 41,20 euroa vuodessa tai 20,60 euroa k\u00e4yntikerralta. Kolmen maksullisen k\u00e4ynnin j\u00e4lkeen tulee vastaan niin sanottu v\u00e4likatto, jonka j\u00e4lkeen k\u00e4ynnit ovat maksuttomia. Asiakas maksaa siis enint\u00e4\u00e4n 61,80 euroa vuodessa.<\/p>\n<p>Lis\u00e4ksi on olemassa kaikista kunnallisista sosiaali- ja terveydenhuollon palveluista peritt\u00e4vien potilas- ja asiakasmaksujen maksukatto 683 euroa vuodessa. T\u00e4m\u00e4n j\u00e4lkeen kaikki palvelut ovat maksuttomia.<\/p>\n<p>Nyt hallitus esitt\u00e4\u00e4 vuosimaksun ja v\u00e4likaton poistamista, jonka j\u00e4lkeen jokaisesta terveyskeskusk\u00e4ynnist\u00e4 pit\u00e4\u00e4 maksaa normaali k\u00e4yntimaksu aina siihen asti, ett\u00e4 vuotuinen kattoraja 683 euroa t\u00e4yttyy. Terveyskeskuksessa k\u00e4ynnin enimm\u00e4ishinta aiotaan kymmenkertaistaa kertarys\u00e4yksell\u00e4.<\/p>\n<p>T\u00e4m\u00e4 sattuu takuulla niihin, joita satuttamaan se on tarkoitettukin. Kaikkein eniten terveyskeskuspalveluja tarvitsevat joutuvat maksamaan kaikkein eniten, ja kaikkein eniten niit\u00e4 palveluja tarvitsevat pienituloiset ja paljon sairastavat el\u00e4kel\u00e4iset. Viimeisen\u00e4 temppunaan hallitus siis m\u00e4tk\u00e4isee k\u00f6yhi\u00e4 el\u00e4kel\u00e4isi\u00e4 kunnolla turpiin.<\/p>\n<p>Min\u00e4 en en\u00e4\u00e4 jaksa ihmetell\u00e4 mit\u00e4\u00e4n t\u00e4m\u00e4n hallituksen tekoja. En ihmettelisi, vaikka hallitus p\u00e4\u00e4tt\u00e4isi jakaa itsemurhapillereit\u00e4 k\u00f6yhille el\u00e4kel\u00e4isille. Hallituksen k\u00e4rkihankkeena n\u00e4ytt\u00e4\u00e4 kerta kaikkiaan olevan kaikkein heikoimmassa asemassa olevien tilanteen heikent\u00e4minen kaikin mahdollisin keinoin.<\/p>\n<p>Jos t\u00e4m\u00e4 lakiesitys menee l\u00e4pi, niin hallituspuolueiden kansanedustajat ja ehdokkaat voivat menn\u00e4 vaalitilaisuuksiin kertomaan, ett\u00e4 pit\u00e4\u00e4 katsoa kokonaisuutta ja n\u00e4hd\u00e4 maksujen yhdenvertaistaminen positiivisena asiana. Kokonaisuus parantaa asiakkaan asemaa, kuten lakiesityksen perusteluissa sanotaan.<\/p>\n<p>Paljon sairastava k\u00f6yh\u00e4 katsoo kukkaroaan ja sanoo, ett\u00e4 lopettakaa jo t\u00e4llainen asemani parantaminen. Kokonaisuutena katsoen t\u00e4t\u00e4 ei kest\u00e4 en\u00e4\u00e4 kukaan.<\/p>\n<p>&nbsp;<\/p>\n<p>&nbsp;<\/p>\n<p>&nbsp;<\/p>\n<p>&nbsp;<\/p>\n<p>&nbsp;<\/p>\n","protected":false},"excerpt":{"rendered":"<p>P\u00e4\u00e4ministeri Juha Sipil\u00e4 my\u00f6nsi jo\u00a0syyskuussa 2017, ett\u00e4 h\u00e4nen hallituksensa politiikka on iskenyt&hellip;<\/p>\n","protected":false},"author":62,"featured_media":25962,"comment_status":"closed","ping_status":"closed","sticky":false,"template":"","format":"standard","meta":{"footnotes":""},"categories":[438,711,5],"tags":[5779,6695,6693,6428,6694],"acf":[],"platta":{"numLikes":2,"numComments":107,"category":"puheenaiheet","themes":["politiikka","yhteiskunta"],"commercial_partner":null,"thumbnail":"https:\/\/blogit-cdn.a-lehdet.fi\/uploads\/sites\/64\/2018\/08\/uuninpankkopoika.jpg","blog_id":64},"jetpack_featured_media_url":"https:\/\/blogit-cdn.a-lehdet.fi\/uploads\/sites\/64\/2018\/08\/uuninpankkopoika.jpg","_links":{"self":[{"href":"https:\/\/blogit.apu.fi\/uuninpankkopoikasakutimonen\/api\/wp\/v2\/posts\/27860"}],"collection":[{"href":"https:\/\/blogit.apu.fi\/uuninpankkopoikasakutimonen\/api\/wp\/v2\/posts"}],"about":[{"href":"https:\/\/blogit.apu.fi\/uuninpankkopoikasakutimonen\/api\/wp\/v2\/types\/post"}],"author":[{"embeddable":true,"href":"https:\/\/blogit.apu.fi\/uuninpankkopoikasakutimonen\/api\/wp\/v2\/users\/62"}],"replies":[{"embeddable":true,"href":"https:\/\/blogit.apu.fi\/uuninpankkopoikasakutimonen\/api\/wp\/v2\/comments?post=27860"}],"version-history":[{"count":6,"href":"https:\/\/blogit.apu.fi\/uuninpankkopoikasakutimonen\/api\/wp\/v2\/posts\/27860\/revisions"}],"predecessor-version":[{"id":27866,"href":"https:\/\/blogit.apu.fi\/uuninpankkopoikasakutimonen\/api\/wp\/v2\/posts\/27860\/revisions\/27866"}],"wp:featuredmedia":[{"embeddable":true,"href":"https:\/\/blogit.apu.fi\/uuninpankkopoikasakutimonen\/api\/wp\/v2\/media\/25962"}],"wp:attachment":[{"href":"https:\/\/blogit.apu.fi\/uuninpankkopoikasakutimonen\/api\/wp\/v2\/media?parent=27860"}],"wp:term":[{"taxonomy":"category","embeddable":true,"href":"https:\/\/blogit.apu.fi\/uuninpankkopoikasakutimonen\/api\/wp\/v2\/categories?post=27860"},{"taxonomy":"post_tag","embeddable":true,"href":"https:\/\/blogit.apu.fi\/uuninpankkopoikasakutimonen\/api\/wp\/v2\/tags?post=27860"}],"curies":[{"name":"wp","href":"https:\/\/api.w.org\/{rel}","templated":true}]}}