{"id":28432,"date":"2019-03-06T08:43:24","date_gmt":"2019-03-06T06:43:24","guid":{"rendered":"http:\/\/blogit.apu.fi\/uuninpankkopoikasakutimonen\/?p=28432"},"modified":"2019-03-06T09:06:23","modified_gmt":"2019-03-06T07:06:23","slug":"hallituksen-perinto","status":"publish","type":"post","link":"https:\/\/blogit.apu.fi\/uuninpankkopoikasakutimonen\/2019\/03\/06\/hallituksen-perinto\/","title":{"rendered":"Hallituksen perint\u00f6"},"content":{"rendered":"<p>T\u00e4m\u00e4n hallituksen yhten\u00e4 k\u00e4rkihankkeena on ollut ty\u00f6llisyysasteen nostaminen, ja sit\u00e4 on toteutettu heikent\u00e4m\u00e4ll\u00e4 ty\u00f6tt\u00f6mien perusturvaa, selvi\u00e4\u00e4\u00a0<a rel=\"nofollow\" href=\"https:\/\/yle.fi\/uutiset\/3-10670626?fbclid=IwAR34iGUnsiadBTlEpcrq-TwDO0LVTqgg3cY4UgbI3VGtsyjnPBGxDzi0JSY\" target=\"_blank\" rel=\"noopener\">THL:n raportista<\/a>. Ty\u00f6tt\u00f6mi\u00e4 on patistettu t\u00f6ihin indeksij\u00e4\u00e4dytyksill\u00e4, ty\u00f6tt\u00f6myysetuuksiin ja yleiseen asumistukeen tehdyill\u00e4 leikkauksilla sek\u00e4 aktiivimallin tukileikkurilla.<\/p>\n<p>Indeksij\u00e4\u00e4dytys on salakavala temppu, jonka t\u00e4m\u00e4 hallitus on tehnyt joka syksy. J\u00e4\u00e4dytys koskee kansanel\u00e4kett\u00e4, takuuel\u00e4kett\u00e4 ja muita sellaisia etuuksia, joita tarkistetaan kansanel\u00e4keindeksin perusteella tai jotka ovat muuten sidottuja kansanel\u00e4kkeen m\u00e4\u00e4r\u00e4\u00e4n. Sellaisia ovat muun muassa vammaisetuudet, rintamalis\u00e4t, sairausvakuutuslain mukaiset v\u00e4himm\u00e4isp\u00e4iv\u00e4rahat sek\u00e4 ty\u00f6tt\u00f6myysturvalain mukainen perusp\u00e4iv\u00e4raha, ty\u00f6markkinatuki ja lapsikorotus.<\/p>\n<p>Aktiivimalli on varta vasten suunniteltu leikkuriksi. Jo hallituksen esityksess\u00e4 aktiivimalliksi todettiin, ett\u00e4 jos malli ei lis\u00e4\u00e4 ty\u00f6llistymist\u00e4, niin joka tapauksessa se s\u00e4\u00e4st\u00e4\u00e4 ty\u00f6tt\u00f6myysturvan menoja. Niin totisesti on tehnyt, sill\u00e4 raportin mukaan per\u00e4ti noin 40 prosenttia ty\u00f6markkinatuen ja perusp\u00e4iv\u00e4rahan saajista sai viime vuoden lopussa aktiivimallin leikkaamaa tukea.<\/p>\n<p>Eik\u00e4 siin\u00e4 viel\u00e4 kaikki, sanoisi mainosmies.\u00a0<span class=\"votsikko\">Perusturvan<\/span>\u00a0varassa el\u00e4vien m\u00e4\u00e4r\u00e4 on kasvanut edellisest\u00e4 vuosien 2013\u20132017 arvioinnista 40\u2009000:lla 510\u2009000 henkeen. Vuosituloistaan yli 90 prosenttia pelk\u00e4st\u00e4 perusturvasta saavien m\u00e4\u00e4r\u00e4 on samana aikana kasvanut 30\u2009000:lla 250\u2009000 henkeen.<\/p>\n<p>Hallitus on siis onnistunut s\u00e4\u00e4st\u00e4m\u00e4\u00e4n perusturvaan k\u00e4ytett\u00e4vi\u00e4 rahoja. Samalla valtio on lis\u00e4nnyt toisesta taskusta otettavan rahan m\u00e4\u00e4r\u00e4\u00e4, sill\u00e4 leikkauksia on jouduttu paikkaamaan toimeentulotuella.\u00a0Toimeentulotuen rooli ty\u00f6tt\u00f6m\u00e4n perusturvan paikkaajana on esimerkkitapauksissa kasvanut huomattavasti vuodesta 2015, jopa yli sadalla eurolla kuussa.<\/p>\n<p>N\u00e4in s\u00e4\u00e4stet\u00e4\u00e4n yht\u00e4\u00e4ll\u00e4 ja lis\u00e4t\u00e4\u00e4n menoja toisaalla. Toimeentulotuesta on tullut pysyv\u00e4 tuen muoto yh\u00e4 useammalle, vaikka sen pit\u00e4isi olla viimesijainen ja tilap\u00e4inen tukimuoto. Kun perustoimeentulotuen my\u00f6nt\u00e4minen siirtyi Kelalle, niin silloinkin k\u00e4ynnistyi yksi leikkuri. Lain mukaan tukea voidaan alentaa tilap\u00e4isesti 20-40 prosenttia ty\u00f6st\u00e4 tai ty\u00f6voimapoliittisesta palvelusta kielt\u00e4ytymisen takia. Kunnat k\u00e4yttiv\u00e4t t\u00e4t\u00e4 mahdollisuutta harvoin, mutta Kela teki siit\u00e4 automaatin. Laki vaatii yh\u00e4 viel\u00e4kin laatimaan tuen alentamisen yhteydess\u00e4 suunnitelman asiakkaan itsen\u00e4isen selvitymisen edist\u00e4miseksi, mutta Kela ei t\u00e4llaista suunnitelmaa tee. Se sys\u00e4\u00e4 suunnitelman laatimisen takaisin kunnille.<\/p>\n<p>Keppi\u00e4 on annettu ihan olan takaa, ja sill\u00e4 keinolla on k\u00f6yhdytetty jo valmiiksi k\u00f6yhi\u00e4 sek\u00e4 saatu lis\u00e4\u00e4 k\u00f6yhi\u00e4.\u00a0Pienituloisuusrajan alapuolelle on siirtynyt noin 38 500 uutta ihmist\u00e4. Niit\u00e4 t\u00f6it\u00e4 heille ei ole edelleenk\u00e4\u00e4n tarjolla. Siin\u00e4p\u00e4 seuraavalle hallitukselle perint\u00f6\u00e4 kerrakseen.<\/p>\n<p>&nbsp;<\/p>\n<p>&nbsp;<\/p>\n<p>&nbsp;<\/p>\n<p>&nbsp;<\/p>\n<p>&nbsp;<\/p>\n","protected":false},"excerpt":{"rendered":"<p>T\u00e4m\u00e4n hallituksen yhten\u00e4 k\u00e4rkihankkeena on ollut ty\u00f6llisyysasteen nostaminen, ja sit\u00e4 on toteutettu&hellip;<\/p>\n","protected":false},"author":62,"featured_media":25962,"comment_status":"closed","ping_status":"closed","sticky":false,"template":"","format":"standard","meta":{"footnotes":""},"categories":[438,6549,2160,1558,5],"tags":[5806,959,6299,3351,707,47,5562,5631,559],"acf":[],"platta":{"numLikes":2,"numComments":39,"category":"puheenaiheet","themes":["politiikka","yhteiskunta"],"commercial_partner":null,"thumbnail":"https:\/\/blogit-cdn.a-lehdet.fi\/uploads\/sites\/64\/2018\/08\/uuninpankkopoika.jpg","blog_id":64},"jetpack_featured_media_url":"https:\/\/blogit-cdn.a-lehdet.fi\/uploads\/sites\/64\/2018\/08\/uuninpankkopoika.jpg","_links":{"self":[{"href":"https:\/\/blogit.apu.fi\/uuninpankkopoikasakutimonen\/api\/wp\/v2\/posts\/28432"}],"collection":[{"href":"https:\/\/blogit.apu.fi\/uuninpankkopoikasakutimonen\/api\/wp\/v2\/posts"}],"about":[{"href":"https:\/\/blogit.apu.fi\/uuninpankkopoikasakutimonen\/api\/wp\/v2\/types\/post"}],"author":[{"embeddable":true,"href":"https:\/\/blogit.apu.fi\/uuninpankkopoikasakutimonen\/api\/wp\/v2\/users\/62"}],"replies":[{"embeddable":true,"href":"https:\/\/blogit.apu.fi\/uuninpankkopoikasakutimonen\/api\/wp\/v2\/comments?post=28432"}],"version-history":[{"count":9,"href":"https:\/\/blogit.apu.fi\/uuninpankkopoikasakutimonen\/api\/wp\/v2\/posts\/28432\/revisions"}],"predecessor-version":[{"id":28441,"href":"https:\/\/blogit.apu.fi\/uuninpankkopoikasakutimonen\/api\/wp\/v2\/posts\/28432\/revisions\/28441"}],"wp:featuredmedia":[{"embeddable":true,"href":"https:\/\/blogit.apu.fi\/uuninpankkopoikasakutimonen\/api\/wp\/v2\/media\/25962"}],"wp:attachment":[{"href":"https:\/\/blogit.apu.fi\/uuninpankkopoikasakutimonen\/api\/wp\/v2\/media?parent=28432"}],"wp:term":[{"taxonomy":"category","embeddable":true,"href":"https:\/\/blogit.apu.fi\/uuninpankkopoikasakutimonen\/api\/wp\/v2\/categories?post=28432"},{"taxonomy":"post_tag","embeddable":true,"href":"https:\/\/blogit.apu.fi\/uuninpankkopoikasakutimonen\/api\/wp\/v2\/tags?post=28432"}],"curies":[{"name":"wp","href":"https:\/\/api.w.org\/{rel}","templated":true}]}}