{"id":28658,"date":"2019-03-29T07:27:35","date_gmt":"2019-03-29T05:27:35","guid":{"rendered":"http:\/\/blogit.apu.fi\/uuninpankkopoikasakutimonen\/?p=28658"},"modified":"2019-03-29T13:54:17","modified_gmt":"2019-03-29T11:54:17","slug":"ihan-eri-asia-3","status":"publish","type":"post","link":"https:\/\/blogit.apu.fi\/uuninpankkopoikasakutimonen\/2019\/03\/29\/ihan-eri-asia-3\/","title":{"rendered":"Ihan eri asia"},"content":{"rendered":"<p>Kun poliisi joulu- ja tammikuussa ilmoitti Oulussa tutkittavana olevista alaik\u00e4isten raiskauksista ja ep\u00e4iltyin\u00e4 olevista ulkomaalaisista, niin kansa pillastui ihan maan hallitusta my\u00f6ten. Hallitus j\u00e4rjesti h\u00e4t\u00e4kokouksen viranomaisten kanssa ja lakeja luvattiin tiukentaa. Lehtien kolumnistit ja ennen kaikkea somekansa suorastaan herkuttelivat vahingonilolla, koska ep\u00e4illyt olivat ulkomaalaisia. Syyllisiksi l\u00f6ydettin hyvin nopeasti uskonto, kulttuuri, ulkomaalaislains\u00e4\u00e4d\u00e4nn\u00f6n ja viranomaisten lepsuus sek\u00e4 ennen kaikkea sinisilm\u00e4iset suvakit, jotka suorastaan tilasivat t\u00e4t\u00e4.<\/p>\n<p>Kun KRP kertoi vuosia toimineen pedofiili- ja lapsipornoringin esitutkinnan p\u00e4\u00e4ttymisest\u00e4, niin tavallista uutisointia lukuunottamatta vallitsee hiljaisuus. Hallitus ja muut politikot ovat hiljaa, kolumnistit ovat hiljaa ja somekansa on hiljaa. Kaikki my\u00f6nt\u00e4v\u00e4t, ett\u00e4 rikos on ihan kauhea, mutta siin\u00e4 kaikki. Tammikuussa monta p\u00e4iv\u00e4\u00e4 somessa meuhkanneet jakavat kuvia kissastaan.<\/p>\n<p>Hirveiden rikosten t\u00f6rkeyden ja annettavien rangaistusten m\u00e4\u00e4ritteleminen kuuluukin tuomioistuimelle siin\u00e4 miss\u00e4 tuomitseminen yleens\u00e4kin, mutta median ja sosiaalisen median hiljaisuus koskee ihan korviin. Ei ollakaan julistamassa kollektiivista syyllisyytt\u00e4 eik\u00e4 uskonnon pahuutta, ei voidakaan laajentaa syyllisyytt\u00e4 asiaan mitenk\u00e4\u00e4n liittym\u00e4tt\u00f6miin ihmisiin.<\/p>\n<p>Nyt ymm\u00e4rret\u00e4\u00e4n se, mit\u00e4 min\u00e4 yritin selitt\u00e4\u00e4 jo\u00a0 tammikuussa: ei ole olemassa\u00a0<a href=\"https:\/\/blogit.apu.fi\/uuninpankkopoikasakutimonen\/2019\/01\/13\/oikeusvaltio-koetuksella\/\" target=\"_blank\" rel=\"noopener\">kollektiivista syyllisyytt\u00e4<\/a>.\u00a0Rikoksista ovat vastuussa vain tekij\u00e4t, eiv\u00e4t koskaan muut. Syytetyn penkille ei voida asettaa kulttuuria, uskontoa, tekij\u00e4n sukulaisia, tuttavia eik\u00e4 naapureita. Jos voitaisiin, niin nyt pit\u00e4isi syytt\u00e4\u00e4 kaikkien suomalaisten miesten lis\u00e4ksi my\u00f6s valtauskontoa, koska p\u00e4\u00e4tekij\u00e4ksi ep\u00e4ilty on toiminut seurakunnallisissa teht\u00e4viss\u00e4.<\/p>\n<p>Tai oikestaan en usko, ett\u00e4 kollektiivisen syyllisyyden mahdottomuus on ymm\u00e4rretty kovin syv\u00e4llisesti. Asia ei nyt vain kiinnosta ket\u00e4\u00e4n, koska siit\u00e4 ei saada aikaan mahtavia otsikoita ja joukkohysteriaa. Siit\u00e4 ei saada aikaan laumareaktiota, jolla puolustetaan omia vierailta. Siit\u00e4 ei saada poliittisia pisteit\u00e4 eik\u00e4 sen varjolla pysty ratsastamaan maineeseen lasten puolustajana. Tekij\u00e4t ovat tiedossa ja esitutkinta on p\u00e4\u00e4ttynyt.<\/p>\n<p>Palataan asiaan sitten, kun joku ulkomaalainen, mieluiten turvapaikanhakija, syyllistyy rikokseen. Sitten voidaan taas ottaa soihdut ja talikot esille.<\/p>\n<p>&nbsp;<\/p>\n<p>&nbsp;<\/p>\n","protected":false},"excerpt":{"rendered":"<p>Kun poliisi joulu- ja tammikuussa ilmoitti Oulussa tutkittavana olevista alaik\u00e4isten raiskauksista ja&hellip;<\/p>\n","protected":false},"author":62,"featured_media":25962,"comment_status":"closed","ping_status":"open","sticky":false,"template":"","format":"standard","meta":{"footnotes":""},"categories":[88,5],"tags":[6649,6772,4379],"acf":[],"platta":{"numLikes":2,"numComments":27,"category":"puheenaiheet","themes":["yhteiskunta"],"commercial_partner":null,"thumbnail":"https:\/\/blogit-cdn.a-lehdet.fi\/uploads\/sites\/64\/2018\/08\/uuninpankkopoika.jpg","blog_id":64},"jetpack_featured_media_url":"https:\/\/blogit-cdn.a-lehdet.fi\/uploads\/sites\/64\/2018\/08\/uuninpankkopoika.jpg","_links":{"self":[{"href":"https:\/\/blogit.apu.fi\/uuninpankkopoikasakutimonen\/api\/wp\/v2\/posts\/28658"}],"collection":[{"href":"https:\/\/blogit.apu.fi\/uuninpankkopoikasakutimonen\/api\/wp\/v2\/posts"}],"about":[{"href":"https:\/\/blogit.apu.fi\/uuninpankkopoikasakutimonen\/api\/wp\/v2\/types\/post"}],"author":[{"embeddable":true,"href":"https:\/\/blogit.apu.fi\/uuninpankkopoikasakutimonen\/api\/wp\/v2\/users\/62"}],"replies":[{"embeddable":true,"href":"https:\/\/blogit.apu.fi\/uuninpankkopoikasakutimonen\/api\/wp\/v2\/comments?post=28658"}],"version-history":[{"count":10,"href":"https:\/\/blogit.apu.fi\/uuninpankkopoikasakutimonen\/api\/wp\/v2\/posts\/28658\/revisions"}],"predecessor-version":[{"id":28680,"href":"https:\/\/blogit.apu.fi\/uuninpankkopoikasakutimonen\/api\/wp\/v2\/posts\/28658\/revisions\/28680"}],"wp:featuredmedia":[{"embeddable":true,"href":"https:\/\/blogit.apu.fi\/uuninpankkopoikasakutimonen\/api\/wp\/v2\/media\/25962"}],"wp:attachment":[{"href":"https:\/\/blogit.apu.fi\/uuninpankkopoikasakutimonen\/api\/wp\/v2\/media?parent=28658"}],"wp:term":[{"taxonomy":"category","embeddable":true,"href":"https:\/\/blogit.apu.fi\/uuninpankkopoikasakutimonen\/api\/wp\/v2\/categories?post=28658"},{"taxonomy":"post_tag","embeddable":true,"href":"https:\/\/blogit.apu.fi\/uuninpankkopoikasakutimonen\/api\/wp\/v2\/tags?post=28658"}],"curies":[{"name":"wp","href":"https:\/\/api.w.org\/{rel}","templated":true}]}}