{"id":29005,"date":"2019-04-29T21:50:30","date_gmt":"2019-04-29T18:50:30","guid":{"rendered":"http:\/\/blogit.apu.fi\/uuninpankkopoikasakutimonen\/?p=29005"},"modified":"2019-04-29T22:01:39","modified_gmt":"2019-04-29T19:01:39","slug":"yleison-pyynnosta","status":"publish","type":"post","link":"https:\/\/blogit.apu.fi\/uuninpankkopoikasakutimonen\/2019\/04\/29\/yleison-pyynnosta\/","title":{"rendered":"Yleis\u00f6n pyynn\u00f6st\u00e4"},"content":{"rendered":"<p>Suunnilleen viikon ajan ovat sinnikk\u00e4\u00e4t kommentoijat ilkkuvaan s\u00e4vyyn vaatineet minua k\u00e4sittelem\u00e4\u00e4n kansanedustaja Hussein al-Taeen vanhoja somekirjoituksia. Kommentteja tungetaan jatkuvalla sy\u00f6t\u00f6ll\u00e4 joka ikiseen juttuun, vaikka ne eiv\u00e4t mitenk\u00e4\u00e4n liity aiheeseen. Jostain syyst\u00e4 blogiani k\u00e4yte\u00e4\u00e4n yleisesti likasankona. Olen jo\u00a0<a href=\"https:\/\/blogit.apu.fi\/uuninpankkopoikasakutimonen\/2019\/04\/21\/palautetta-lukijoille\/\" target=\"_blank\" rel=\"noopener\">kertaalleen k\u00e4sitellyt asiaa<\/a>, mutta sanotaan se toisen kerran. Rupean ruotimaan al-Taeen vanhoja somekirjoituksia yksityiskohtaisesti heti, kun al-Taee on tuomittu niist\u00e4 KKO:ssa, mutta ei sittenk\u00e4\u00e4n sanoudu niist\u00e4 irti, ei kadu mit\u00e4\u00e4n eik\u00e4 pyyd\u00e4 anteeksi. Samat s\u00e4\u00e4nn\u00f6t kaikille.<\/p>\n<p>Kirjoitukset ovat rasistisia ja homovastaisia, enk\u00e4 min\u00e4 niit\u00e4 hyv\u00e4ksy, saati ett\u00e4 olisin niit\u00e4 puolustamassa. Jotenkin nyt vain tuntuu silt\u00e4, ett\u00e4 juuri perussuomalaisten kannattajat ovat innokkaimpina vaatimassa a-Taeen p\u00e4\u00e4t\u00e4 vadille. Edes julkinen katuminen ja lukuisat anteeksipyynn\u00f6t eiv\u00e4t tunnu riitt\u00e4v\u00e4n, vaan ihan yleisesti vaaditaan al-Taeen eroa kansanedustajan teht\u00e4v\u00e4st\u00e4. T\u00e4t\u00e4 ihmettelin v\u00e4h\u00e4n, kunnes joku kommentoija lipsautti siihen todellisen syyn. H\u00e4nen mukaansa SDP ei sitten en\u00e4\u00e4 olisi suurin puolue, vaan hallituksen muodostaminen siirtyisi Jussi Halla-ahon teht\u00e4v\u00e4ksi.<\/p>\n<p>N\u00e4in v\u00e4h\u00e4ll\u00e4 tiedolla ja paljolla toiveajattelulla ollaan siis liikkeell\u00e4. Jos al-Taee pyyt\u00e4\u00e4 eroa ja eduskunta sen h\u00e4nelle my\u00f6nt\u00e4\u00e4, niin eduskuntaan nousee tietenkin saman vaalipiirin ensimm\u00e4inen SDP:n varaedustaja. Ei yhden edustajan ero mit\u00e4t\u00f6i h\u00e4nen saamiaan \u00e4\u00e4ni\u00e4 eik\u00e4 muuta puolueiden voimasuhteita.<\/p>\n<p>Pit\u00e4isik\u00f6 al-Taeen sitten pyyt\u00e4\u00e4 eroa? Se on kokonaan h\u00e4nen ja h\u00e4nen eduskuntaryhm\u00e4ns\u00e4 v\u00e4linen asia. Minulla ei ole siihen mit\u00e4\u00e4n sananvaltaa eik\u00e4 edes varsinaista mielipidett\u00e4, joten ihan turha sit\u00e4 minulta on tivata. Jos h\u00e4n pyyt\u00e4\u00e4 eroa, niin se my\u00f6nnett\u00e4k\u00f6\u00f6n eduskunnan p\u00e4\u00e4t\u00f6ksell\u00e4. Jos ei pyyd\u00e4, niin sitten h\u00e4n istuu eduskunnassa. Muistelen h\u00e4m\u00e4r\u00e4sti joskus kuulleeni sellaisista asioista kuin katumus, anteeksipyynt\u00f6 ja anteeksianto, mutta kaikki ilmeisesti eiv\u00e4t ole. Lis\u00e4ksi t\u00e4ss\u00e4kin pit\u00e4\u00e4 olla samat s\u00e4\u00e4nn\u00f6t kaikille.<\/p>\n<p>Noin yleisemminkin minulta on ihan turha tivata perusteluja SDP:n toimintaan ja p\u00e4\u00e4t\u00f6ksiin. Min\u00e4 kun en laadi niit\u00e4 linjauksia enk\u00e4 ilmeisist\u00e4 luuloista huolimatta ole my\u00f6sk\u00e4\u00e4n niiden selitt\u00e4j\u00e4. Kysyk\u00e4\u00e4 puoluetoimistosta, jos jokin asia askarruttaa.<\/p>\n<p>Olen muuten odotellut median kiinnostuvan a-Taeen vanhojen kirjoitusten esille kaivajasta ja h\u00e4nen motiiveistaan. Ehk\u00e4 sekin aika tulee, kunhan yleis\u00f6 on saatu kyll\u00e4stym\u00e4\u00e4n al-Taeen jahtaamiseen tai h\u00e4net on saatu pois eduskunnasta.<\/p>\n<p>Min\u00e4 olen nyt puhunut, ja t\u00e4ss\u00e4 blogissa asiaan palataan ehk\u00e4 sitten, jos aihetta ilmenee. T\u00e4t\u00e4 juttua ei voi kommentoida, koska ilmeisesti liian moni on aloittanut vapun etuajassa.<\/p>\n","protected":false},"excerpt":{"rendered":"<p>Suunnilleen viikon ajan ovat sinnikk\u00e4\u00e4t kommentoijat ilkkuvaan s\u00e4vyyn vaatineet minua k\u00e4sittelem\u00e4\u00e4n kansanedustaja&hellip;<\/p>\n","protected":false},"author":62,"featured_media":25962,"comment_status":"closed","ping_status":"closed","sticky":false,"template":"","format":"standard","meta":{"footnotes":""},"categories":[438,3592,5],"tags":[4709,1283,834,865,2721],"acf":[],"platta":{"numLikes":3,"numComments":0,"category":"puheenaiheet","themes":["politiikka"],"commercial_partner":null,"thumbnail":"https:\/\/blogit-cdn.a-lehdet.fi\/uploads\/sites\/64\/2018\/08\/uuninpankkopoika.jpg","blog_id":64},"jetpack_featured_media_url":"https:\/\/blogit-cdn.a-lehdet.fi\/uploads\/sites\/64\/2018\/08\/uuninpankkopoika.jpg","_links":{"self":[{"href":"https:\/\/blogit.apu.fi\/uuninpankkopoikasakutimonen\/api\/wp\/v2\/posts\/29005"}],"collection":[{"href":"https:\/\/blogit.apu.fi\/uuninpankkopoikasakutimonen\/api\/wp\/v2\/posts"}],"about":[{"href":"https:\/\/blogit.apu.fi\/uuninpankkopoikasakutimonen\/api\/wp\/v2\/types\/post"}],"author":[{"embeddable":true,"href":"https:\/\/blogit.apu.fi\/uuninpankkopoikasakutimonen\/api\/wp\/v2\/users\/62"}],"replies":[{"embeddable":true,"href":"https:\/\/blogit.apu.fi\/uuninpankkopoikasakutimonen\/api\/wp\/v2\/comments?post=29005"}],"version-history":[{"count":8,"href":"https:\/\/blogit.apu.fi\/uuninpankkopoikasakutimonen\/api\/wp\/v2\/posts\/29005\/revisions"}],"predecessor-version":[{"id":29014,"href":"https:\/\/blogit.apu.fi\/uuninpankkopoikasakutimonen\/api\/wp\/v2\/posts\/29005\/revisions\/29014"}],"wp:featuredmedia":[{"embeddable":true,"href":"https:\/\/blogit.apu.fi\/uuninpankkopoikasakutimonen\/api\/wp\/v2\/media\/25962"}],"wp:attachment":[{"href":"https:\/\/blogit.apu.fi\/uuninpankkopoikasakutimonen\/api\/wp\/v2\/media?parent=29005"}],"wp:term":[{"taxonomy":"category","embeddable":true,"href":"https:\/\/blogit.apu.fi\/uuninpankkopoikasakutimonen\/api\/wp\/v2\/categories?post=29005"},{"taxonomy":"post_tag","embeddable":true,"href":"https:\/\/blogit.apu.fi\/uuninpankkopoikasakutimonen\/api\/wp\/v2\/tags?post=29005"}],"curies":[{"name":"wp","href":"https:\/\/api.w.org\/{rel}","templated":true}]}}