{"id":30985,"date":"2019-11-11T09:41:58","date_gmt":"2019-11-11T07:41:58","guid":{"rendered":"http:\/\/blogit.apu.fi\/uuninpankkopoikasakutimonen\/?p=30985"},"modified":"2019-11-11T09:45:22","modified_gmt":"2019-11-11T07:45:22","slug":"naista-asioista-ei-puhuta","status":"publish","type":"post","link":"https:\/\/blogit.apu.fi\/uuninpankkopoikasakutimonen\/2019\/11\/11\/naista-asioista-ei-puhuta\/","title":{"rendered":"N\u00e4ist\u00e4 asioista ei puhuta"},"content":{"rendered":"<p><em>\u2013 Meid\u00e4n kaupungin omalle kaupunginvaltuutetulle ilmoitetaan, ett\u00e4 voitko sin\u00e4 muuttaa tuon naamasi v\u00e4rin. M\u00e4 en ole ikin\u00e4 kuullut sellaista ihan suoraan sanottuna.<\/em><\/p>\n<p>N\u00e4in sanoi vantaalainen kaupunginvaltuutettu\u00a0<a rel=\"nofollow\" href=\"https:\/\/yle.fi\/uutiset\/3-11061641?fbclid=IwAR2V9d0L3nO9RP4iawWt6GRyQ2NeIp7kMayDCGj5AUFJGfJ8j1JT2VkNSm0\" target=\"_blank\" rel=\"noreferrer noopener\">Ylen uutisessa<\/a>, jossa puhutaan otsikkoa my\u00f6ten ulkomaalaisvastaisuuden kasvusta yhdess\u00e4 perussuomalaisten kannatuksen nousun kanssa. Jostain syyst\u00e4 edes n\u00e4in selv\u00e4\u00e4 rasismia ei sanota rasismiksi, vaan ulkomaalaisvastaisuudeksi. Uutisoinnissa on vallalla outo h\u00e4veli\u00e4isyys, joka est\u00e4\u00e4 puhumasta asioista niiden oikeilla nimill\u00e4.<\/p>\n<p>Syyn\u00e4 on perussuomalaisten kannatuksen kasvu, joka ei perustu pelk\u00e4st\u00e4\u00e4n ulkomaalaisvastaisuuteen ja rasismiin. Kuten tutkija Emilia Palonen samassa jutussa sanoo, niin perussuomalaisiin kanavoituukin nyt kaikenlainen tyytym\u00e4tt\u00f6myys esimerkiksi ilmastopolitiikkaan, muihin puolueisiin, el\u00e4kel\u00e4isten asemaan, sosiaaliturvaan ja sairaanhoitoon. Jostain syyst\u00e4 yh\u00e4 useammat kansalaiset asettavat toivonsa perussuomalaisiin, joiden kuvitellaan korjaavan kaikki ep\u00e4kohdat. Se on sin\u00e4ns\u00e4 kummallista, sill\u00e4 puolueelta ei ole kuulunut esityksi\u00e4 mist\u00e4\u00e4n muusta kuin maahanmuuton rajoittamisesta.<\/p>\n<p>Tai on sent\u00e4\u00e4n. Viime viikolla kaksi kansanryhm\u00e4\u00e4 vastaan kiihottamisesta esitutkinnassa olevaa kansanedustajaa vaati kyseisen lainkohdan kumoamista. He siis ajavat eduskunnassa omaa asiaansa.<\/p>\n<p>He eiv\u00e4t edes tule onnistumaan, sill\u00e4 kansanryhm\u00e4\u00e4 vastaan kiihottaminen on rikoslaissa kansainv\u00e4listen sopimusten velvoittamana. Sen poistamiseksi laista pit\u00e4isi ensin sanoutua irti YK:n rotusyrjint\u00e4sopimuksesta,\u00a0YK:n kansalaisoikeuksia ja poliittisia oikeuksia koskevasta yleis\u00adsopimuksesta ja joukko\u00adtuhontana pidett\u00e4v\u00e4n rikoksen ehk\u00e4isemist\u00e4\u00a0 ja rankaisemista koskevasta yleis\u00adsopimuksesta. Lis\u00e4ksi pit\u00e4isi sivuuttaa Euroopan ihmisoikeussopimus, joka sananvapauden takaamisen lis\u00e4ksi velvoittaa my\u00f6s rajoittamaan sananvapautta silloin, kun se on\u00a0v\u00e4ltt\u00e4m\u00e4t\u00f6nt\u00e4 demokraattisessa yhteiskunnassa kansallisen turvallisuuden, alueellisen koskemattomuuden tai yleisen turvallisuuden vuoksi. N\u00e4in kertovat maan\u00a0<a rel=\"nofollow\" href=\"https:\/\/www.hs.fi\/politiikka\/art-2000006302291.html?fbclid=IwAR0j2H8jrWm3YR3Ft7xSbDO1qGJ4D2ySkawPFXOhPIBmX8OR2taiZxhQds4\" target=\"_blank\" rel=\"noreferrer noopener\">johtavat oikeustieteilij\u00e4t<\/a>.<\/p>\n<p>Vaatimukset lainkohdan kumoamiseksi ovat siis mahdottomia toteuttaa, mutta se ei nykyisin merkitse mit\u00e4\u00e4n. Mit\u00e4\u00e4n ei merkitse my\u00f6sk\u00e4\u00e4n se, ett\u00e4 ei kaikenlaisen vihapuheen sallimisella paranneta yhteiskuntaa. Puhetta tulee entiseen tapaan ja \u00e4\u00e4nenpainot kovenevat. Kuten tutkija Ylen uutisessa sanoo, niin kannatuksen nousu on voimaannuttanut puolueaktiiveja, jotka sitten puhuvat avoimesti ja ik\u00e4\u00e4n kuin aidosti sit\u00e4, mit\u00e4 he ajattelevat. Suomeksi sit\u00e4 sanotaan uhoamiseksi, ja siit\u00e4 uhosta nousee avoin rasismi, jota neutraaliin pyrkiv\u00e4 uutisointi sanoo ulkomaalaisvastaisuudeksi.<\/p>\n<p>Kun perussuomalaisten kannatus nousee, niin muut puolueet yritt\u00e4v\u00e4t samoille apajille. Se n\u00e4htiin poikkeuksellisen selv\u00e4sti viikonlopun\u00a0<a href=\"https:\/\/blogit.apu.fi\/uuninpankkopoikasakutimonen\/2019\/11\/10\/pyha-yksinkertaisuus-2\/\" target=\"_blank\" rel=\"noreferrer noopener\">joulujuhlakeskustelussa<\/a>, jossa moni poliitikko munasi itsens\u00e4. Heid\u00e4n uskottavuutensa karisee t\u00e4llaisella h\u00e4tik\u00f6innill\u00e4, mutta perussuomalaisten ei karise koskaan. He nimitt\u00e4in eiv\u00e4t piittaa siit\u00e4, ett\u00e4 heid\u00e4n puheidensa virheellisyys n\u00e4ytet\u00e4\u00e4n toteen. He joko jatkavat samasta aiheesta tai jostain ihan muusta t\u00e4ysill\u00e4 luottaen siihen, ett\u00e4 huomenna t\u00e4m\u00e4n p\u00e4iv\u00e4n munausta ei muista en\u00e4\u00e4 kukaan ja jos muistaakin, niin siit\u00e4 voi syytt\u00e4\u00e4 median v\u00e4\u00e4ristely\u00e4 ja punavihreit\u00e4.<\/p>\n<p>Muut puolueet erehtyv\u00e4t keinon valinnassa, sill\u00e4 ei kukaan kannata perussuomalaisten kevytt\u00e4 versiota, kun tarjolla on aitokin.<\/p>\n<p>Media on suurelta osin vastuussa yleisen ilmapiirin muuttumisesta. Journalismi on liian usein\u00a0<a rel=\"nofollow\" href=\"https:\/\/yle.fi\/uutiset\/3-11060656?fbclid=IwAR0mQI1JGnkdwtdRBhZBE74wL3HuM_mLI6rLQ9JEdMad7maoEuQSGwoR6eU\" target=\"_blank\" rel=\"noreferrer noopener\">l\u00f6yh\u00e4p\u00e4ist\u00e4 ja l\u00f6ys\u00e4\u00e4<\/a>, kun uutisia rustataan somekeskustelujen perusteella. Tehd\u00e4\u00e4n uutisia siit\u00e4, mist\u00e4 niit\u00e4 helposti saadaan tehty\u00e4 sen sijaan ett\u00e4 mietitt\u00e4isiin uutisten yhteiskunnallista merkityst\u00e4 ja kerrottaisiin niiden taustoja.<\/p>\n<p>Mihin min\u00e4 t\u00e4ll\u00e4 jutullani pyrin? En tied\u00e4 itsek\u00e4\u00e4n, ehk\u00e4 halusin vain kertoa, ett\u00e4 maan ilmapiiri on muuttunut ik\u00e4v\u00e4ksi, eik\u00e4 paluuta entiseen n\u00e4yt\u00e4 olevan. Otsikkokaan ei pid\u00e4 paikkaansa, sill\u00e4 kyll\u00e4h\u00e4n n\u00e4ist\u00e4 asioista puhutaan. Kukaan vain ei kuuntele.<\/p>\n<p>***<br \/>\nT\u00e4m\u00e4n jutun j\u00e4rjestysnumero on 3 000. Sen kunniaksi pid\u00e4n vapaap\u00e4iv\u00e4n moderoinnista ja suljen kommentoinnin.<\/p>\n","protected":false},"excerpt":{"rendered":"<p>\u2013 Meid\u00e4n kaupungin omalle kaupunginvaltuutetulle ilmoitetaan, ett\u00e4 voitko sin\u00e4 muuttaa tuon naamasi&hellip;<\/p>\n","protected":false},"author":62,"featured_media":25962,"comment_status":"closed","ping_status":"open","sticky":false,"template":"","format":"standard","meta":{"footnotes":""},"categories":[1],"tags":[6706,2920,520,156,7027,1275],"acf":[],"platta":{"numLikes":230,"numComments":0,"category":"puheenaiheet","themes":["yhteiskunta","politiikka"],"commercial_partner":null,"thumbnail":"https:\/\/blogit-cdn.a-lehdet.fi\/uploads\/sites\/64\/2018\/08\/uuninpankkopoika.jpg","blog_id":64},"jetpack_featured_media_url":"https:\/\/blogit-cdn.a-lehdet.fi\/uploads\/sites\/64\/2018\/08\/uuninpankkopoika.jpg","_links":{"self":[{"href":"https:\/\/blogit.apu.fi\/uuninpankkopoikasakutimonen\/api\/wp\/v2\/posts\/30985"}],"collection":[{"href":"https:\/\/blogit.apu.fi\/uuninpankkopoikasakutimonen\/api\/wp\/v2\/posts"}],"about":[{"href":"https:\/\/blogit.apu.fi\/uuninpankkopoikasakutimonen\/api\/wp\/v2\/types\/post"}],"author":[{"embeddable":true,"href":"https:\/\/blogit.apu.fi\/uuninpankkopoikasakutimonen\/api\/wp\/v2\/users\/62"}],"replies":[{"embeddable":true,"href":"https:\/\/blogit.apu.fi\/uuninpankkopoikasakutimonen\/api\/wp\/v2\/comments?post=30985"}],"version-history":[{"count":7,"href":"https:\/\/blogit.apu.fi\/uuninpankkopoikasakutimonen\/api\/wp\/v2\/posts\/30985\/revisions"}],"predecessor-version":[{"id":30992,"href":"https:\/\/blogit.apu.fi\/uuninpankkopoikasakutimonen\/api\/wp\/v2\/posts\/30985\/revisions\/30992"}],"wp:featuredmedia":[{"embeddable":true,"href":"https:\/\/blogit.apu.fi\/uuninpankkopoikasakutimonen\/api\/wp\/v2\/media\/25962"}],"wp:attachment":[{"href":"https:\/\/blogit.apu.fi\/uuninpankkopoikasakutimonen\/api\/wp\/v2\/media?parent=30985"}],"wp:term":[{"taxonomy":"category","embeddable":true,"href":"https:\/\/blogit.apu.fi\/uuninpankkopoikasakutimonen\/api\/wp\/v2\/categories?post=30985"},{"taxonomy":"post_tag","embeddable":true,"href":"https:\/\/blogit.apu.fi\/uuninpankkopoikasakutimonen\/api\/wp\/v2\/tags?post=30985"}],"curies":[{"name":"wp","href":"https:\/\/api.w.org\/{rel}","templated":true}]}}