{"id":31719,"date":"2020-01-17T08:27:52","date_gmt":"2020-01-17T06:27:52","guid":{"rendered":"http:\/\/blogit.apu.fi\/uuninpankkopoikasakutimonen\/?p=31719"},"modified":"2020-01-17T08:58:28","modified_gmt":"2020-01-17T06:58:28","slug":"mika-aktiivimalli-kakkonen","status":"publish","type":"post","link":"https:\/\/blogit.apu.fi\/uuninpankkopoikasakutimonen\/2020\/01\/17\/mika-aktiivimalli-kakkonen\/","title":{"rendered":"Mik\u00e4 aktiivimalli kakkonen?"},"content":{"rendered":"<p><em>-Nyt kun demarit ovat hallituksessa, niin saadaan aktiivimallillekin siunaus.<\/em><\/p>\n<p>T\u00e4llainen kommentti laitettiin eilen illalla sivulleni saatteeksi\u00a0<a rel=\"nofollow\" href=\"https:\/\/www.iltalehti.fi\/politiikka\/a\/ded0f6e9-5fe1-4c42-95c1-d53572bd9fcb?fbclid=IwAR1LYrVCsFUF4BJyCIsFOlp4FvBYIruyJFVYdaBYhM8o2UHMc-1dYv_l7D8\" target=\"_blank\" rel=\"noreferrer noopener\">t\u00e4lle Iltalehden tarinalle<\/a>. Kielt\u00e4ydyn sanomasta sit\u00e4 uutiseksi, sill\u00e4 sellainen se ei ole. Se n\u00e4ytt\u00e4\u00e4 olevan EK:n tarjoama tai kirjoittama juttu. Sen otsikko ja alkuosa ovat silkkaa puppua, ja oikea asia l\u00f6ytyy vasta tarkkaan lukemalla.<\/p>\n<p>Jutun alkuosan mukaan Marinin hallitus suunnittelee aktiivimalli kakkosta tai yksil\u00f6llisen ty\u00f6nhaun mallia, jonka tarkoitus on leikata ty\u00f6tt\u00f6myysturvaa. Siin\u00e4 ty\u00f6tt\u00f6m\u00e4ksi j\u00e4\u00e4neelle laadittaisiin henkil\u00f6kohtainen ty\u00f6llistymissuunnitelma.\u00a0Ty\u00f6tt\u00f6m\u00e4ll\u00e4 olisi velvoite hakea tietty\u00e4 m\u00e4\u00e4r\u00e4\u00e4 avoimia ty\u00f6paikkoja ja paikallisen TE-toimiston h\u00e4nen haettavikseen osoittamia avoimia ty\u00f6paikkoja. Mallin yksityiskohdat ovat viel\u00e4 p\u00e4\u00e4tt\u00e4m\u00e4tt\u00e4.<\/p>\n<p>Takuulla ovat p\u00e4\u00e4tt\u00e4m\u00e4tt\u00e4, sill\u00e4 kyseess\u00e4 ei ole viel\u00e4 hallituksen valmistelussa oleva asia, vaan vasta ty\u00f6markkinaj\u00e4rjest\u00f6jen neuvotteluissa t\u00e4ysin kesken oleva ty\u00f6llist\u00e4miskeinojen etsint\u00e4. Hallitushan antoi keinojen miettimisen ty\u00f6markkinaj\u00e4rjest\u00f6jen teht\u00e4v\u00e4ksi ja antaa niiden pohjalta oman esityksens\u00e4 joskus kev\u00e4\u00e4mm\u00e4ll\u00e4. Nyt Iltalehti antaa ymm\u00e4rt\u00e4\u00e4 hallituksen jo t\u00e4ytt\u00e4 p\u00e4\u00e4t\u00e4 suunnittelevan toimia suoraan EK:n esitysten pohjalta, vaikka SAK on t\u00e4ysin eri linjoilla leikkausten suhteen.<\/p>\n<p>Iltalehti kutsuu keskener\u00e4isist\u00e4 ty\u00f6markkinaj\u00e4rjest\u00f6jen pohdiskeluista saamiaan tietoja aktiivimalli kakkoseksi, jotta hallitus n\u00e4ytt\u00e4isi oikein rumalta ja syntyisi ik\u00e4vi\u00e4 mielleyhtymi\u00e4. H\u00e4t\u00e4isimpiin lukijoihin se meni t\u00e4ydest\u00e4, kuten oli tarkoituskin. N\u00e4in Marinin hallitus saadaan n\u00e4ytt\u00e4m\u00e4\u00e4n ty\u00f6tt\u00f6mi\u00e4 kurittavalta, vaikka se ei ole tehnyt viel\u00e4 mink\u00e4\u00e4nlaisia esityksi\u00e4.<\/p>\n<p>Mit\u00e4 itse asiaan tulee, niin edes Sipil\u00e4n hallitus ei ollut niin tyhm\u00e4, ett\u00e4 olisi\u00a0edellytt\u00e4nyt tietty\u00e4 m\u00e4\u00e4r\u00e4\u00e4 ty\u00f6hakemuksia ja niist\u00e4 raportoimista, joten ei ole uskottavaa, ett\u00e4 Marinin hallitus aikoisi sellaista esitt\u00e4\u00e4. Yksil\u00f6llist\u00e4 ty\u00f6llistymissuunnitelmaa on jo nyt noudatettava ja TE-toimiston m\u00e4\u00e4r\u00e4\u00e4mi\u00e4 ty\u00f6paikkoja on jo nyt haettava karenssin uhalla. Mit\u00e4\u00e4n varsinaista muutosta ei n\u00e4yt\u00e4 olevan tulossa, mutta t\u00e4t\u00e4 jo nyt voimassa olevaa yksil\u00f6llisen ty\u00f6nhaun mallia ep\u00e4ilem\u00e4tt\u00e4 tullaan kehitt\u00e4m\u00e4\u00e4n. EK ajaa voimakkaasti leikkausten keppilinjaa, mutta SAK ei sit\u00e4 hyv\u00e4ksy.<\/p>\n<p>Mit\u00e4\u00e4n esityst\u00e4 ei siis viel\u00e4 ole, joten Iltalehden &#8220;uutinen&#8221; n\u00e4ytt\u00e4\u00e4 perustuvan EK:n linjaan. Otsikolla ja jutun alulla asetetaan hallitus vastuuseen sellaisesta, mit\u00e4 se ei ole esitt\u00e4nyt eik\u00e4 todenn\u00e4k\u00f6isesti tule esitt\u00e4m\u00e4\u00e4nk\u00e4\u00e4n. Pelk\u00e4st\u00e4\u00e4n otsikon ja jutun alun lukeviin tehd\u00e4\u00e4n haluttu vaikutus, kuten jo illalla n\u00e4htiin vaikkapa Iltalehden\u00a0<a rel=\"nofollow\" href=\"https:\/\/www.facebook.com\/Iltalehti.fi\/posts\/10158031946222430?__tn__=-R\" target=\"_blank\" rel=\"noreferrer noopener\">Facebook-sivulla<\/a>. Siell\u00e4 iloitaan t\u00e4m\u00e4n olemattoman aktiivimalli kakkosen tuomasta hallituksen kannatuksen romahduksesta.<\/p>\n<p>N\u00e4in mieli\u00e4 muokataan. Suoraan sanoen alkaa tympi\u00e4 n\u00e4m\u00e4 tarkoitushakuisesti laaditut uutiset, joista asia pit\u00e4\u00e4 seuloa esille tihe\u00e4ll\u00e4 seulalla.<\/p>\n","protected":false},"excerpt":{"rendered":"<p>-Nyt kun demarit ovat hallituksessa, niin saadaan aktiivimallillekin siunaus. T\u00e4llainen kommentti laitettiin&hellip;<\/p>\n","protected":false},"author":62,"featured_media":25962,"comment_status":"open","ping_status":"open","sticky":false,"template":"","format":"standard","meta":{"footnotes":""},"categories":[1],"tags":[6464,252,1207,591,3855,2944,2123,559,7108],"acf":[],"platta":{"numLikes":257,"numComments":77,"category":"puheenaiheet","themes":["yhteiskunta","politiikka"],"commercial_partner":null,"thumbnail":"https:\/\/blogit-cdn.a-lehdet.fi\/uploads\/sites\/64\/2018\/08\/uuninpankkopoika.jpg","blog_id":64},"jetpack_featured_media_url":"https:\/\/blogit-cdn.a-lehdet.fi\/uploads\/sites\/64\/2018\/08\/uuninpankkopoika.jpg","_links":{"self":[{"href":"https:\/\/blogit.apu.fi\/uuninpankkopoikasakutimonen\/api\/wp\/v2\/posts\/31719"}],"collection":[{"href":"https:\/\/blogit.apu.fi\/uuninpankkopoikasakutimonen\/api\/wp\/v2\/posts"}],"about":[{"href":"https:\/\/blogit.apu.fi\/uuninpankkopoikasakutimonen\/api\/wp\/v2\/types\/post"}],"author":[{"embeddable":true,"href":"https:\/\/blogit.apu.fi\/uuninpankkopoikasakutimonen\/api\/wp\/v2\/users\/62"}],"replies":[{"embeddable":true,"href":"https:\/\/blogit.apu.fi\/uuninpankkopoikasakutimonen\/api\/wp\/v2\/comments?post=31719"}],"version-history":[{"count":9,"href":"https:\/\/blogit.apu.fi\/uuninpankkopoikasakutimonen\/api\/wp\/v2\/posts\/31719\/revisions"}],"predecessor-version":[{"id":31728,"href":"https:\/\/blogit.apu.fi\/uuninpankkopoikasakutimonen\/api\/wp\/v2\/posts\/31719\/revisions\/31728"}],"wp:featuredmedia":[{"embeddable":true,"href":"https:\/\/blogit.apu.fi\/uuninpankkopoikasakutimonen\/api\/wp\/v2\/media\/25962"}],"wp:attachment":[{"href":"https:\/\/blogit.apu.fi\/uuninpankkopoikasakutimonen\/api\/wp\/v2\/media?parent=31719"}],"wp:term":[{"taxonomy":"category","embeddable":true,"href":"https:\/\/blogit.apu.fi\/uuninpankkopoikasakutimonen\/api\/wp\/v2\/categories?post=31719"},{"taxonomy":"post_tag","embeddable":true,"href":"https:\/\/blogit.apu.fi\/uuninpankkopoikasakutimonen\/api\/wp\/v2\/tags?post=31719"}],"curies":[{"name":"wp","href":"https:\/\/api.w.org\/{rel}","templated":true}]}}