{"id":34832,"date":"2020-10-15T09:31:35","date_gmt":"2020-10-15T06:31:35","guid":{"rendered":"http:\/\/blogit.apu.fi\/uuninpankkopoikasakutimonen\/?p=34832"},"modified":"2020-10-15T12:07:17","modified_gmt":"2020-10-15T09:07:17","slug":"populismin-suo","status":"publish","type":"post","link":"https:\/\/blogit.apu.fi\/uuninpankkopoikasakutimonen\/2020\/10\/15\/populismin-suo\/","title":{"rendered":"Populismin suo"},"content":{"rendered":"<p>Koronan toinen aalto on tosiasia, mutta meill\u00e4 on menossa maskikeskustelun toinen aalto. Ensimm\u00e4inen n\u00e4htiin kev\u00e4\u00e4ll\u00e4, kun varmuusvarastoissa ei ollutkaan maskeja tarpeeksi ja uusien hankkiminen meni pieleen. Nyt on jo toista viikkoa kinattu siit\u00e4, mit\u00e4 joku kev\u00e4\u00e4ll\u00e4 sanoi tai ei sanonut, ja mit\u00e4 olisi pit\u00e4nyt sanoa. Siis yli puoli vuotta sitten.<\/p>\n<p>Perhe- ja peruspalveluministeri Krista Kiuru sai eilen\u00a0<a rel=\"nofollow\" href=\"https:\/\/yle.fi\/uutiset\/3-11594134\" target=\"_blank\" rel=\"noreferrer noopener\">eduskunnan luottamuksen<\/a>\u00a0selvin numeroin, mutta ilmeisesti t\u00e4m\u00e4 j\u00e4i huomaamatta sek\u00e4 Petteri Orpolta ett\u00e4 Ylen A-studiolta. N\u00e4in p\u00e4\u00e4ttelen siit\u00e4, ett\u00e4 studioon oli kutsuttu per\u00e4ti nelj\u00e4 puoluejohtajaa keskustelemaan niist\u00e4 maskeista ja kev\u00e4\u00e4n sanomisista. Pisteet veiv\u00e4t Sanna Marin ja Annika Saarikko, jotka viel\u00e4 kerran jaksoivat selitt\u00e4\u00e4 asian Petteri Orpolle ja jankuttavalle toimittajalle. Jussi Halla-aho n\u00e4ytti kyll\u00e4styneelt\u00e4 ja toivoi keskustelun siirtyv\u00e4n muihin aiheisiin. En yht\u00e4\u00e4n ihmettele, ja kerrankin olen h\u00e4nen kanssaan samaa mielt\u00e4.<\/p>\n<p>Kun keskustelun olisi kaiken j\u00e4rjen mukaan pit\u00e4nyt loppua eiliseen luottamus\u00e4\u00e4nestykseen, niin THL:n p\u00e4\u00e4johtaja Markku Tervahauta jatkaa h\u00e4mment\u00e4mist\u00e4. Juuri h\u00e4n antoi viime viikolla ymm\u00e4rt\u00e4\u00e4, ett\u00e4 THL:n p\u00e4\u00e4t\u00f6s olla antamatta maskisuositusta perustui poliittiseen ohjaukseen ja ett\u00e4 h\u00e4n itse olisi ollut eri mielt\u00e4. Nyt h\u00e4n kautta rantain antaa taas ymm\u00e4rt\u00e4\u00e4, ett\u00e4 h\u00e4nt\u00e4 oli jotenkin\u00a0<a rel=\"nofollow\" href=\"https:\/\/yle.fi\/uutiset\/3-11595895\" target=\"_blank\" rel=\"noreferrer noopener\">ohjailtu<\/a>. H\u00e4n sanoi Twitteriss\u00e4 arvoituksellisesti, ett\u00e4 lain mukaan p\u00e4\u00e4johtaja p\u00e4\u00e4tt\u00e4\u00e4 laitoksessa asiat, joita ei ole s\u00e4\u00e4detty tai ty\u00f6j\u00e4rjestyksess\u00e4 m\u00e4\u00e4r\u00e4tty laitoksen palveluksessa olevan muun henkil\u00f6n ratkaistavaksi.<\/p>\n<p>T\u00e4st\u00e4 her\u00e4\u00e4 tietysti kysymys, olisiko p\u00e4\u00e4johtaja halunnut antaa suosituksen, mutta STM kielsi.<\/p>\n<p>Kuten tuosta Ylen uutisesta k\u00e4y ilmi, niin p\u00e4\u00e4llikk\u00f6viraston p\u00e4\u00e4johtaja Tervahaudalle kerrottiin p\u00e4\u00e4llikk\u00f6viraston p\u00e4\u00e4t\u00f6ksentekomenettelyst\u00e4. Sanna Marin ja Kirsi Varhila neuvoivat, ett\u00e4 p\u00e4\u00e4llikk\u00f6virastossa p\u00e4\u00e4t\u00f6kset tehd\u00e4\u00e4n aina asiantuntevan valmistelijan esittelyst\u00e4, ja jos p\u00e4\u00e4t\u00f6ksentekij\u00e4 on esittelij\u00e4n kanssa eri mielt\u00e4, niin h\u00e4n voi pyyt\u00e4\u00e4 kantansa mukaista uutta esittely\u00e4. N\u00e4in Tervahauta ei tehnyt. P\u00e4\u00e4t\u00f6ksentekij\u00e4 voi my\u00f6s p\u00e4\u00e4tt\u00e4\u00e4 esittelij\u00e4n kannasta poikkeavalla tavalla, jolloin esittelij\u00e4 voi j\u00e4tt\u00e4\u00e4 eri\u00e4v\u00e4n mielipiteen. N\u00e4ink\u00e4\u00e4n ei tapahtunut.<\/p>\n<p>T\u00e4st\u00e4 saadaan varmaan taas uutta vauhtia keskusteluun, joka kiinnostaa en\u00e4\u00e4 vain Petteri Orpoa ja Ilta-Sanomia. Ehk\u00e4 jo t\u00e4n\u00e4\u00e4n saamme taas lukea politiikan erikoistoimittajan kolumnin, jossa ep\u00e4ill\u00e4\u00e4n p\u00e4\u00e4johtajan joutuneen poliittisen ohjauksen uhriksi. Sitten varmaan asiaan tarttuu taas kerran Ylen ajankohtaistoimitus, joka kutsuu puoluejohtajat tentattavakseen. Maskikeskustelun toinen aalto jyr\u00e4\u00e4 alleen kaiken muun yhteiskunnallisen keskustelun.<\/p>\n<p>Nyt pit\u00e4isi keskustella semmoisista pikkujutuista kuin koronatilanteesta, sotesta, tartuntatautilain p\u00e4ivitt\u00e4misest\u00e4, talouden ja erityisesti kuntatalouden haasteista sek\u00e4 yritysten ongelmista, mutta meill\u00e4 keskustellaan yh\u00e4 vain maskeista ja viime kev\u00e4\u00e4n sanomisista. N\u00e4ytt\u00e4\u00e4 silt\u00e4, ett\u00e4 hallitus saa tehd\u00e4 soten ja kaikki muutkin p\u00e4\u00e4t\u00f6kset ihan rauhassa oppositiolta, kun kokoomus on maskikeskustelulla upottanut itsens\u00e4 populismin suohon.<\/p>\n<p>Se suo on pohjaton, ja ainakin somesta p\u00e4\u00e4tellen kansalaiset alkavat olla totaalisen kyll\u00e4styneit\u00e4 maskikeskustelun toiseen aaltoon. Eiv\u00e4t ihmiset ole niin tyhmi\u00e4 kuin kokoomuksessa tunnutaan ajattelevan.<\/p>\n","protected":false},"excerpt":{"rendered":"<p>Koronan toinen aalto on tosiasia, mutta meill\u00e4 on menossa maskikeskustelun toinen aalto.&hellip;<\/p>\n","protected":false},"author":62,"featured_media":25962,"comment_status":"open","ping_status":"open","sticky":false,"template":"","format":"standard","meta":{"footnotes":""},"categories":[1],"tags":[5964,1283,6544,1088,7507,7421,7508,2826,818],"acf":[],"platta":{"numLikes":418,"numComments":75,"category":"puheenaiheet","themes":["yhteiskunta","politiikka"],"commercial_partner":null,"thumbnail":"https:\/\/blogit-cdn.a-lehdet.fi\/uploads\/sites\/64\/2018\/08\/uuninpankkopoika.jpg","blog_id":64},"jetpack_featured_media_url":"https:\/\/blogit-cdn.a-lehdet.fi\/uploads\/sites\/64\/2018\/08\/uuninpankkopoika.jpg","_links":{"self":[{"href":"https:\/\/blogit.apu.fi\/uuninpankkopoikasakutimonen\/api\/wp\/v2\/posts\/34832"}],"collection":[{"href":"https:\/\/blogit.apu.fi\/uuninpankkopoikasakutimonen\/api\/wp\/v2\/posts"}],"about":[{"href":"https:\/\/blogit.apu.fi\/uuninpankkopoikasakutimonen\/api\/wp\/v2\/types\/post"}],"author":[{"embeddable":true,"href":"https:\/\/blogit.apu.fi\/uuninpankkopoikasakutimonen\/api\/wp\/v2\/users\/62"}],"replies":[{"embeddable":true,"href":"https:\/\/blogit.apu.fi\/uuninpankkopoikasakutimonen\/api\/wp\/v2\/comments?post=34832"}],"version-history":[{"count":10,"href":"https:\/\/blogit.apu.fi\/uuninpankkopoikasakutimonen\/api\/wp\/v2\/posts\/34832\/revisions"}],"predecessor-version":[{"id":34842,"href":"https:\/\/blogit.apu.fi\/uuninpankkopoikasakutimonen\/api\/wp\/v2\/posts\/34832\/revisions\/34842"}],"wp:featuredmedia":[{"embeddable":true,"href":"https:\/\/blogit.apu.fi\/uuninpankkopoikasakutimonen\/api\/wp\/v2\/media\/25962"}],"wp:attachment":[{"href":"https:\/\/blogit.apu.fi\/uuninpankkopoikasakutimonen\/api\/wp\/v2\/media?parent=34832"}],"wp:term":[{"taxonomy":"category","embeddable":true,"href":"https:\/\/blogit.apu.fi\/uuninpankkopoikasakutimonen\/api\/wp\/v2\/categories?post=34832"},{"taxonomy":"post_tag","embeddable":true,"href":"https:\/\/blogit.apu.fi\/uuninpankkopoikasakutimonen\/api\/wp\/v2\/tags?post=34832"}],"curies":[{"name":"wp","href":"https:\/\/api.w.org\/{rel}","templated":true}]}}