{"id":36650,"date":"2021-03-14T10:28:12","date_gmt":"2021-03-14T08:28:12","guid":{"rendered":"http:\/\/blogit.apu.fi\/uuninpankkopoikasakutimonen\/?p=36650"},"modified":"2021-03-15T07:21:33","modified_gmt":"2021-03-15T05:21:33","slug":"toimivallan-tyonjako","status":"publish","type":"post","link":"https:\/\/blogit.apu.fi\/uuninpankkopoikasakutimonen\/2021\/03\/14\/toimivallan-tyonjako\/","title":{"rendered":"Toimivallan ty\u00f6njako"},"content":{"rendered":"<p><em>-Jos hallitus voisi p\u00e4\u00e4tt\u00e4\u00e4 maahantulevien pakkotestauksesta rajalla, se p\u00e4\u00e4t\u00f6s olisi jo tehty.<\/em><\/p>\n<p>N\u00e4m\u00e4 p\u00e4\u00e4ministeri Sanna Marinin eilen\u00a0<a rel=\"nofollow\" href=\"https:\/\/yle.fi\/uutiset\/3-11835329\" target=\"_blank\" rel=\"noreferrer noopener\">Ylen Ykk\u00f6saamussa<\/a>\u00a0lausumat sanat toivoisin kaikkien ymm\u00e4rt\u00e4v\u00e4n. T\u00e4ss\u00e4 lauseessa on tiivistetysti se, mit\u00e4 min\u00e4kin olen yritt\u00e4nyt sanoa jo pari viikkoa. Suomessa maan hallitus ei m\u00e4\u00e4r\u00e4ile toimivaltaisia viranomaisia, vaan ne toimivat itsen\u00e4isesti noudattaen eduskunnan s\u00e4\u00e4t\u00e4mi\u00e4 lakeja. Ne tulkitsevat lakeja itsen\u00e4isesti, joten esimerkiksi ministeri\u00f6n tulkinta ei sido niit\u00e4.<\/p>\n<p>Jos meill\u00e4 olisi monien yh\u00e4 viel\u00e4kin kaipailema &#8221;koronanyrkki&#8221;, niin sill\u00e4 ei olisi toimivaltaa senk\u00e4\u00e4n vertaa kuin maan hallituksella. Sek\u00e4\u00e4n ei pystyisi m\u00e4\u00e4r\u00e4ilem\u00e4\u00e4n itsen\u00e4isesti toimivia viranomaisia eik\u00e4 edes antamaan eduskunnalle lakiesityksi\u00e4.<\/p>\n<p>Varsinkin sosiaalisesta mediasta p\u00e4\u00e4tellen monilla on hyvin hatara k\u00e4sitys eduskunnan, hallituksen, kuntien, aluehallintovirastojen ja muiden toimivaltaisten viranomaisten teht\u00e4vist\u00e4. Kuvitellaan m\u00e4\u00e4r\u00e4ysvallan kaikissa asioissa kulkevan suoraan ylh\u00e4\u00e4lt\u00e4 alas, ja koska maan hallitus johtaa maata, niin juuri sen pit\u00e4isi m\u00e4\u00e4r\u00e4t\u00e4 ihan kaikesta. Ainakin hallitukseen kohdistuvan arvostelun m\u00e4\u00e4r\u00e4st\u00e4 voi p\u00e4\u00e4tell\u00e4 ajattelun menev\u00e4n n\u00e4in yksioikoisesti.<\/p>\n<p>Neuvon taas kerran katsomaan\u00a0<a rel=\"nofollow\" href=\"https:\/\/valtioneuvosto.fi\/tietoa-koronaviruksesta\/rajoitukset-ja-suositukset\" target=\"_blank\" rel=\"noreferrer noopener\">valtioneuvoston verkkosivulta<\/a>\u00a0rajoituksia ja suosituksia eri asioissa antavat viranomaiset. Koska ette kuitenkaan katso, niin laitan kuvan.<\/p>\n<p><img decoding=\"async\" loading=\"lazy\" class=\"alignnone size-full wp-image-36651\" src=\"https:\/\/blogit-cdn.a-lehdet.fi\/uploads\/sites\/64\/2021\/03\/viranom.jpg\" alt=\"\" width=\"667\" height=\"830\" srcset=\"https:\/\/blogit-cdn.a-lehdet.fi\/uploads\/sites\/64\/2021\/03\/viranom.jpg 667w, https:\/\/blogit-cdn.a-lehdet.fi\/uploads\/sites\/64\/2021\/03\/viranom-241x300.jpg 241w\" sizes=\"(max-width: 667px) 100vw, 667px\" \/><\/p>\n<p>T\u00e4m\u00e4n j\u00e4lkeen en halua t\u00e4nne en\u00e4\u00e4 yht\u00e4\u00e4n kommenttia, joiden mukaan hallituksen olisi pit\u00e4nyt sulkea tai avata milloin mit\u00e4kin, m\u00e4\u00e4r\u00e4t\u00e4 maskipakko ja tehd\u00e4 sit\u00e4 sun t\u00e4t\u00e4. Lis\u00e4t\u00e4\u00e4n t\u00e4h\u00e4n viel\u00e4 tartuntatautilain 16 \u00a7, jotta ei j\u00e4\u00e4 ep\u00e4selvyytt\u00e4 jutun alussa mainitusta pakkotestauksesta rajoilla:<\/p>\n<p><em>Aluehallintovirasto voi p\u00e4\u00e4tt\u00e4\u00e4, ett\u00e4 14 ja 15 \u00a7:n mukaiseen terveystarkastukseen osallistuminen on pakollista, jos se on yleisvaarallisen tartuntataudin tai yleisvaaralliseksi perustellusti ep\u00e4illyn tartuntataudin levi\u00e4misen ehk\u00e4isemiseksi v\u00e4ltt\u00e4m\u00e4t\u00f6nt\u00e4.<\/em><\/p>\n<p>14 ja 15 \u00a7 koskevat vapaaehtoisia terveystarkastuksia, jotka aluehallintovirasto 16 \u00a7:n nojalla voi m\u00e4\u00e4r\u00e4t\u00e4 pakollisiksi. Niin ei ole tehty. Syit\u00e4 en tied\u00e4, mutta voin hyvin kuvitella pakollisen testauksen vaikkapa satamissa ja lentokentill\u00e4 vaativan valtavasti resursseja. N\u00e4in suuren p\u00e4\u00e4t\u00f6ksen tekeminen ei ole helppoa, mutta jos vapaaehtoiset toimet eiv\u00e4t pure, niin jossain vaiheessa sekin on edess\u00e4.<\/p>\n<p>Nyt sitten tietysti alkaa ajatuksellisen ympyr\u00e4n kiert\u00e4minen ja kysell\u00e4\u00e4n, miksi n\u00e4it\u00e4 toimia ei ole jo toteutettu ja osoitetaan sormella hallitusta, joka ei ole antanut m\u00e4\u00e4r\u00e4yksi\u00e4. Siin\u00e4 tapauksessa lukekaa juttu uudelleen.<\/p>\n","protected":false},"excerpt":{"rendered":"<p>-Jos hallitus voisi p\u00e4\u00e4tt\u00e4\u00e4 maahantulevien pakkotestauksesta rajalla, se p\u00e4\u00e4t\u00f6s olisi jo tehty.&hellip;<\/p>\n","protected":false},"author":62,"featured_media":25962,"comment_status":"closed","ping_status":"closed","sticky":false,"template":"","format":"standard","meta":{"footnotes":""},"categories":[1],"tags":[1661,7674,7420,7675,6718,7195,7083],"acf":[],"platta":{"numLikes":471,"numComments":100,"category":"puheenaiheet","themes":["yhteiskunta","koronavirus"],"commercial_partner":null,"thumbnail":"https:\/\/blogit-cdn.a-lehdet.fi\/uploads\/sites\/64\/2018\/08\/uuninpankkopoika.jpg","blog_id":64},"jetpack_featured_media_url":"https:\/\/blogit-cdn.a-lehdet.fi\/uploads\/sites\/64\/2018\/08\/uuninpankkopoika.jpg","_links":{"self":[{"href":"https:\/\/blogit.apu.fi\/uuninpankkopoikasakutimonen\/api\/wp\/v2\/posts\/36650"}],"collection":[{"href":"https:\/\/blogit.apu.fi\/uuninpankkopoikasakutimonen\/api\/wp\/v2\/posts"}],"about":[{"href":"https:\/\/blogit.apu.fi\/uuninpankkopoikasakutimonen\/api\/wp\/v2\/types\/post"}],"author":[{"embeddable":true,"href":"https:\/\/blogit.apu.fi\/uuninpankkopoikasakutimonen\/api\/wp\/v2\/users\/62"}],"replies":[{"embeddable":true,"href":"https:\/\/blogit.apu.fi\/uuninpankkopoikasakutimonen\/api\/wp\/v2\/comments?post=36650"}],"version-history":[{"count":12,"href":"https:\/\/blogit.apu.fi\/uuninpankkopoikasakutimonen\/api\/wp\/v2\/posts\/36650\/revisions"}],"predecessor-version":[{"id":36663,"href":"https:\/\/blogit.apu.fi\/uuninpankkopoikasakutimonen\/api\/wp\/v2\/posts\/36650\/revisions\/36663"}],"wp:featuredmedia":[{"embeddable":true,"href":"https:\/\/blogit.apu.fi\/uuninpankkopoikasakutimonen\/api\/wp\/v2\/media\/25962"}],"wp:attachment":[{"href":"https:\/\/blogit.apu.fi\/uuninpankkopoikasakutimonen\/api\/wp\/v2\/media?parent=36650"}],"wp:term":[{"taxonomy":"category","embeddable":true,"href":"https:\/\/blogit.apu.fi\/uuninpankkopoikasakutimonen\/api\/wp\/v2\/categories?post=36650"},{"taxonomy":"post_tag","embeddable":true,"href":"https:\/\/blogit.apu.fi\/uuninpankkopoikasakutimonen\/api\/wp\/v2\/tags?post=36650"}],"curies":[{"name":"wp","href":"https:\/\/api.w.org\/{rel}","templated":true}]}}