{"id":36731,"date":"2021-03-22T16:36:36","date_gmt":"2021-03-22T14:36:36","guid":{"rendered":"http:\/\/blogit.apu.fi\/uuninpankkopoikasakutimonen\/?p=36731"},"modified":"2021-03-23T06:33:10","modified_gmt":"2021-03-23T04:33:10","slug":"kulovalkean-anatomia","status":"publish","type":"post","link":"https:\/\/blogit.apu.fi\/uuninpankkopoikasakutimonen\/2021\/03\/22\/kulovalkean-anatomia\/","title":{"rendered":"Kulovalkean anatomia"},"content":{"rendered":"<p>Jonkin asian sanotaan levi\u00e4v\u00e4n kuin kulovalkea, ja sanonta kuvaa hyvin v\u00e4\u00e4rien tietojen levi\u00e4mist\u00e4. Pienikin kipin\u00e4 voi sytytt\u00e4\u00e4 niin nopeasti levi\u00e4v\u00e4n liekin, ettei sammuttaminen en\u00e4\u00e4 auta. V\u00e4\u00e4r\u00e4 tieto on muuttunut monille ehdottomaksi totuudeksi.<\/p>\n<p>T\u00e4st\u00e4 on ik\u00e4v\u00e4n hyv\u00e4n\u00e4 esimerkkin\u00e4 viime viikon v\u00e4ite, jonka mukaan Marinin hallitus olisi tilannut Naton alaisen StratComin tutkimuksen naisiin kohdistuvasta verkkoh\u00e4irinn\u00e4st\u00e4. Siit\u00e4 voitte lukea\u00a0<a href=\"https:\/\/blogit.apu.fi\/uuninpankkopoikasakutimonen\/2021\/03\/19\/sukkahousuhallitus-ja-tasa-arvo\/\" target=\"_blank\" rel=\"noreferrer noopener\">t\u00e4\u00e4lt\u00e4<\/a>.<\/p>\n<p>Keskustelussa itse tutkimuksen sis\u00e4lt\u00f6 on j\u00e4\u00e4nyt sivuseikaksi, sill\u00e4 yh\u00e4 viel\u00e4kin levi\u00e4\u00e4 varma tieto, jonka mukaan Marinin hallitus tilasi tutkimuksen.<\/p>\n<p>Laitetaan kuva t\u00e4st\u00e4 palon sytytt\u00e4neest\u00e4 kipin\u00e4st\u00e4.<\/p>\n<p><img decoding=\"async\" loading=\"lazy\" class=\"alignnone size-full wp-image-36732\" src=\"https:\/\/blogit-cdn.a-lehdet.fi\/uploads\/sites\/64\/2021\/03\/sannajussi.jpg\" alt=\"\" width=\"1077\" height=\"1200\"><\/p>\n<p>Twitterin aikajanan mukaan torstaina 18.03. klo 14.30 Jussi Halla-aho ja Jani M\u00e4kel\u00e4 kysyiv\u00e4t, onko hallitus tilannut ja maksanut tutkimuksen. He siis kysyiv\u00e4t, eiv\u00e4t v\u00e4itt\u00e4neet. T\u00e4m\u00e4 kysymys l\u00e4hti v\u00e4litt\u00f6m\u00e4sti levi\u00e4m\u00e4\u00e4n, ja klo 15.50 Iltalehden kolumnisti Sanna Ukkola\u00a0<a rel=\"nofollow\" href=\"https:\/\/twitter.com\/Sukkola\/status\/1372532193122205696\" target=\"_blank\" rel=\"noreferrer noopener\">twiittasi<\/a>\u00a0p\u00e4\u00e4ministerin kanslian tilanneen tutkimuksen. H\u00e4n ei v\u00e4itt\u00e4nyt nykyist\u00e4 hallitusta tilaajaksi, mutta niin se yleisesti tulkittiin.<\/p>\n<p>Klo 16.00 Valtioneuvoston viestint\u00e4johtaja P\u00e4ivi Anttikoski\u00a0<a rel=\"nofollow\" href=\"https:\/\/twitter.com\/PaiviAnttikoski\/status\/1372548379532726273\" target=\"_blank\" rel=\"noreferrer noopener\">twiittasi<\/a>, ett\u00e4 tutkimusta ei tilattu, vaan sit\u00e4 ehdotettiin StratComille kev\u00e4\u00e4ll\u00e4 2019 Sipil\u00e4n hallituksen kaudella. StratCom oli itse kysynyt, mit\u00e4 hallitus haluaisi tutkittavan. Linkitt\u00e4m\u00e4ss\u00e4ni viestiketjussa Anttikoski kertoo asiasta tarkemmin.\u00a0T\u00e4m\u00e4 Anttikosken twiitti tuli suuren yleis\u00f6n tietoon klo 17.05, kun p\u00e4\u00e4ministeri Sanna Marin twiittasi &#8220;Ei ole&#8221; ja jakoi sen eduskunnan istunnon aikana. Ehti kulua vain kaksi ja puoli tuntia ensimm\u00e4isest\u00e4 ep\u00e4ilyst\u00e4, niin ep\u00e4ilyst\u00e4 oli tullut monille niin lujassa istuva totuus, ett\u00e4 heid\u00e4n mielipidett\u00e4\u00e4n ei saa muutetuksi.<\/p>\n<p>Koska he eiv\u00e4t halua muuttaa mielipidett\u00e4\u00e4n, niin he turvautuvat mit\u00e4 kummallisimpiin selityksiin. Yksi suosituimpia selityksi\u00e4 on jakaa t\u00e4t\u00e4 StratComin vastausta sille esitettyyn kysymykseen.<\/p>\n<p><img decoding=\"async\" loading=\"lazy\" class=\"alignnone size-full wp-image-36733\" src=\"https:\/\/blogit-cdn.a-lehdet.fi\/uploads\/sites\/64\/2021\/03\/propose.jpg\" alt=\"\" width=\"594\" height=\"138\" srcset=\"https:\/\/blogit-cdn.a-lehdet.fi\/uploads\/sites\/64\/2021\/03\/propose.jpg 594w, https:\/\/blogit-cdn.a-lehdet.fi\/uploads\/sites\/64\/2021\/03\/propose-300x70.jpg 300w\" sizes=\"(max-width: 594px) 100vw, 594px\" \/><\/p>\n<p>Heid\u00e4n mielest\u00e4\u00e4n t\u00e4m\u00e4 todistaa, ett\u00e4 Marinin hallitus on tilannut tutkimuksen. Englantia osaavat ymm\u00e4rt\u00e4v\u00e4t, ett\u00e4 StratCom vahvistaa Suomen hallituksen ehdottaneen tutkimusta, mutta se on heid\u00e4n mielest\u00e4\u00e4n sama asia. He eiv\u00e4t halua n\u00e4hd\u00e4, ett\u00e4 StratCom ei kerro mik\u00e4 hallitus ja milloin tutkimusta ehdotti, ja kuten Anttikosken twiitist\u00e4 k\u00e4y ilmi, niin kyseess\u00e4 oli Sipil\u00e4n hallitus.<\/p>\n<p>T\u00e4m\u00e4 oli sin\u00e4ns\u00e4 mit\u00e4t\u00f6n episodi, mutta kuvaa harvinaisen hyvin valeuutisten levi\u00e4mismekanismia. Esitet\u00e4\u00e4n viattoman tuntuinen kysymys, joka sis\u00e4lt\u00e4\u00e4 ep\u00e4ilyksen kipin\u00e4n. T\u00e4m\u00e4 kipin\u00e4 sytytt\u00e4\u00e4 sopivan kuivan heinikon ja kulovalkea levi\u00e4\u00e4 hallitsemattomasti. J\u00e4lkik\u00e4teen kipin\u00e4n sytytt\u00e4j\u00e4\u00e4 ei voi moittia v\u00e4\u00e4r\u00e4n uutisen alullepanosta eik\u00e4 levitt\u00e4misest\u00e4, sill\u00e4 siit\u00e4 huolehtivat ihan muut.<\/p>\n<p>N\u00e4in toimii mielipidevaikuttaminen sosiaalisen median aikana.<\/p>\n","protected":false},"excerpt":{"rendered":"<p>Jonkin asian sanotaan levi\u00e4v\u00e4n kuin kulovalkea, ja sanonta kuvaa hyvin v\u00e4\u00e4rien tietojen&hellip;<\/p>\n","protected":false},"author":62,"featured_media":25962,"comment_status":"closed","ping_status":"closed","sticky":false,"template":"","format":"standard","meta":{"footnotes":""},"categories":[1],"tags":[4956,1283,7695,7693,6718,1921,7692,5371,7694],"acf":[],"platta":{"numLikes":451,"numComments":54,"category":"puheenaiheet","themes":["yhteiskunta"],"commercial_partner":null,"thumbnail":"https:\/\/blogit-cdn.a-lehdet.fi\/uploads\/sites\/64\/2018\/08\/uuninpankkopoika.jpg","blog_id":64},"jetpack_featured_media_url":"https:\/\/blogit-cdn.a-lehdet.fi\/uploads\/sites\/64\/2018\/08\/uuninpankkopoika.jpg","_links":{"self":[{"href":"https:\/\/blogit.apu.fi\/uuninpankkopoikasakutimonen\/api\/wp\/v2\/posts\/36731"}],"collection":[{"href":"https:\/\/blogit.apu.fi\/uuninpankkopoikasakutimonen\/api\/wp\/v2\/posts"}],"about":[{"href":"https:\/\/blogit.apu.fi\/uuninpankkopoikasakutimonen\/api\/wp\/v2\/types\/post"}],"author":[{"embeddable":true,"href":"https:\/\/blogit.apu.fi\/uuninpankkopoikasakutimonen\/api\/wp\/v2\/users\/62"}],"replies":[{"embeddable":true,"href":"https:\/\/blogit.apu.fi\/uuninpankkopoikasakutimonen\/api\/wp\/v2\/comments?post=36731"}],"version-history":[{"count":7,"href":"https:\/\/blogit.apu.fi\/uuninpankkopoikasakutimonen\/api\/wp\/v2\/posts\/36731\/revisions"}],"predecessor-version":[{"id":36742,"href":"https:\/\/blogit.apu.fi\/uuninpankkopoikasakutimonen\/api\/wp\/v2\/posts\/36731\/revisions\/36742"}],"wp:featuredmedia":[{"embeddable":true,"href":"https:\/\/blogit.apu.fi\/uuninpankkopoikasakutimonen\/api\/wp\/v2\/media\/25962"}],"wp:attachment":[{"href":"https:\/\/blogit.apu.fi\/uuninpankkopoikasakutimonen\/api\/wp\/v2\/media?parent=36731"}],"wp:term":[{"taxonomy":"category","embeddable":true,"href":"https:\/\/blogit.apu.fi\/uuninpankkopoikasakutimonen\/api\/wp\/v2\/categories?post=36731"},{"taxonomy":"post_tag","embeddable":true,"href":"https:\/\/blogit.apu.fi\/uuninpankkopoikasakutimonen\/api\/wp\/v2\/tags?post=36731"}],"curies":[{"name":"wp","href":"https:\/\/api.w.org\/{rel}","templated":true}]}}