{"id":37664,"date":"2021-06-10T18:15:53","date_gmt":"2021-06-10T15:15:53","guid":{"rendered":"http:\/\/blogit.apu.fi\/uuninpankkopoikasakutimonen\/?p=37664"},"modified":"2021-06-11T06:42:38","modified_gmt":"2021-06-11T03:42:38","slug":"hyvinvointivaalit","status":"publish","type":"post","link":"https:\/\/blogit.apu.fi\/uuninpankkopoikasakutimonen\/2021\/06\/10\/hyvinvointivaalit\/","title":{"rendered":"Hyvinvointivaalit"},"content":{"rendered":"<p>\u00c4sken eduskunnan kyselytuntia katsoessani totesin kuntavaalien l\u00e4heisyyden n\u00e4kyv\u00e4n ja kuuluvan selv\u00e4sti. Ihan ensimm\u00e4iseksi tivattiin hallitukselta vastausta polttoaine- ja ansiotuloverojen jatkuviin korotuksiin, ja oikeastaan valtiovarainministeri Annika Saarikko antoi juuri sellaisen vastauksen kuin itsekin olisin antanut. Se vastaus oli pelkk\u00e4 ei.<\/p>\n<p>Kysymys polttoaineen veronkorotuksista perustui ilmeisesti siihen jokaisen bensamittarilla havaitsemaan tosiasiaan, ett\u00e4 hinta on noussut. Hallitus ei kuitenkaan ole korottanut polttoaineveroa muuten kuin tekem\u00e4ll\u00e4 siihen viime syksyn\u00e4 indeksitarkistuksen. Lis\u00e4ksi hallitus on monta kertaa selke\u00e4sti sanonut, ett\u00e4 korotuksia ei ole suunnitteilla. Hinta nousee siksi, ett\u00e4 \u00f6ljyn maailmanmarkkinahinta on noussut, ja se n\u00e4kyy heti kuluttajahinnassa. Suomen hallitus ei pysty vaikuttamaan \u00f6ljyn maailmanmarkkinahintaan.<\/p>\n<p>Hallitus kertoi my\u00f6s taas kerran, ett\u00e4 kotitalouksien kokonaisverotusta ei olla kirist\u00e4m\u00e4ss\u00e4. T\u00e4m\u00e4n saa varmaan sanoa vaikka joka p\u00e4iv\u00e4 sata kertaa, niin silti oppositio pit\u00e4\u00e4 yll\u00e4 myytti\u00e4 kiristyv\u00e4st\u00e4 verotuksesta.<\/p>\n<p>Opposition teht\u00e4v\u00e4 on haastaa hallitusta, eik\u00e4 siin\u00e4 mit\u00e4\u00e4n. Kuntavaalien alla nousee kuitenkin jatkuvasti esiin ristiriita, kun verojen vastustajat vaativat my\u00f6s parempia kunnallisia palveluja. Kuntavaalit eiv\u00e4t ole valtakunnalliset verovaalit, vaan niiss\u00e4 p\u00e4\u00e4tet\u00e4\u00e4n siit\u00e4, ketk\u00e4 ovat p\u00e4\u00e4tt\u00e4m\u00e4ss\u00e4 kaikkien tarvitsemista l\u00e4hipalveluista. Siit\u00e4, miten ne j\u00e4rjestet\u00e4\u00e4n, miten niiden toimivuus taataan ja miten ne paikallistasolla rahoitetaan. Siit\u00e4, miten toimivat p\u00e4iv\u00e4hoito, koulutus, vanhusten- ja sairaanhoito, infrastruktuuri ja muut tarvittavat palvelut.<\/p>\n<p>Jos veroja pit\u00e4\u00e4 alentaa, niin silloin palveluja pit\u00e4\u00e4 heikent\u00e4\u00e4. Mist\u00e4 sitten leikataan? T\u00e4t\u00e4 olen monesti kysynyt leikkauksia haluavilta, mutta en ole saanut kunnollista vastausta. Lakis\u00e4\u00e4teisist\u00e4 palveluista ei voi paljon leikata, sill\u00e4 kunnan on ne j\u00e4rjestett\u00e4v\u00e4. Kun kerron t\u00e4m\u00e4n, niin vaaditaan ei-lakis\u00e4\u00e4teisten palveluiden leikkaamista tyyliin &#8220;leikataan kaikesta turhasta&#8221;. Sen turhan m\u00e4\u00e4ritteleminen sitten riippuukin jokaisesta m\u00e4\u00e4rittelij\u00e4st\u00e4, ja jokainen on valmis leikkaamaan siit\u00e4, mit\u00e4 ei itse k\u00e4yt\u00e4.<\/p>\n<p>Niinp\u00e4 liikuntapaikkoja t\u00e4rke\u00e4n\u00e4 pit\u00e4v\u00e4 on valmis leikkaamaan vaikkapa kulttuuripalveluista, mutta silloin \u00e4r\u00e4ht\u00e4\u00e4 kulttuuripalvelujen k\u00e4ytt\u00e4j\u00e4. Kaikkein varmin keino saada kuntap\u00e4\u00e4tt\u00e4j\u00e4n\u00e4 kaikkien vihat niskoilleen on vaatia leikkauksia puhtaasti omien mieltymysten mukaisesti. Kuntap\u00e4\u00e4tt\u00e4j\u00e4 ei ole edustamassa itse\u00e4\u00e4n eik\u00e4 edes vain omia \u00e4\u00e4nest\u00e4ji\u00e4\u00e4n, vaan kaikkia kuntalaisia. Lis\u00e4ksi on ajateltava kunnan talouden kest\u00e4vyytt\u00e4 pitemm\u00e4ll\u00e4 aikav\u00e4lill\u00e4. Mist\u00e4 saadaan tuloja ja miten kontrolloidaan menoja, miten pidet\u00e4\u00e4n yll\u00e4 kaikkien kuntalaisten palveluja tasapuolisesti.<\/p>\n<p>Voin antaa kaikille ensimm\u00e4ist\u00e4 kertaa valtuustoon valittaville sellaisen neuvon, ett\u00e4 luottamustoimea ei hoideta silloin, kun sattuu huvittamaan tai jos ei satu olemaan muuta tekemist\u00e4. Ei kannata my\u00f6sk\u00e4\u00e4n menn\u00e4 valtuustoon takki auki &#8220;pist\u00e4m\u00e4\u00e4n asioita kuntoon&#8221;, sill\u00e4 kukaan ei saa yksin eik\u00e4 edes yhdess\u00e4 oman valtuustoryhm\u00e4ns\u00e4 kanssa p\u00e4\u00e4t\u00f6ksi\u00e4 runnottua l\u00e4pi, vaan tarvitaan yhteisty\u00f6t\u00e4 ja kompromisseja. T\u00e4m\u00e4n erinomaisen neuvon antoi kovasti arvostamani, kuntap\u00e4\u00e4tt\u00e4j\u00e4n\u00e4 pitk\u00e4n uran tehnyt ja sen nyt j\u00e4tt\u00e4v\u00e4 kuntamme luottamushenkil\u00f6 t\u00e4n\u00e4\u00e4n paikallislehdess\u00e4.<\/p>\n<p>Kuntavaalit eiv\u00e4t ole verovaalit, sote-vaalit eiv\u00e4tk\u00e4 maan hallitusvaalit. Ne ovat hyvinvointivaalit, sill\u00e4 juuri kunnissa p\u00e4\u00e4tet\u00e4\u00e4n paikallistason hyvinvointipalveluista.<\/p>\n","protected":false},"excerpt":{"rendered":"<p>\u00c4sken eduskunnan kyselytuntia katsoessani totesin kuntavaalien l\u00e4heisyyden n\u00e4kyv\u00e4n ja kuuluvan selv\u00e4sti. Ihan&hellip;<\/p>\n","protected":false},"author":62,"featured_media":25962,"comment_status":"open","ping_status":"open","sticky":false,"template":"","format":"standard","meta":{"footnotes":""},"categories":[1],"tags":[4430,3847,5177,3773,5558,4305,89],"acf":[],"platta":{"numLikes":379,"numComments":22,"category":"puheenaiheet","themes":["yhteiskunta","politiikka"],"commercial_partner":null,"thumbnail":"https:\/\/blogit-cdn.a-lehdet.fi\/uploads\/sites\/64\/2018\/08\/uuninpankkopoika.jpg","blog_id":64},"jetpack_featured_media_url":"https:\/\/blogit-cdn.a-lehdet.fi\/uploads\/sites\/64\/2018\/08\/uuninpankkopoika.jpg","_links":{"self":[{"href":"https:\/\/blogit.apu.fi\/uuninpankkopoikasakutimonen\/api\/wp\/v2\/posts\/37664"}],"collection":[{"href":"https:\/\/blogit.apu.fi\/uuninpankkopoikasakutimonen\/api\/wp\/v2\/posts"}],"about":[{"href":"https:\/\/blogit.apu.fi\/uuninpankkopoikasakutimonen\/api\/wp\/v2\/types\/post"}],"author":[{"embeddable":true,"href":"https:\/\/blogit.apu.fi\/uuninpankkopoikasakutimonen\/api\/wp\/v2\/users\/62"}],"replies":[{"embeddable":true,"href":"https:\/\/blogit.apu.fi\/uuninpankkopoikasakutimonen\/api\/wp\/v2\/comments?post=37664"}],"version-history":[{"count":3,"href":"https:\/\/blogit.apu.fi\/uuninpankkopoikasakutimonen\/api\/wp\/v2\/posts\/37664\/revisions"}],"predecessor-version":[{"id":37667,"href":"https:\/\/blogit.apu.fi\/uuninpankkopoikasakutimonen\/api\/wp\/v2\/posts\/37664\/revisions\/37667"}],"wp:featuredmedia":[{"embeddable":true,"href":"https:\/\/blogit.apu.fi\/uuninpankkopoikasakutimonen\/api\/wp\/v2\/media\/25962"}],"wp:attachment":[{"href":"https:\/\/blogit.apu.fi\/uuninpankkopoikasakutimonen\/api\/wp\/v2\/media?parent=37664"}],"wp:term":[{"taxonomy":"category","embeddable":true,"href":"https:\/\/blogit.apu.fi\/uuninpankkopoikasakutimonen\/api\/wp\/v2\/categories?post=37664"},{"taxonomy":"post_tag","embeddable":true,"href":"https:\/\/blogit.apu.fi\/uuninpankkopoikasakutimonen\/api\/wp\/v2\/tags?post=37664"}],"curies":[{"name":"wp","href":"https:\/\/api.w.org\/{rel}","templated":true}]}}