{"id":38447,"date":"2021-08-24T13:24:14","date_gmt":"2021-08-24T10:24:14","guid":{"rendered":"http:\/\/blogit.apu.fi\/uuninpankkopoikasakutimonen\/?p=38447"},"modified":"2021-08-24T13:50:38","modified_gmt":"2021-08-24T10:50:38","slug":"no-joo-mutta","status":"publish","type":"post","link":"https:\/\/blogit.apu.fi\/uuninpankkopoikasakutimonen\/2021\/08\/24\/no-joo-mutta\/","title":{"rendered":"No joo, mutta&#8230;"},"content":{"rendered":"<p>Ty\u00f6llisyysasteen trendiluku oli hein\u00e4kuussa 72,7 prosenttia ja ty\u00f6tt\u00f6myysasteen trendiluku 7,9 prosenttia. Ty\u00f6llisyysasteen trendiluku nousi hein\u00e4kuussa viime vuoden helmikuun tasolle eli koronapandemiaa edelt\u00e4v\u00e4\u00e4n lukuun. Itse asiassa ty\u00f6llisi\u00e4 on t\u00e4ll\u00e4 hetkell\u00e4 enemm\u00e4n kuin kymmenen viime vuoden tarkastelujaksolla on kertaakaan ollut, kertoo <a rel=\"nofollow\" href=\"https:\/\/www.stat.fi\/til\/tyti\/2021\/07\/tyti_2021_07_2021-08-24_tie_001_fi.html\" target=\"_blank\" rel=\"noreferrer noopener\">Tilastokeskuksen ty\u00f6voimatutkimus<\/a>. Laitetaan viel\u00e4 kuva tuon tutkimuksen k\u00e4yr\u00e4st\u00e4.<\/p>\n<p><img decoding=\"async\" loading=\"lazy\" class=\"size-full wp-image-38448 aligncenter\" src=\"https:\/\/blogit-cdn.a-lehdet.fi\/uploads\/sites\/64\/2021\/08\/tyoll.jpg\" alt=\"\" width=\"673\" height=\"457\" srcset=\"https:\/\/blogit-cdn.a-lehdet.fi\/uploads\/sites\/64\/2021\/08\/tyoll.jpg 673w, https:\/\/blogit-cdn.a-lehdet.fi\/uploads\/sites\/64\/2021\/08\/tyoll-300x204.jpg 300w\" sizes=\"(max-width: 673px) 100vw, 673px\" \/><\/p>\n<p>Nyt sitten vain odotellaan, ett\u00e4 t\u00e4st\u00e4 tulee t\u00e4m\u00e4n p\u00e4iv\u00e4n t\u00e4rkein uutinen, kaikki tiedotusv\u00e4lineet kertovat Marinin hallituksen saavuttavan omaa ty\u00f6llisyystavoitettaan enn\u00e4tyksellist\u00e4 vauhtia ja hallituksen ty\u00f6voimapoliittisia toimia kiitell\u00e4\u00e4n vuolaasti. N\u00e4inh\u00e4n tehtiin Sipil\u00e4n hallituksen aikana, kun kerran kuukaudessa p\u00e4iv\u00e4n t\u00e4rkein uutinen oli hallituksen itselleen asettaman ty\u00f6llisyystavoitteen l\u00e4heneminen. Laitanpa muistin virkist\u00e4miseksi oikein kunnon <a rel=\"nofollow\" href=\"https:\/\/www.iltalehti.fi\/politiikka\/a\/965d4066-fabb-42eb-90cd-ef11c9656a8b\" target=\"_blank\" rel=\"noreferrer noopener\">hehkutuksen joulukuulta 2018<\/a>. Silloin ty\u00f6llisyysaste nousi 72 prosenttiin, ja nyt jopa trendiluku on paljon korkeampi.<\/p>\n<p>Ty\u00f6voimatutkimuksen tietosis\u00e4lt\u00f6, tiedonkeruu ja estimointimenetelm\u00e4 uudistuivat vuoden 2021 alussa, ja nyt puhutaan trendiluvusta, josta on poistettu kausi- ja satunnaisvaihtelut. Sipil\u00e4n autotallissaan juhlima 72 prosenttia ei ollut trendiluku, vaan sit\u00e4 suurempi kausitasoittamaton luku.<\/p>\n<p>Eip\u00e4 taideta nyt uutisoida, miten Sanna Marin aikoo juhlia hallituksensa ty\u00f6llisyystavoitteen l\u00e4henemist\u00e4. Uutisissa kerrotaan, ett\u00e4 oli ty\u00f6llisyyden kannalta <a rel=\"nofollow\" href=\"https:\/\/yle.fi\/uutiset\/3-12069586\" target=\"_blank\" rel=\"noreferrer noopener\">hyv\u00e4 hein\u00e4kuu<\/a>, kuten hein\u00e4kuut yleens\u00e4 ovat. Ty\u00f6llisyysaste sukelsi viime vuoden maaliskuussa koronapandemian my\u00f6t\u00e4, ja nyt ollaan palaamassa normaaliin. Sit\u00e4 paitsi pitk\u00e4aikaisty\u00f6tt\u00f6mi\u00e4 on <a rel=\"nofollow\" href=\"https:\/\/www.iltalehti.fi\/kotimaa\/a\/5a0a282e-b308-44f0-b0dd-7b6fa21807dc?utm_medium=Social&amp;utm_source=Facebook#Echobox=1629792036\" target=\"_blank\" rel=\"noreferrer noopener\">enemm\u00e4n kuin vuosi sitten<\/a>. Noin yleens\u00e4 ottaen ty\u00f6llisyys nyt v\u00e4h\u00e4n <a rel=\"nofollow\" href=\"https:\/\/www.is.fi\/taloussanomat\/art-2000008213172.html\" target=\"_blank\" rel=\"noreferrer noopener\">kasvoi<\/a> ja ty\u00f6tt\u00f6myys v\u00e4heni, mutta ei siit\u00e4 kannata numeroa tehd\u00e4. Kyse on vain kausivaihtelusta, ei mist\u00e4\u00e4n muusta.<\/p>\n<p>Kuvan vihre\u00e4 k\u00e4yr\u00e4 kyll\u00e4 kertoo ihan muuta, mutta Marinin hallitus ei tule saamaan kehuja t\u00e4st\u00e4k\u00e4\u00e4n asiasta. Ty\u00f6nantajathan ne ty\u00f6llist\u00e4v\u00e4t, kes\u00e4ll\u00e4 on t\u00f6it\u00e4 tarjolla enemm\u00e4n ja koronatilanteen helpottumisella on t\u00e4rke\u00e4 rooli. Silti sanon uudelleen, ett\u00e4 ty\u00f6llisi\u00e4 on nyt enemm\u00e4n kuin kertaakaan viimeisten kymmenen vuoden aikana. Sipil\u00e4n hallituksen paljon kehutut saavutukset ylittyv\u00e4t, mutta nyt se ei ole hallituksen ansiota.<\/p>\n<p>Media jatkaa samalla linjalla eli pelk\u00e4st\u00e4\u00e4n toteaa kehityksen mainitsematta hallitusta ollenkaan. Oppositiosta varsinkin kokoomus sivuuttaa asian kokonaan ja jatkaa hallituksen ty\u00f6llisyystoimien puuttumisesta veisaamista. Huomio kiinnitet\u00e4\u00e4n pitk\u00e4aikaisty\u00f6tt\u00f6miin ja ty\u00f6voimapulaan ja valitellaan kohtaanto-ongelmaa, jonka sanotaan johtuvan liian hyvist\u00e4 tuista. Yleens\u00e4kin ty\u00f6voimapulan l\u00e4\u00e4kkeeksi tarjotaan paikallista sopimista, ja onpa joku jo tarjonnut sunnuntaikorvauksista luopumistakin.<\/p>\n<p>Paikallisesti voi sopia ty\u00f6ehtosopimuksia paremmista palkoista, joten rahalla voi vapaasti houkutella ihmisi\u00e4 avoinna oleviin ty\u00f6paikkoihin. Ainakin se toimii varmasti paremmin kuin palkan alentaminen. Yleens\u00e4kin minua on aina ihmetytt\u00e4nyt, ett\u00e4 kysynn\u00e4n ja tarjonnan laki ei koske ty\u00f6ntekij\u00f6it\u00e4. Yleens\u00e4 tuotteen hinta nousee kysynn\u00e4n kasvaessa, mutta ty\u00f6voimansa myyj\u00e4n pit\u00e4isi samassa tilanteessa alentaa hintaa.<\/p>\n<p>Nyt menin jo v\u00e4h\u00e4n kauemmaksi varsinaisesta aiheesta, joka siis on ty\u00f6llisyysasteen kasvusta uutisoiminen. Sipil\u00e4n hallituksen aikana jokainen prosentin kymmenyksen nousu oli hallituksen ansiota, mutta nyt kaikki tapahtuu Marinin hallituksesta riippumatta tai per\u00e4ti siit\u00e4 huolimatta ihan vain suhdanteiden heilahtelujen, koronan helpottamisen, kysynn\u00e4n kasvun ja helteisen kes\u00e4n ansiosta.<\/p>\n<p>Perinteiden yll\u00e4pit\u00e4miseksi pit\u00e4neekin kirjoittaa kerran kuukaudessa Marinin hallituksen ty\u00f6llisyystoimia ylist\u00e4v\u00e4 juttu. Jonkun pit\u00e4isi, koska media ei en\u00e4\u00e4 n\u00e4e yhteytt\u00e4 hallituksen toimien ja ty\u00f6llisyyden kasvun v\u00e4lill\u00e4.<\/p>\n","protected":false},"excerpt":{"rendered":"<p>Ty\u00f6llisyysasteen trendiluku oli hein\u00e4kuussa 72,7 prosenttia ja ty\u00f6tt\u00f6myysasteen trendiluku 7,9 prosenttia. Ty\u00f6llisyysasteen&hellip;<\/p>\n","protected":false},"author":62,"featured_media":25962,"comment_status":"open","ping_status":"open","sticky":false,"template":"","format":"standard","meta":{"footnotes":""},"categories":[1],"tags":[3373,3855,5363,379,6718,7868,5631,190],"acf":[],"platta":{"numLikes":552,"numComments":56,"category":"puheenaiheet","themes":["yhteiskunta","politiikka","tyoelama"],"commercial_partner":null,"thumbnail":"https:\/\/blogit-cdn.a-lehdet.fi\/uploads\/sites\/64\/2018\/08\/uuninpankkopoika.jpg","blog_id":64},"jetpack_featured_media_url":"https:\/\/blogit-cdn.a-lehdet.fi\/uploads\/sites\/64\/2018\/08\/uuninpankkopoika.jpg","_links":{"self":[{"href":"https:\/\/blogit.apu.fi\/uuninpankkopoikasakutimonen\/api\/wp\/v2\/posts\/38447"}],"collection":[{"href":"https:\/\/blogit.apu.fi\/uuninpankkopoikasakutimonen\/api\/wp\/v2\/posts"}],"about":[{"href":"https:\/\/blogit.apu.fi\/uuninpankkopoikasakutimonen\/api\/wp\/v2\/types\/post"}],"author":[{"embeddable":true,"href":"https:\/\/blogit.apu.fi\/uuninpankkopoikasakutimonen\/api\/wp\/v2\/users\/62"}],"replies":[{"embeddable":true,"href":"https:\/\/blogit.apu.fi\/uuninpankkopoikasakutimonen\/api\/wp\/v2\/comments?post=38447"}],"version-history":[{"count":9,"href":"https:\/\/blogit.apu.fi\/uuninpankkopoikasakutimonen\/api\/wp\/v2\/posts\/38447\/revisions"}],"predecessor-version":[{"id":38457,"href":"https:\/\/blogit.apu.fi\/uuninpankkopoikasakutimonen\/api\/wp\/v2\/posts\/38447\/revisions\/38457"}],"wp:featuredmedia":[{"embeddable":true,"href":"https:\/\/blogit.apu.fi\/uuninpankkopoikasakutimonen\/api\/wp\/v2\/media\/25962"}],"wp:attachment":[{"href":"https:\/\/blogit.apu.fi\/uuninpankkopoikasakutimonen\/api\/wp\/v2\/media?parent=38447"}],"wp:term":[{"taxonomy":"category","embeddable":true,"href":"https:\/\/blogit.apu.fi\/uuninpankkopoikasakutimonen\/api\/wp\/v2\/categories?post=38447"},{"taxonomy":"post_tag","embeddable":true,"href":"https:\/\/blogit.apu.fi\/uuninpankkopoikasakutimonen\/api\/wp\/v2\/tags?post=38447"}],"curies":[{"name":"wp","href":"https:\/\/api.w.org\/{rel}","templated":true}]}}