{"id":40785,"date":"2022-05-04T09:32:27","date_gmt":"2022-05-04T06:32:27","guid":{"rendered":"http:\/\/blogit.apu.fi\/uuninpankkopoikasakutimonen\/?p=40785"},"modified":"2022-05-04T09:32:27","modified_gmt":"2022-05-04T06:32:27","slug":"autoturma-ja-taksikuningas","status":"publish","type":"post","link":"https:\/\/blogit.apu.fi\/uuninpankkopoikasakutimonen\/2022\/05\/04\/autoturma-ja-taksikuningas\/","title":{"rendered":"Autoturma ja taksikuningas"},"content":{"rendered":"<p><em>V\u00e4h\u00e4\u00e4n tietoon ja omiin ennakkoluuloihin perustuvat pikatuomiot ovat someajan vitsaus. Liian moni kommentoija kiirehtii k\u00e4ytt\u00e4m\u00e4\u00e4n erilaisia uutistapahtumia poliittisen vastapuolen ly\u00f6miseen.<\/em><\/p>\n<p>N\u00e4in luonnehtii Helsingin Sanomat <a rel=\"nofollow\" href=\"https:\/\/www.hs.fi\/paakirjoitukset\/art-2000008788277.html\" target=\"_blank\" rel=\"noreferrer noopener\">p\u00e4\u00e4kirjoituksessaan<\/a> Esplanadilla vapunaattona tapahtunutta kaahailua ja siihen reagointia. Sosiaalinen media antaa pikatuomioita tiet\u00e4m\u00e4tt\u00e4 asioiden taustoista mit\u00e4\u00e4n. T\u00e4ss\u00e4 tapauksessa niit\u00e4 taustoja on kyll\u00e4 kerrottu jo monta p\u00e4iv\u00e4\u00e4 tavalla, joka vaikuttaa jopa v\u00e4h\u00e4ttelylt\u00e4. Ehk\u00e4 kaiken huippu oli <a rel=\"nofollow\" href=\"https:\/\/www.iltalehti.fi\/terveysuutiset\/a\/9b8e1c5f-0581-4cae-b438-8abc66495632\" target=\"_blank\" rel=\"noreferrer noopener\">Iltalehden<\/a> juttu, jossa ihan asiantuntijavoimin selitettiin, ett\u00e4 p\u00e4ihtymys voi muuttaa mielentilaa muutamassa tunnissa ja ett\u00e4 yleens\u00e4 poikkeuksellisen k\u00e4ytt\u00e4ytymisen taustalla on jokin laukaiseva tekij\u00e4.<\/p>\n<p>T\u00e4m\u00e4h\u00e4n selitt\u00e4\u00e4kin kaiken, kun ep\u00e4iltyn\u00e4 on hyv\u00e4n virkamiesuran jo nuorella i\u00e4ll\u00e4 tehnyt mersumies, joka sattuu olemaan viel\u00e4 paikallispoliitikkokin.<\/p>\n<p>On ihan totta, ett\u00e4 t\u00e4m\u00e4 tapaus sai sosiaalisen median kommentoijat laukalle. Niin saa moni muukin asia, mutta harvoin n\u00e4kee n\u00e4in paljon selittely\u00e4. Harvemmin pohditaan my\u00f6s sit\u00e4, mist\u00e4 t\u00e4m\u00e4 laukalle l\u00e4ht\u00f6 yleens\u00e4 saa alkunsa. Valitettavan usein syyn\u00e4 on kohuotsikointi.<\/p>\n<p>Eilen p\u00e4\u00e4stiin taas vauhtiin, kun samainen <a rel=\"nofollow\" href=\"https:\/\/www.iltalehti.fi\/politiikka\/a\/f847c67f-2c6f-411a-af18-a7dcc70513e7?utm_medium=Social&amp;utm_source=Facebook#Echobox=1651594388\" target=\"_blank\" rel=\"noreferrer noopener\">Iltalehti<\/a>\u00a0selvitti kaikkien kansanedustajien taksimatkat v\u00e4lill\u00e4 1.9.2021\u201331.3.2022. Jutun otsikkoa lienee muutettu, sill\u00e4 linkiss\u00e4 lukee viel\u00e4kin Suldaan Said Ahmedin (vas) olevan eduskunnan uusi taksikuningas. H\u00e4n on k\u00e4ytt\u00e4nyt taksia eniten sek\u00e4 m\u00e4\u00e4r\u00e4llisesti ett\u00e4 rahallisesti. Vasta juttua pitemm\u00e4lle lukemalla selvi\u00e4\u00e4, ett\u00e4 eduskunnan turvaosasto on ohjeistanut h\u00e4nt\u00e4 k\u00e4ytt\u00e4m\u00e4\u00e4n julkisen liikenteen sijaan taksia.<\/p>\n<p>Lehden <a rel=\"nofollow\" href=\"https:\/\/www.facebook.com\/Iltalehti.fi\/posts\/10160110681892430\" target=\"_blank\" rel=\"noreferrer noopener\">Facebook-sivu<\/a> jutun alla osoittaa, ett\u00e4 ohjeistus ei ole turhaa. Kommenttikentt\u00e4 t\u00e4yttyi hetkess\u00e4 tutulla r\u00e4hin\u00e4ll\u00e4. Pakkaisi laukkunsa ja muuttaisi johonkin turvallisempaan maahan, paskaselityksi\u00e4, k\u00e4ytt\u00e4isi polkupy\u00f6r\u00e4\u00e4, takuulla vakiokuski on joku toinen somali, kyll\u00e4 k\u00e4ytt\u00e4\u00e4 pakolainen t\u00f6rke\u00e4sti veronmaksajien rahoja ja niin edelleen. Huonosti tai ei ollenkaan peitelty rasismi kukoistaa, koska nyt on saatu todiste veronmaksajien rahojen v\u00e4\u00e4rink\u00e4yt\u00f6st\u00e4.<\/p>\n<p>Uutinen keskittyy juuri Suldaan Said Ahmediin, joka siis on eduskunnan taksikuningas. Jostain syyst\u00e4 otsikoihin ei ole p\u00e4\u00e4tynyt kakkossijalle ylt\u00e4nyt Olli Immonen (ps), jonka taksilasku oli vain 40 euroa v\u00e4hemm\u00e4n. H\u00e4nelt\u00e4 ei ole kysytty syyt\u00e4 eik\u00e4 h\u00e4nt\u00e4 ainakaan minun tiet\u00e4\u00e4kseni ole ohjeistettu k\u00e4ytt\u00e4m\u00e4\u00e4n taksia turvallisuussyist\u00e4.<\/p>\n<p>Ei ole ohjeistettu ket\u00e4\u00e4n muutakaan aiemmin. T\u00e4m\u00e4 on ensimm\u00e4inen kerta, kun eduskunnan turvallisuusosasto on ohjeistanut yksitt\u00e4ist\u00e4 kansanedustajaa toimimaan jatkuvasti n\u00e4in. Minusta sen pit\u00e4isi olla uutisotsikko sen sijaan, ett\u00e4 otsikoidaan taksikortin mahdollisesta <a rel=\"nofollow\" href=\"https:\/\/www.hs.fi\/politiikka\/art-2000008791371.html\" target=\"_blank\" rel=\"noreferrer noopener\">v\u00e4\u00e4rink\u00e4yt\u00f6st\u00e4<\/a>, josta eduskunnan hallintojohtajalla ei ole edes tietoa.<\/p>\n<p>Yhteiskunnassamme on jotain pahasti vialla, kun kansanedustaja joutuu k\u00e4ytt\u00e4m\u00e4\u00e4n taksia henkil\u00f6kohtaisen turvallisuutensa takia jatkuvasti ja siit\u00e4 revit\u00e4\u00e4n otsikot, joiden mukaan h\u00e4n on taksikuningas. N\u00e4in suorastaan ruokitaan somen r\u00e4hin\u00e4\u00e4 ja varmistetaan, ett\u00e4 h\u00e4n joutuu jatkossakin k\u00e4ytt\u00e4m\u00e4\u00e4n taksia.<\/p>\n<p>Mutta mitenk\u00e4s se menik\u00e4\u00e4n? Ai niin. &#8220;<em>V\u00e4h\u00e4\u00e4n tietoon ja omiin ennakkoluuloihin perustuvat pikatuomiot ovat someajan vitsaus. Liian moni kommentoija kiirehtii k\u00e4ytt\u00e4m\u00e4\u00e4n erilaisia uutistapahtumia poliittisen vastapuolen ly\u00f6miseen<\/em>.&#8221;<\/p>\n<p>Mutta kansanedustajan turvallisuus on tietysti ihan eri asia kuin mersumiehen \u00e4killisesti muuttunut mielentila, jota pit\u00e4\u00e4 ymm\u00e4rt\u00e4\u00e4.<\/p>\n","protected":false},"excerpt":{"rendered":"<p>V\u00e4h\u00e4\u00e4n tietoon ja omiin ennakkoluuloihin perustuvat pikatuomiot ovat someajan vitsaus. Liian moni&hellip;<\/p>\n","protected":false},"author":62,"featured_media":38894,"comment_status":"open","ping_status":"open","sticky":false,"template":"","format":"standard","meta":{"footnotes":""},"categories":[1],"tags":[8081,3855,1377,4489,8082],"acf":[],"platta":{"numLikes":676,"numComments":64,"category":"puheenaiheet","themes":["yhteiskunta","politiikka"],"commercial_partner":null,"thumbnail":"https:\/\/blogit-cdn.a-lehdet.fi\/uploads\/sites\/64\/2021\/10\/uuninpankkopoika.jpg","blog_id":64},"jetpack_featured_media_url":"https:\/\/blogit-cdn.a-lehdet.fi\/uploads\/sites\/64\/2021\/10\/uuninpankkopoika.jpg","_links":{"self":[{"href":"https:\/\/blogit.apu.fi\/uuninpankkopoikasakutimonen\/api\/wp\/v2\/posts\/40785"}],"collection":[{"href":"https:\/\/blogit.apu.fi\/uuninpankkopoikasakutimonen\/api\/wp\/v2\/posts"}],"about":[{"href":"https:\/\/blogit.apu.fi\/uuninpankkopoikasakutimonen\/api\/wp\/v2\/types\/post"}],"author":[{"embeddable":true,"href":"https:\/\/blogit.apu.fi\/uuninpankkopoikasakutimonen\/api\/wp\/v2\/users\/62"}],"replies":[{"embeddable":true,"href":"https:\/\/blogit.apu.fi\/uuninpankkopoikasakutimonen\/api\/wp\/v2\/comments?post=40785"}],"version-history":[{"count":7,"href":"https:\/\/blogit.apu.fi\/uuninpankkopoikasakutimonen\/api\/wp\/v2\/posts\/40785\/revisions"}],"predecessor-version":[{"id":40792,"href":"https:\/\/blogit.apu.fi\/uuninpankkopoikasakutimonen\/api\/wp\/v2\/posts\/40785\/revisions\/40792"}],"wp:featuredmedia":[{"embeddable":true,"href":"https:\/\/blogit.apu.fi\/uuninpankkopoikasakutimonen\/api\/wp\/v2\/media\/38894"}],"wp:attachment":[{"href":"https:\/\/blogit.apu.fi\/uuninpankkopoikasakutimonen\/api\/wp\/v2\/media?parent=40785"}],"wp:term":[{"taxonomy":"category","embeddable":true,"href":"https:\/\/blogit.apu.fi\/uuninpankkopoikasakutimonen\/api\/wp\/v2\/categories?post=40785"},{"taxonomy":"post_tag","embeddable":true,"href":"https:\/\/blogit.apu.fi\/uuninpankkopoikasakutimonen\/api\/wp\/v2\/tags?post=40785"}],"curies":[{"name":"wp","href":"https:\/\/api.w.org\/{rel}","templated":true}]}}