{"id":41101,"date":"2022-06-09T10:54:45","date_gmt":"2022-06-09T07:54:45","guid":{"rendered":"http:\/\/blogit.apu.fi\/uuninpankkopoikasakutimonen\/?p=41101"},"modified":"2022-06-09T11:55:49","modified_gmt":"2022-06-09T08:55:49","slug":"paaministerin-peppu","status":"publish","type":"post","link":"https:\/\/blogit.apu.fi\/uuninpankkopoikasakutimonen\/2022\/06\/09\/paaministerin-peppu\/","title":{"rendered":"P\u00e4\u00e4ministerin peppu"},"content":{"rendered":"<p>Kun p\u00e4\u00e4ministerin kire\u00e4t leggingsit sy\u00f6pyiv\u00e4t Seiskan paparazzin verkkokalvolle, niin suunnilleen koko mediakentt\u00e4 vaikeni muutamaksi p\u00e4iv\u00e4ksi kiusaantuneena. Kaikki tajusivat, ett\u00e4 nyt on saavutettu tutkivan journalismin pohja. Puhun piruuttani tutkivasta journalismista, sill\u00e4 p\u00e4\u00e4ministerin puhelinkohun aikaan Seiska <a href=\"https:\/\/blogit.apu.fi\/uuninpankkopoikasakutimonen\/2021\/12\/06\/mutta-kun-olisi-pitanyt-2\/\" target=\"_blank\" rel=\"noreferrer noopener\">ylennettiin<\/a> sellaiseksi esimerkiksi tutkivasta journalismista, ett\u00e4 sen p\u00e4\u00e4toimittaja kutsuttiin <a rel=\"nofollow\" href=\"https:\/\/yle.fi\/uutiset\/3-12224573\" target=\"_blank\" rel=\"noreferrer noopener\">Ylen Viimeisen sanan<\/a> asiantuntijaksi. Nyt on toinen \u00e4\u00e4ni kellossa, ja t\u00e4m\u00e4 peppukohu on kuitattu <a rel=\"nofollow\" href=\"https:\/\/yle.fi\/uutiset\/3-12481853\" target=\"_blank\" rel=\"noreferrer noopener\">nuivasti<\/a>.<\/p>\n<p>P\u00e4\u00e4ministeri Sanna Marinista on tehty n\u00e4it\u00e4 kohujuttuja valtava m\u00e4\u00e4r\u00e4. On ollut kohua aamiaisen ja puhelimen lis\u00e4ksi ainakin vessan pesemisest\u00e4, tissivaosta, topista, korvakuulokkeista ja repusta. Juttujen tarkoitus n\u00e4ytt\u00e4\u00e4 olevan p\u00e4\u00e4ministerin toiminnan v\u00e4h\u00e4tteleminen ja huomion kiinnitt\u00e4minen ulkon\u00e4k\u00f6\u00f6n ja vapaa-aikaan. Ehk\u00e4 n\u00e4m\u00e4 h\u00f6mpp\u00e4jutut oikeasti kiinnostavat monia, mutta en sulkisi kokonaan pois my\u00f6sk\u00e4\u00e4n poliittisen vaikuttamisen mahdollisuutta. Kun p\u00e4\u00e4ministerist\u00e4 muokataan jatkuvasti kuvaa bilett\u00e4v\u00e4n\u00e4 hempukkana, niin jonnekin mielen perukoille se saattaa oikeasti sy\u00f6py\u00e4.<\/p>\n<p>T\u00e4t\u00e4 oletusta tukee my\u00f6s nimett\u00f6m\u00e4n, kokoomusta l\u00e4hell\u00e4 olevan P\u00e4iv\u00e4n Byrokraatin reaktio.<\/p>\n<p><img decoding=\"async\" loading=\"lazy\" class=\"size-full wp-image-41102 aligncenter\" src=\"https:\/\/blogit-cdn.a-lehdet.fi\/uploads\/sites\/64\/2022\/06\/pb.jpg\" alt=\"\" width=\"750\" height=\"496\" srcset=\"https:\/\/blogit-cdn.a-lehdet.fi\/uploads\/sites\/64\/2022\/06\/pb.jpg 750w, https:\/\/blogit-cdn.a-lehdet.fi\/uploads\/sites\/64\/2022\/06\/pb-300x198.jpg 300w\" sizes=\"(max-width: 750px) 100vw, 750px\" \/><\/p>\n<p>Tai ehk\u00e4 olen v\u00e4\u00e4r\u00e4ss\u00e4. Ehk\u00e4 h\u00f6mpp\u00e4 vain myy ja ehk\u00e4 P\u00e4iv\u00e4n Byrokraatin trollit toimivat henkisesti murrosik\u00e4\u00e4n juuttuneiden tavalla ja tumputtavat p\u00e4\u00e4ministerin kuvalle. Ei kai siin\u00e4k\u00e4\u00e4n mit\u00e4\u00e4n, mutta yleens\u00e4 sit\u00e4 ei tehd\u00e4 julkisesti.<\/p>\n<p>T\u00e4m\u00e4 n\u00e4ist\u00e4 kohuista, joiden alle tuppaa j\u00e4\u00e4m\u00e4\u00e4n kaikki asiallinen uutisointi p\u00e4\u00e4ministerin ja koko hallituksen toiminnasta ensin koronakriisin ja nyt maailmanpolitiikan py\u00f6rteiss\u00e4. Asiallinen uutisointi n\u00e4ytt\u00e4\u00e4 koko ajan tavoittavan yh\u00e4 harvempia ihmisi\u00e4, mutta h\u00f6mpp\u00e4 myy hyvin. Oikeastaan otsikoin ja aloitin t\u00e4m\u00e4n jutun vet\u00e4v\u00e4sti ihan vain vertaillakseni lukijam\u00e4\u00e4r\u00e4\u00e4 <a href=\"https:\/\/blogit.apu.fi\/uuninpankkopoikasakutimonen\/2022\/06\/08\/vain-yhden-pykalan-tahden\/\" target=\"_blank\" rel=\"noreferrer noopener\">eilisen juttuni<\/a> lukijam\u00e4\u00e4r\u00e4\u00e4n. Kun yrit\u00e4n kertoa rajaturvallisuuden juridiikasta, niin se ei hirve\u00e4sti kiinnosta.<\/p>\n<p>Enemm\u00e4n n\u00e4ytt\u00e4\u00e4 kiinnostavan asian ymp\u00e4rill\u00e4 k\u00e4yt\u00e4v\u00e4 keskustelu, jossa faktat sivuutetaan samaan tapaan kuin Riikka Purra eilen A-Studiossa ja jossa juridiseksi kuviteltu mielipide perustellaan sanomalla &#8220;mutta kun me haluamme&#8221;. Kun toimittaja Annika Damstr\u00f6m oikaisi kaksi Purran virheellist\u00e4 v\u00e4itett\u00e4, niin se oli toimittajan puolueellisuutta. Ne kaksi v\u00e4itett\u00e4 ja yhden lis\u00e4\u00e4 voitte lukea <a href=\"https:\/\/blogit.apu.fi\/uuninpankkopoikasakutimonen\/2022\/06\/08\/vain-yhden-pykalan-tahden\/\" target=\"_blank\" rel=\"noreferrer noopener\">eilisen juttuni<\/a>\u00a0lis\u00e4yksest\u00e4.<\/p>\n<p><img decoding=\"async\" loading=\"lazy\" class=\"size-full wp-image-41103 aligncenter\" src=\"https:\/\/blogit-cdn.a-lehdet.fi\/uploads\/sites\/64\/2022\/06\/prr-1.jpg\" alt=\"\" width=\"700\" height=\"209\" srcset=\"https:\/\/blogit-cdn.a-lehdet.fi\/uploads\/sites\/64\/2022\/06\/prr-1.jpg 700w, https:\/\/blogit-cdn.a-lehdet.fi\/uploads\/sites\/64\/2022\/06\/prr-1-300x90.jpg 300w\" sizes=\"(max-width: 700px) 100vw, 700px\" \/><\/p>\n<p>Mutta ei menn\u00e4 en\u00e4\u00e4 siihenk\u00e4\u00e4n, vaan katsotaan tulevaisuuteen. Jos puoluekannatusmittaukset konkretisoituvat vaaleissa, niin p\u00e4\u00e4ministeripuolueeksi nousee kokoomus. Toiseksi suurin puolue on SDP, mutta ainakin Petteri Orpo on jo <a rel=\"nofollow\" href=\"https:\/\/www.suomenmaa.fi\/uutiset\/onko-sinipuna-sittenkin-mahdottomuus-seuraavien-eduskuntavaalien-jalkeen-kokoomuksen-orpo-tyrmaa-sdpn-politiikan-verkkouutisissa\/\" target=\"_blank\" rel=\"noreferrer noopener\">ep\u00e4illyt<\/a> hallitusyhteisty\u00f6n mahdollisuutta SDP:n kanssa. H\u00e4nen mukaansa puolueilla on liian suuri n\u00e4kemysero talous- ja ty\u00f6llisyyspolitiikassa. Kokoomus kannattaa rajuja <a rel=\"nofollow\" href=\"https:\/\/www.iltalehti.fi\/politiikka\/a\/a0977bae-2257-4da3-9cbf-730ecd79346d\" target=\"_blank\" rel=\"noreferrer noopener\">leikkauksia<\/a> ty\u00f6tt\u00f6myys- ja sosiaaliturvaan, ja jo viime syksyn\u00e4 Petteri Orpo ja Riikka Purra <a href=\"https:\/\/blogit.apu.fi\/uuninpankkopoikasakutimonen\/2021\/09\/15\/tyhmien-evaat\/\" target=\"_blank\" rel=\"noreferrer noopener\">lupasivat<\/a>\u00a0sellaisia leikkauksia, ett\u00e4 Sipil\u00e4n hallituksen kiky kalpenee niiden rinnalla.<\/p>\n<p>My\u00f6s t\u00e4ss\u00e4 rajaturvallisuutta koskevassa lains\u00e4\u00e4d\u00e4nn\u00f6ss\u00e4 kokoomus ja perussuomalaiset ovat l\u00e4hell\u00e4 toisiaan. Perussuomalaiset ovat ilmoittaneet selv\u00e4sti, ett\u00e4 jos rajavartiolakiin ei saada mahdollisuutta lopettaa turvapaikkahakemusten vastaanottaminen kokonaan, niin my\u00f6sk\u00e4\u00e4n valmiuslaki ei etene t\u00e4ll\u00e4 vaalikaudella. Kokoomus ei ole sanonut asiaa yht\u00e4 suoraan, mutta vaatii lakiin kuitenkin tiukennuksia. Ihan sivuhuomiona ihmettelen, mit\u00e4 n\u00e4iden puolueiden mukaan teht\u00e4isiin sitten, jos turvapaikkahakemusten vastaanottaminen lopetettaisiin ja Ven\u00e4j\u00e4 l\u00e4hett\u00e4isikin rajalle pakkosiirt\u00e4mi\u00e4\u00e4n ukrainalaisia. Olisivatko rajat kiinni my\u00f6s heilt\u00e4 vai ruvettaisiinko oikeasti jakamaan ihmisi\u00e4 vuohiin ja lampaisiin kansallisuuksien mukaan?<\/p>\n<p>Taas lipesin asialliseksi, vaikka piti kirjoittaa siit\u00e4 p\u00e4\u00e4ministerin pepusta. Siit\u00e4 on jo kuitenkin kirjoitettu jo niin paljon, ett\u00e4 antaa olla. N\u00e4k\u00f6j\u00e4\u00e4n kirjoitinkin paidasta ja pepusta, mutta en osaa sanoa kumpi on kumpi.<\/p>\n","protected":false},"excerpt":{"rendered":"<p>Kun p\u00e4\u00e4ministerin kire\u00e4t leggingsit sy\u00f6pyiv\u00e4t Seiskan paparazzin verkkokalvolle, niin suunnilleen koko mediakentt\u00e4&hellip;<\/p>\n","protected":false},"author":62,"featured_media":38894,"comment_status":"open","ping_status":"open","sticky":false,"template":"","format":"standard","meta":{"footnotes":""},"categories":[1],"tags":[7112,8104,591,3855,7596,2826,8079,8103,6456,6718,7963,7198],"acf":[],"platta":{"numLikes":526,"numComments":46,"category":"puheenaiheet","themes":["yhteiskunta","politiikka"],"commercial_partner":null,"thumbnail":"https:\/\/blogit-cdn.a-lehdet.fi\/uploads\/sites\/64\/2021\/10\/uuninpankkopoika.jpg","blog_id":64},"jetpack_featured_media_url":"https:\/\/blogit-cdn.a-lehdet.fi\/uploads\/sites\/64\/2021\/10\/uuninpankkopoika.jpg","_links":{"self":[{"href":"https:\/\/blogit.apu.fi\/uuninpankkopoikasakutimonen\/api\/wp\/v2\/posts\/41101"}],"collection":[{"href":"https:\/\/blogit.apu.fi\/uuninpankkopoikasakutimonen\/api\/wp\/v2\/posts"}],"about":[{"href":"https:\/\/blogit.apu.fi\/uuninpankkopoikasakutimonen\/api\/wp\/v2\/types\/post"}],"author":[{"embeddable":true,"href":"https:\/\/blogit.apu.fi\/uuninpankkopoikasakutimonen\/api\/wp\/v2\/users\/62"}],"replies":[{"embeddable":true,"href":"https:\/\/blogit.apu.fi\/uuninpankkopoikasakutimonen\/api\/wp\/v2\/comments?post=41101"}],"version-history":[{"count":12,"href":"https:\/\/blogit.apu.fi\/uuninpankkopoikasakutimonen\/api\/wp\/v2\/posts\/41101\/revisions"}],"predecessor-version":[{"id":41115,"href":"https:\/\/blogit.apu.fi\/uuninpankkopoikasakutimonen\/api\/wp\/v2\/posts\/41101\/revisions\/41115"}],"wp:featuredmedia":[{"embeddable":true,"href":"https:\/\/blogit.apu.fi\/uuninpankkopoikasakutimonen\/api\/wp\/v2\/media\/38894"}],"wp:attachment":[{"href":"https:\/\/blogit.apu.fi\/uuninpankkopoikasakutimonen\/api\/wp\/v2\/media?parent=41101"}],"wp:term":[{"taxonomy":"category","embeddable":true,"href":"https:\/\/blogit.apu.fi\/uuninpankkopoikasakutimonen\/api\/wp\/v2\/categories?post=41101"},{"taxonomy":"post_tag","embeddable":true,"href":"https:\/\/blogit.apu.fi\/uuninpankkopoikasakutimonen\/api\/wp\/v2\/tags?post=41101"}],"curies":[{"name":"wp","href":"https:\/\/api.w.org\/{rel}","templated":true}]}}