{"id":41379,"date":"2022-07-07T16:12:42","date_gmt":"2022-07-07T13:12:42","guid":{"rendered":"http:\/\/blogit.apu.fi\/uuninpankkopoikasakutimonen\/?p=41379"},"modified":"2022-07-08T06:49:40","modified_gmt":"2022-07-08T03:49:40","slug":"ansaittu-kannatus","status":"publish","type":"post","link":"https:\/\/blogit.apu.fi\/uuninpankkopoikasakutimonen\/2022\/07\/07\/ansaittu-kannatus\/","title":{"rendered":"Ansaittu kannatus"},"content":{"rendered":"<p>T\u00e4n\u00e4\u00e4n julkaistiin taas Ylen teett\u00e4m\u00e4 puolueiden <a rel=\"nofollow\" href=\"https:\/\/yle.fi\/uutiset\/3-12525835\" target=\"_blank\" rel=\"noreferrer noopener\">kannatusmittaus<\/a>, jonka n\u00e4kyvin muutos on kokoomuksen suosion lasku ja SDP:n nousu. T\u00e4t\u00e4 voivat tutkijat analysoida monella tavalla, mutta minusta on aika selv\u00e4\u00e4, ett\u00e4 kokoomuksen kannatuksen laskuun vaikuttaa Wille Rydmanin tapaus, vaikka vastaajilta ei syit\u00e4 kyseltyk\u00e4\u00e4n. Ehk\u00e4 kansa on oivaltanut my\u00f6s sen, ett\u00e4 juuri Marinin hallitus vei Suomen Natoon, vaikka kokoomus onkin asiaa pit\u00e4nyt esill\u00e4.<\/p>\n<p>Kannatusmittauksia tehd\u00e4\u00e4n joka kuukausi, joten ennen vaaleja n\u00e4hd\u00e4\u00e4n niit\u00e4 viel\u00e4 monta. T\u00e4ss\u00e4 uutisessa huomio kiinnittyi my\u00f6s perussuomalaisten kannatuksen pieneen nousuun nyt, mutta laskuun pitk\u00e4ll\u00e4 aikav\u00e4lill\u00e4 ja erityisesti siihen, ett\u00e4 sen sanotaan olevan suurin ty\u00f6v\u00e4enpuolue. En tied\u00e4 mill\u00e4 perusteella eduskunnan oikeassa laidassa istuva puolue luokitellaan ty\u00f6v\u00e4enpuolueeksi, mutta h\u00e4ll\u00e4 v\u00e4li\u00e4. Ehk\u00e4 kansa on oivaltanut senkin, ett\u00e4 bensan hinnasta ei p\u00e4\u00e4tet\u00e4 hyvinvointialueilla ja maahanmuutto ei ole maailman t\u00e4rkein asia.<\/p>\n<p>Oikeastaan kiinnostavampi uutinen on Helsingin Sanomien teett\u00e4m\u00e4 <a rel=\"nofollow\" href=\"https:\/\/www.hs.fi\/politiikka\/art-2000008923773.html\" target=\"_blank\" rel=\"noreferrer noopener\">kyselytutkimus<\/a> koko hallituksen onnistumisesta. Sen mukaan yli puolet suomalaisista ajattelee hallituksen onnistuneen teht\u00e4v\u00e4ss\u00e4\u00e4n v\u00e4hint\u00e4\u00e4n melko hyvin. Nyt vastanneista t\u00e4t\u00e4 mielt\u00e4 oli 58 prosenttia, kun viel\u00e4 viime joulukuussa osuus oli 48 prosenttia. Lehden itsens\u00e4 asiasta tekem\u00e4n <a rel=\"nofollow\" href=\"https:\/\/www.hs.fi\/politiikka\/art-2000008928767.html\" target=\"_blank\" rel=\"noreferrer noopener\">analyysin<\/a> mukaan kannatus ei johdu hyv\u00e4st\u00e4 hallituspolitiikasta, vaan kriisiajasta, jolloin poliittisten johtajien kannatus nousee. N\u00e4in sanovat tutkijat, joiden mukaan poliittinen johto halutaan n\u00e4hd\u00e4 vertauskuvana kansan yhten\u00e4isyydelle vaikeina aikoina, jolloin my\u00f6s oppositio ja media haastavat valtiojohtoa tavanomaista v\u00e4hemm\u00e4n.<\/p>\n<p>Kuulostaa juhlavalta, mutta min\u00e4 en usko. On totta, ett\u00e4 Marinin hallituksen taival on ollut kriisien keskell\u00e4 kahlaamista, kun ensin tuli pandemia ja sitten Ukrainan sota. Pandemiasta Suomi selvisi paremmin kuin useimmat muut Euroopan maat, ja sota sai Suomen valtiojohdon kiirehtim\u00e4\u00e4n Natoon liittymist\u00e4. Oppositio ja media haastoivat hallitusta koko pandemian ajan, kun kaikki hallituksen toimet olivat joko my\u00f6h\u00e4ss\u00e4, liian aikaisia, ylimitoitettuja tai tehottomia. Velanotosta on motkotettu koko ajan, vaikka jokainen hallitus olisi vastaavassa tilanteessa sit\u00e4 joutunut ottamaan. Natoon liittyminen oli yksimielist\u00e4, jos Ano Turtiaista ei lasketa mukaan.<\/p>\n<p>Kriisien keskell\u00e4kin Marinin hallitus on tehnyt monia merkitt\u00e4vi\u00e4 uudistuksia ihan hallitusohjelmansa mukaisesti. Sote-lains\u00e4\u00e4d\u00e4nt\u00f6 on saatu valmiiksi\u00a0 ja ensimm\u00e4iset aluevaalit pidettiin talvella.<\/p>\n<p>Hallitus on korottanut kansanel\u00e4kett\u00e4, takuuel\u00e4kett\u00e4, ty\u00f6tt\u00f6myysturvaa, vanhempainp\u00e4iv\u00e4rahaa, sairausp\u00e4iv\u00e4rahaa ja kuntoutustukea. Kansanel\u00e4keindeksiin tulee ylim\u00e4\u00e4r\u00e4inen tarkistus ensi kuussa. Aktiivimalli ja kikyn lomarahaleikkaukset on purettu, yritt\u00e4jien ty\u00f6tt\u00f6myysturvaa on parannettu ja ty\u00f6tt\u00f6mien palkkatukim\u00e4\u00e4r\u00e4rahoja on lis\u00e4tty.<\/p>\n<p>Koronasta Suomi on selvinnyt paremmin kuin useimmat muut Euroopan maat. Yhteiskunta ei pys\u00e4htynyt, koska yrityksille annettiin runsaita tukia ja kuntia tuettiin koronapaketilla. Pel\u00e4tylt\u00e4 konkurssiaallolta v\u00e4ltyttiin, ja talous ja ty\u00f6llisyys kasvavat nyt enn\u00e4tysvauhtia. Hallitus on saavuttanut ty\u00f6llisyystavoitteensa, eik\u00e4 siihen ole tarvittu keppi\u00e4.<\/p>\n<p>Hallitus on muuttanut talouspolitiikan linjaa. T\u00e4m\u00e4n hallituksen aikana ei ole tehty varakkaita suosivia veronkevennyksi\u00e4 eik\u00e4 sosiaaliturvasta ja koulutuksesta ole leikattu. Maksuton opetus laajennettiin koskemaan toista astetta ja ammattikoulutukseen annettiin lis\u00e4\u00e4 rahaa paikkaamaan edellisen hallituksen tekemi\u00e4 leikkauksia. Opintoraha on sidottu indeksiin ja nelj\u00e4 vuotta kest\u00e4nyt ihan kaikkien tukien indeksij\u00e4\u00e4dytys on purettu.<\/p>\n<p>Ovatko tutkijat oikeasti sit\u00e4 mielt\u00e4, ett\u00e4 kansa ei ole huomannut n\u00e4it\u00e4 asioita, vaan kannattaa hallitusta ihan vain kriisiajan kansallisen yhten\u00e4isyyden nimiss\u00e4?<\/p>\n<p>Ent\u00e4p\u00e4 jos meill\u00e4 olisi koko ajan ollut vaikkapa Juha Sipil\u00e4n johtama hallitus, jonka kannatus sen loppuaikoina <a rel=\"nofollow\" href=\"https:\/\/www.hs.fi\/politiikka\/art-2000005877102.html\" target=\"_blank\" rel=\"noreferrer noopener\">rypi pohjamudissa<\/a>? Miten se olisi selvinnyt koronasta ja Ukrainan sodan aiheuttamasta kriisist\u00e4? Miten menoleikkauksiin ja suurituloisten veronkevennyksiin keskittynyt hallitus olisi hoitanut rokotukset ja rajoitukset? Miten se olisi hoitanut ulkopolitiikan ja Natoon liittymisen?<\/p>\n<p>Onneksi emme saa koskaan tiet\u00e4\u00e4.<\/p>\n","protected":false},"excerpt":{"rendered":"<p>T\u00e4n\u00e4\u00e4n julkaistiin taas Ylen teett\u00e4m\u00e4 puolueiden kannatusmittaus, jonka n\u00e4kyvin muutos on kokoomuksen&hellip;<\/p>\n","protected":false},"author":62,"featured_media":41175,"comment_status":"open","ping_status":"open","sticky":false,"template":"","format":"standard","meta":{"footnotes":""},"categories":[1],"tags":[7165,8123,7236,932,6900,8031],"acf":[],"platta":{"numLikes":560,"numComments":62,"category":"puheenaiheet","themes":["yhteiskunta","politiikka"],"commercial_partner":null,"thumbnail":"https:\/\/blogit-cdn.a-lehdet.fi\/uploads\/sites\/64\/2022\/06\/uuninpankkopoika.jpg","blog_id":64},"jetpack_featured_media_url":"https:\/\/blogit-cdn.a-lehdet.fi\/uploads\/sites\/64\/2022\/06\/uuninpankkopoika.jpg","_links":{"self":[{"href":"https:\/\/blogit.apu.fi\/uuninpankkopoikasakutimonen\/api\/wp\/v2\/posts\/41379"}],"collection":[{"href":"https:\/\/blogit.apu.fi\/uuninpankkopoikasakutimonen\/api\/wp\/v2\/posts"}],"about":[{"href":"https:\/\/blogit.apu.fi\/uuninpankkopoikasakutimonen\/api\/wp\/v2\/types\/post"}],"author":[{"embeddable":true,"href":"https:\/\/blogit.apu.fi\/uuninpankkopoikasakutimonen\/api\/wp\/v2\/users\/62"}],"replies":[{"embeddable":true,"href":"https:\/\/blogit.apu.fi\/uuninpankkopoikasakutimonen\/api\/wp\/v2\/comments?post=41379"}],"version-history":[{"count":16,"href":"https:\/\/blogit.apu.fi\/uuninpankkopoikasakutimonen\/api\/wp\/v2\/posts\/41379\/revisions"}],"predecessor-version":[{"id":41395,"href":"https:\/\/blogit.apu.fi\/uuninpankkopoikasakutimonen\/api\/wp\/v2\/posts\/41379\/revisions\/41395"}],"wp:featuredmedia":[{"embeddable":true,"href":"https:\/\/blogit.apu.fi\/uuninpankkopoikasakutimonen\/api\/wp\/v2\/media\/41175"}],"wp:attachment":[{"href":"https:\/\/blogit.apu.fi\/uuninpankkopoikasakutimonen\/api\/wp\/v2\/media?parent=41379"}],"wp:term":[{"taxonomy":"category","embeddable":true,"href":"https:\/\/blogit.apu.fi\/uuninpankkopoikasakutimonen\/api\/wp\/v2\/categories?post=41379"},{"taxonomy":"post_tag","embeddable":true,"href":"https:\/\/blogit.apu.fi\/uuninpankkopoikasakutimonen\/api\/wp\/v2\/tags?post=41379"}],"curies":[{"name":"wp","href":"https:\/\/api.w.org\/{rel}","templated":true}]}}