{"id":41641,"date":"2022-08-08T11:00:38","date_gmt":"2022-08-08T08:00:38","guid":{"rendered":"http:\/\/blogit.apu.fi\/uuninpankkopoikasakutimonen\/?p=41641"},"modified":"2022-08-08T16:46:00","modified_gmt":"2022-08-08T13:46:00","slug":"hallituksen-vika-vai-pitkan-kehityksen-tulos","status":"publish","type":"post","link":"https:\/\/blogit.apu.fi\/uuninpankkopoikasakutimonen\/2022\/08\/08\/hallituksen-vika-vai-pitkan-kehityksen-tulos\/","title":{"rendered":"Hallituksen vika vai pitk\u00e4n kehityksen tulos?"},"content":{"rendered":"<p>Eilen ja t\u00e4n\u00e4\u00e4n Suomi havahtui terveydenhoidon kriisiin. P\u00e4ivystykset ovat tukkeutuneet, jatkohoitopaikkoja ei riit\u00e4, hoitoalan sijaisia ei saada palkattua tarpeeksi ja koko j\u00e4rjestelm\u00e4n liitokset natisevat. Kuten tapana on, niin syylliset l\u00f6ytyiv\u00e4t heti. Syyllisi\u00e4 ovat Marinin hallitus ja erityisesti perhe- ja peruspalveluministeri Aki Lind\u00e9n, jonka pit\u00e4isi nyt <a rel=\"nofollow\" href=\"https:\/\/www.iltalehti.fi\/politiikka\/a\/858d386f-67a9-4f2e-9b5d-7ab66ba44c12?utm_medium=Social&amp;utm_source=Facebook#Echobox=1659935705\" target=\"_blank\" rel=\"noreferrer noopener\">katsoa peiliin<\/a>. Somessa kysell\u00e4\u00e4n ihan vakavissaan, miten on yleens\u00e4 mahdollista tuhota koko terveydenhoitoala parissa vuodessa.<\/p>\n<p>Marinin hallituksen syyt\u00e4 ovat siis hoitajapula, hoitoalan huonot palkat, p\u00e4ivystysjonot, jatkohoitopaikkojen puute ja koko alan kriisi. Keskustelu on kuin suoraan Lapinlahden Lintujen vanhasta sketsist\u00e4, jossa ty\u00f6l\u00e4iselle annetaan ensin mitali, mutta kun lama iskee, niin mitali otetaan pois selk\u00e4saunalla h\u00f6yst\u00e4en. Koko talouskriisi on h\u00e4nen syyt\u00e4\u00e4n.<\/p>\n<p>Sek\u00e4 mediassa ett\u00e4 varsinkin somessa n\u00e4hd\u00e4\u00e4n vain t\u00e4m\u00e4n hetken tilanne ja katsotaan korkeintaan pari vuotta taaksep\u00e4in, jolloin silmiin osuu hoitajamitoitus. Seh\u00e4n se on suurin syyllinen ja sen teki Marinin hallitus. Elet\u00e4\u00e4n t\u00e4ss\u00e4 hetkess\u00e4 eik\u00e4 tunneta alan historiaa edes muutaman vuoden ajalta.<\/p>\n<p>Terveydenhoitoalaa on heikennetty jo ainakin 20 vuotta. Suurin syy siihen on lyhytn\u00e4k\u00f6inen talousajattelu, jonka mukaan pit\u00e4\u00e4 s\u00e4\u00e4st\u00e4\u00e4 ja leikata kustannusten kasvua, vaikka hoidon tarve lis\u00e4\u00e4ntyy jatkuvasti. Kun j\u00e4rjestelm\u00e4 on kest\u00e4nyt n\u00e4m\u00e4 toimet, niin on s\u00e4\u00e4stetty ja leikattu lis\u00e4\u00e4 ajatellen, ett\u00e4 kun se tuon kesti, niin kest\u00e4\u00e4 se viel\u00e4 t\u00e4m\u00e4nkin. Kun n\u00e4in on jatkettu tarpeeksi kauan, niin j\u00e4rjestelm\u00e4 ei en\u00e4\u00e4 kest\u00e4. Koronaa ja sen kaikkia seurauksia se ei en\u00e4\u00e4 kest\u00e4nyt.<\/p>\n<p>Otetaan esimerkiksi Pohjois-Karjalan Siun sote, joka n\u00e4kyi p\u00e4\u00e4sseen eilisiin uutisiinkin. Kun kuntayhtym\u00e4 aloitti vuoden 2017 alussa, niin sille ei annettu tarpeeksi rahaa, koska kunnat halusivat s\u00e4\u00e4st\u00e4\u00e4. Tai eiv\u00e4t kaikki kunnat, sill\u00e4 Juuka yhdess\u00e4 parin muun kunnan kanssa oli halukas kasvattamaan maksuosuuksia. Oli selv\u00e4sti n\u00e4ht\u00e4viss\u00e4, ett\u00e4 raha ei tule riitt\u00e4m\u00e4\u00e4n. Isommat kunnat jyr\u00e4siv\u00e4t kuitenkin l\u00e4pi s\u00e4\u00e4st\u00f6linjan, ja niin on k\u00e4ynyt siit\u00e4 l\u00e4htien.<\/p>\n<p>Sen seurauksena palveluja on heikennetty jatkuvasti. Terveyskeskusten vuodeosastoja on ajettu alas tai pienennetty muutaman paikan hoitosoluiksi. V\u00e4ltt\u00e4m\u00e4tt\u00f6m\u00e4t tukipalvelut r\u00f6ntgeni\u00e4 my\u00f6ten on keskitetty, joten esimerkiksi juukalaiset joutuvat k\u00e4ym\u00e4\u00e4n kuvattavina 50 kilometrin p\u00e4\u00e4ss\u00e4 Nurmeksessa. Erikoissairaanhoidosta tulevat toipilaat ripotellaan ymp\u00e4ri Pohjois-Karjalaa sinne, miss\u00e4 sattuu olemaan hoitosolun vuodepaikka vapaana. Edes omaiset eiv\u00e4t aina tied\u00e4 minne heid\u00e4n l\u00e4heisens\u00e4 on viety.<\/p>\n<p>N\u00e4m\u00e4 ovat niit\u00e4 lyhytn\u00e4k\u00f6isen ja suoranaiseen tyhmyyteen perustuvan s\u00e4\u00e4st\u00e4misen seurauksia. T\u00e4m\u00e4 s\u00e4\u00e4st\u00f6ajattelu johtuu osaksi kuntien rahapulasta, mutta ei pid\u00e4 unohtaa my\u00f6sk\u00e4\u00e4n ideologisia syit\u00e4. Perusterveydenhoitoa on yritetty ulkoistaa ja yksityist\u00e4\u00e4 jo yli kymmenen vuotta, ja se huipentui Sipil\u00e4n hallituksen perustuslakiin t\u00f6rm\u00e4nneeseen sote-esitykseen. Sen tarkoitus oli siirt\u00e4\u00e4 koko perusterveydenhoito yksityissektorin j\u00e4rjestett\u00e4v\u00e4ksi ja yhteiskunnan maksettavaksi. Siin\u00e4 unohdettiin, ett\u00e4 yksityisill\u00e4 hoivaj\u00e4teill\u00e4 ei ole jatkohoitopaikkoja, vaan kaikki erikoissairaanhoitoa vaativat potilaat siirret\u00e4\u00e4n julkisen sektorin hoidettaviksi.<\/p>\n<p>Ja sitten on tietenkin hoitajapula, jota t\u00e4m\u00e4 hallitus on kuulemma pahentanut hoitajamitoituksella. H\u00f6p\u00f6 h\u00f6p\u00f6. Alan palkat ovat laahanneet yleisest\u00e4 palkkakehityksest\u00e4 j\u00e4ljess\u00e4 jo kauan, ja nuoret eiv\u00e4t en\u00e4\u00e4 hakeudu alalle entiseen tapaan. Raskas kolmivuoroty\u00f6 pienell\u00e4 palkalla ei houkuttele, joten uusia hoitajia ei valmistu el\u00e4kkeelle j\u00e4\u00e4vien ja alaa vaihtavien tilalle tarpeeksi. Hoitajapula on pitk\u00e4n kehityksen tulos, eik\u00e4 sit\u00e4 paranneta mill\u00e4\u00e4n taikatempulla.<\/p>\n<p>Ilmeisesti niin pit\u00e4isi kuitenkin tehd\u00e4. Ministeri Lind\u00e9nin pit\u00e4isi katsoa peiliin ja taikoa jostain tarpeeksi koulutettuja hoitajia ja rahaa heid\u00e4n palkkaamiseensa. Hallituksen pit\u00e4isi nyt saada hoitajat t\u00f6ihin, mutta mit\u00e4\u00e4n velvoittavaa lakia ei saa s\u00e4\u00e4t\u00e4\u00e4. Hoitojonot on vain taiottava pois ja jatkohoitopaikkoja pit\u00e4\u00e4 taikoa lis\u00e4\u00e4, mutta kustannuksia ei saa lis\u00e4t\u00e4 ja verojakin pit\u00e4\u00e4 alentaa. Lis\u00e4ksi pit\u00e4\u00e4 kuulemma ottaa yksityissektori mukaan purkamaan hoitojonoja. Mik\u00e4s siin\u00e4, mutta sekin maksaa, eik\u00e4 yksityissektorilla ole edelleenk\u00e4\u00e4n niit\u00e4 jatkohoitopaikkoja.<\/p>\n<p>Kun t\u00e4t\u00e4 keskustelua on nyt ruvettu k\u00e4ym\u00e4\u00e4n, niin toivottavasti ymm\u00e4rret\u00e4\u00e4n katsoa muutakin kuin t\u00e4t\u00e4 hetke\u00e4. Ei tilanne ole kerralla n\u00e4in pahaksi p\u00e4\u00e4ssyt, vaan se on pitk\u00e4n ajan kehityksen ik\u00e4v\u00e4 lopputulos. Mutta on tietysti helpompaa toimia Lapinlahden Lintujen sketsin tavoin ja antaa selk\u00e4\u00e4n yhdelle ministerille tai mieluummin koko nykyiselle hallitukselle.<\/p>\n","protected":false},"excerpt":{"rendered":"<p>Eilen ja t\u00e4n\u00e4\u00e4n Suomi havahtui terveydenhoidon kriisiin. P\u00e4ivystykset ovat tukkeutuneet, jatkohoitopaikkoja ei&hellip;<\/p>\n","protected":false},"author":62,"featured_media":41441,"comment_status":"open","ping_status":"open","sticky":false,"template":"","format":"standard","meta":{"footnotes":""},"categories":[1],"tags":[6587,8080,8141,591,1249,6718,4305,261,62],"acf":[],"platta":{"numLikes":595,"numComments":88,"category":"puheenaiheet","themes":["yhteiskunta","politiikka"],"commercial_partner":null,"thumbnail":"https:\/\/blogit-cdn.a-lehdet.fi\/uploads\/sites\/64\/2022\/07\/uuninpankkopoika.jpg","blog_id":64},"jetpack_featured_media_url":"https:\/\/blogit-cdn.a-lehdet.fi\/uploads\/sites\/64\/2022\/07\/uuninpankkopoika.jpg","_links":{"self":[{"href":"https:\/\/blogit.apu.fi\/uuninpankkopoikasakutimonen\/api\/wp\/v2\/posts\/41641"}],"collection":[{"href":"https:\/\/blogit.apu.fi\/uuninpankkopoikasakutimonen\/api\/wp\/v2\/posts"}],"about":[{"href":"https:\/\/blogit.apu.fi\/uuninpankkopoikasakutimonen\/api\/wp\/v2\/types\/post"}],"author":[{"embeddable":true,"href":"https:\/\/blogit.apu.fi\/uuninpankkopoikasakutimonen\/api\/wp\/v2\/users\/62"}],"replies":[{"embeddable":true,"href":"https:\/\/blogit.apu.fi\/uuninpankkopoikasakutimonen\/api\/wp\/v2\/comments?post=41641"}],"version-history":[{"count":10,"href":"https:\/\/blogit.apu.fi\/uuninpankkopoikasakutimonen\/api\/wp\/v2\/posts\/41641\/revisions"}],"predecessor-version":[{"id":41652,"href":"https:\/\/blogit.apu.fi\/uuninpankkopoikasakutimonen\/api\/wp\/v2\/posts\/41641\/revisions\/41652"}],"wp:featuredmedia":[{"embeddable":true,"href":"https:\/\/blogit.apu.fi\/uuninpankkopoikasakutimonen\/api\/wp\/v2\/media\/41441"}],"wp:attachment":[{"href":"https:\/\/blogit.apu.fi\/uuninpankkopoikasakutimonen\/api\/wp\/v2\/media?parent=41641"}],"wp:term":[{"taxonomy":"category","embeddable":true,"href":"https:\/\/blogit.apu.fi\/uuninpankkopoikasakutimonen\/api\/wp\/v2\/categories?post=41641"},{"taxonomy":"post_tag","embeddable":true,"href":"https:\/\/blogit.apu.fi\/uuninpankkopoikasakutimonen\/api\/wp\/v2\/tags?post=41641"}],"curies":[{"name":"wp","href":"https:\/\/api.w.org\/{rel}","templated":true}]}}