{"id":42896,"date":"2022-12-22T10:40:21","date_gmt":"2022-12-22T08:40:21","guid":{"rendered":"http:\/\/blogit.apu.fi\/uuninpankkopoikasakutimonen\/?p=42896"},"modified":"2022-12-22T10:41:20","modified_gmt":"2022-12-22T08:41:20","slug":"hevoskuuria-odotellessa","status":"publish","type":"post","link":"https:\/\/blogit.apu.fi\/uuninpankkopoikasakutimonen\/2022\/12\/22\/hevoskuuria-odotellessa\/","title":{"rendered":"Hevoskuuria odotellessa"},"content":{"rendered":"<p>Helsingin Sanomien teett\u00e4m\u00e4n uusimman <a rel=\"nofollow\" href=\"https:\/\/www.hs.fi\/politiikka\/art-2000009282727.html?share=3226561a6546a2d6291f81ac585344e4\" target=\"_blank\" rel=\"noreferrer noopener\">puoluekannatusmittauksen<\/a> mukaan Suomen kansa on unohtanut milt\u00e4 selk\u00e4sauna maistuu ja kaipaa kipe\u00e4sti uutta. Kokoomus on edelleen suosituin puolue, ja perussuomalaisten kannatus on taas noussut v\u00e4h\u00e4n. Jos t\u00e4m\u00e4 kehitys jatkuu ja realisoituu vaaleissa, niin seuraavan hallituksen muodostavat kokoomus ja perussuomalaiset t\u00e4ydennettyn\u00e4 joillain pienpuolueilla, jollaiseksi keskustakin n\u00e4ytt\u00e4isi kutistuvan.<\/p>\n<p>Ja sitten leikataan. Kokoomus on jo luvannut leikata ty\u00f6tt\u00f6myys- ja sosiaaliturvaa, mutta on pit\u00e4nyt visusti suunsa kiinni muista leikkauskohteista. Niit\u00e4 ovat hyvin todenn\u00e4k\u00f6isesti ainakin Marinin hallituksen tekem\u00e4t korjaukset Sipil\u00e4n hallituksen leikkauksiin sek\u00e4 oppivelvollisuuden pident\u00e4misen ja maksuttoman toisen asteen koulutuksen peruminen. T\u00e4m\u00e4 on arvaus, mutta sen suuntaisia puheita on jo kuulunut.<\/p>\n<p>Ennen kaikkea tullaan leikkaamaan sosiaaliturvasta, sill\u00e4 kokoomuksen mukaan ty\u00f6 on parasta sosiaaliturvaa, mutta palkalla ei tarvitse tulla toimeen. Palkkaa jatketaan sosiaaliturvalla, josta ensin leikataan. Sitten tulevat tietenkin jo Sipil\u00e4n hallituksen kaudelta tutut tukien\u00a0 indeksij\u00e4\u00e4dytykset ja muut k\u00f6yhi\u00e4 kurittaneet toimet.<\/p>\n<p>Perussuomalaiset l\u00e4htev\u00e4t t\u00e4h\u00e4n mukaan, sill\u00e4 entiseen tapaan heille kelpaavat kaikki kokoomuksen esitt\u00e4m\u00e4t leikkaukset, kunhan vain he itse p\u00e4\u00e4sev\u00e4t peukaloimaan maahanmuuttopolitiikkaa. Riikka Purra lupasi jo yli vuosi sitten, ett\u00e4 tulevien leikkausten edess\u00e4 jopa Sipil\u00e4n kiky kalpenee.<\/p>\n<p>Perussuomalaisten kannatuksen kasvu ihmetytt\u00e4isi, jos en olisi jo aikoja sitten ymm\u00e4rt\u00e4nyt puolueen kannatuksen perustuvan kannattajien t\u00e4ydelliseen tiet\u00e4m\u00e4tt\u00f6myyteen politiikasta ja sen lainalaisuuksista. Puolue ei tarjoa mit\u00e4\u00e4n muuta kuin kaiken vastustamista, somer\u00e4hin\u00e4\u00e4 ja huonoa k\u00e4yt\u00f6st\u00e4 eduskunnan kyselytunnilla. Ne vetoavat niihin, jotka ihailevat suunsa auki saavia, mutta jotka eiv\u00e4t ihaillessaan ymm\u00e4rr\u00e4 ettei n\u00e4ill\u00e4 huutajilla ole mit\u00e4\u00e4n sanottavaa eik\u00e4 mink\u00e4\u00e4nlaisia ratkaisuja mihink\u00e4\u00e4n.<\/p>\n<p>Esimerkkin\u00e4 t\u00e4st\u00e4 olkoon vaikka viime kes\u00e4n\u00e4 kuultu r\u00e4hin\u00e4 Fortumin tuista Uniperille. Seh\u00e4n oli kuulemma maan hallituksen vika, ja p\u00e4\u00e4ministeri biletti mieluummin kuin hoiti maan asioita. Tosiasiassa puhuttiin koko ajan kahden p\u00f6rssiyhti\u00f6n v\u00e4lisist\u00e4 asioista, joita maan hallitus ei ratkaise. Nyt kun Uniper maksaa kaiken Fortumille <a rel=\"nofollow\" href=\"https:\/\/www.uusisuomi.fi\/uutiset\/uniper-maksaa-takaisin-fortumille-4-miljardin-euron-osakaslainan-nyt-lyotiin-lukkoon-vakautuspaketin-lopulliset-ehdot\/52b469c0-82e0-43c7-9740-451ddcc32613\" target=\"_blank\" rel=\"noreferrer noopener\">takaisin<\/a>, niin asiasta ei en\u00e4\u00e4 puhuta.<\/p>\n<p>Eip\u00e4 puhu mediakaan, koska sill\u00e4 on nyt liian kiire mietti\u00e4 s\u00e4hk\u00f6n hintakriisi\u00e4. Nyt kun hallitus on <a rel=\"nofollow\" href=\"https:\/\/yle.fi\/a\/74-20009939\" target=\"_blank\" rel=\"noreferrer noopener\">sopinut<\/a> s\u00e4hk\u00f6n hintatuesta kuluttajille, niin odottelen spekulointia v\u00e4\u00e4rin kohdennetuista tuista. Media tulee h\u00e4mment\u00e4m\u00e4\u00e4n t\u00e4t\u00e4kin soppaa antaumuksella ja j\u00e4tt\u00e4\u00e4 sitten somekansan r\u00e4hisem\u00e4\u00e4n asiasta joidenkin poliittisten kellokkaiden johdolla. Uutisia tehd\u00e4\u00e4n sitten siit\u00e4, mit\u00e4 joku sanoi Twitteriss\u00e4 ja miten joku toinen sen kuittasi &#8220;viilt\u00e4v\u00e4sti&#8221;.<\/p>\n<p>Kuten olen kymmeni\u00e4 kertoja sanonut, niin media muokkaa todellisuutta, ja erityisesti se muokkaa ihmisten k\u00e4sityksi\u00e4 politiikasta. Ehk\u00e4 parhaiten asiasta keroo Susanna Kuparinen <a rel=\"nofollow\" href=\"https:\/\/journalisti.fi\/nakokulmat\/2022\/12\/paakirjoitukset-vaativat-leikkauksia-sisasivut-kertovat-niiden-seurauksista\/\" target=\"_blank\" rel=\"noreferrer noopener\">Journalisti-lehdess\u00e4<\/a>. H\u00e4nen mukaansa lehtien p\u00e4\u00e4kirjoitukset vaativat leikkauksia ja sis\u00e4sivuilla toimittajat kertovat niiden seurauksista. Allekirjoitan t\u00e4m\u00e4n t\u00e4ysin, sill\u00e4 monien lehtien p\u00e4\u00e4kirjoitustoimittajat ja erityisesti politiikan toimittajat ovat koko vaalikauden olleet avoimesti opposition linjoilla vaatimassa leikkauksia ja povaamassa hallituksen kaatumista. He el\u00e4v\u00e4t ihan omassa todellisuudessaan tajuamatta, ett\u00e4 kun Suomi s\u00e4\u00e4st\u00e4\u00e4, niin se s\u00e4\u00e4st\u00e4\u00e4 kansalaisten hyvinvoinnista.<\/p>\n<p>Olen vuosien varrella menett\u00e4nyt uskoni sek\u00e4 mediaan ett\u00e4 kansalaisten \u00e4lykkyyteen, kuten viimeisess\u00e4 Apu-lehdelle antamassani\u00a0<a rel=\"nofollow\" href=\"https:\/\/www.apu.fi\/artikkelit\/uuninpankkopoika-saku-timonen-elakkeelle-suosittu-blogi-loppuu\" target=\"_blank\" rel=\"noreferrer noopener\">haastattelussa<\/a> sanon. Jos kansa haluaa selk\u00e4\u00e4ns\u00e4, niin kansan pit\u00e4\u00e4 saada selk\u00e4\u00e4ns\u00e4. Kun siin\u00e4 vaiheessa kuulette It\u00e4-Suomesta paskaista naurua, niin se nauraja olen min\u00e4.<\/p>\n<p>Saatte t\u00e4sm\u00e4lleen sit\u00e4 mit\u00e4 tilaatte.<\/p>\n<p>***<\/p>\n<p>Kommentointi t\u00e4ss\u00e4 blogissa on sulkeutunut lopullisesti.<\/p>\n","protected":false},"excerpt":{"rendered":"<p>Helsingin Sanomien teett\u00e4m\u00e4n uusimman puoluekannatusmittauksen mukaan Suomen kansa on unohtanut milt\u00e4 selk\u00e4sauna&hellip;<\/p>\n","protected":false},"author":62,"featured_media":42282,"comment_status":"closed","ping_status":"open","sticky":false,"template":"","format":"standard","meta":{"footnotes":""},"categories":[1],"tags":[591,6900,4223,8127],"acf":[],"platta":{"numLikes":696,"numComments":0,"category":"puheenaiheet","themes":["yhteiskunta","politiikka"],"commercial_partner":null,"thumbnail":"https:\/\/blogit-cdn.a-lehdet.fi\/uploads\/sites\/64\/2022\/10\/uuninpankkopoika.jpg","blog_id":64},"jetpack_featured_media_url":"https:\/\/blogit-cdn.a-lehdet.fi\/uploads\/sites\/64\/2022\/10\/uuninpankkopoika.jpg","_links":{"self":[{"href":"https:\/\/blogit.apu.fi\/uuninpankkopoikasakutimonen\/api\/wp\/v2\/posts\/42896"}],"collection":[{"href":"https:\/\/blogit.apu.fi\/uuninpankkopoikasakutimonen\/api\/wp\/v2\/posts"}],"about":[{"href":"https:\/\/blogit.apu.fi\/uuninpankkopoikasakutimonen\/api\/wp\/v2\/types\/post"}],"author":[{"embeddable":true,"href":"https:\/\/blogit.apu.fi\/uuninpankkopoikasakutimonen\/api\/wp\/v2\/users\/62"}],"replies":[{"embeddable":true,"href":"https:\/\/blogit.apu.fi\/uuninpankkopoikasakutimonen\/api\/wp\/v2\/comments?post=42896"}],"version-history":[{"count":4,"href":"https:\/\/blogit.apu.fi\/uuninpankkopoikasakutimonen\/api\/wp\/v2\/posts\/42896\/revisions"}],"predecessor-version":[{"id":42900,"href":"https:\/\/blogit.apu.fi\/uuninpankkopoikasakutimonen\/api\/wp\/v2\/posts\/42896\/revisions\/42900"}],"wp:featuredmedia":[{"embeddable":true,"href":"https:\/\/blogit.apu.fi\/uuninpankkopoikasakutimonen\/api\/wp\/v2\/media\/42282"}],"wp:attachment":[{"href":"https:\/\/blogit.apu.fi\/uuninpankkopoikasakutimonen\/api\/wp\/v2\/media?parent=42896"}],"wp:term":[{"taxonomy":"category","embeddable":true,"href":"https:\/\/blogit.apu.fi\/uuninpankkopoikasakutimonen\/api\/wp\/v2\/categories?post=42896"},{"taxonomy":"post_tag","embeddable":true,"href":"https:\/\/blogit.apu.fi\/uuninpankkopoikasakutimonen\/api\/wp\/v2\/tags?post=42896"}],"curies":[{"name":"wp","href":"https:\/\/api.w.org\/{rel}","templated":true}]}}