{"id":524,"date":"2011-03-30T09:01:05","date_gmt":"2011-03-30T07:01:05","guid":{"rendered":"http:\/\/uuninpankkopoika.byethost31.com\/?p=524"},"modified":"2018-02-28T10:55:24","modified_gmt":"2018-02-28T08:55:24","slug":"virkamiesten-vaalikiertue","status":"publish","type":"post","link":"https:\/\/blogit.apu.fi\/uuninpankkopoikasakutimonen\/2011\/03\/30\/virkamiesten-vaalikiertue\/","title":{"rendered":"Virkamiesten vaalikiertue"},"content":{"rendered":"<p>Eilen uutisissa kerrottiin, ett\u00e4 valtiovarainministeri\u00f6n virkamiehet ovat jalkautuneet kansan pariin kertomaan Euroopan talouden vakausmekanismeista ja Suomen osallistumisesta niihin. Kansalle kerrotaan, mit\u00e4 tarkoittavat kirjainlyhenteet EVM ja ERVV. T\u00e4m\u00e4n tiedon jakaminen \u00e4\u00e4nest\u00e4jille on ep\u00e4ilem\u00e4tt\u00e4 t\u00e4rke\u00e4\u00e4, mutta parin p\u00e4iv\u00e4n takaisen ajankohtaisohjelman perusteella sivistysty\u00f6n olisi voinut aloittaa eduskunnasta. Monella istuvalla kansanedustajalla ei nimitt\u00e4in ollut asiasta mink\u00e4\u00e4nlaista k\u00e4sityst\u00e4.<\/p>\n<p>Idea infotilaisuuksiin oli kuulemma virkamiesten omaa keksint\u00f6\u00e4. He haluavat oma-aloitteisesti kertoa kansalle oikeaa tietoa ja korjata v\u00e4\u00e4r\u00e4\u00e4, koska sit\u00e4 virheellist\u00e4 tietoa on liikkeell\u00e4 liian paljon ja uhkakuvia maalataan tahallisesti.<\/p>\n<p>Saa t\u00e4m\u00e4nkin halutessaan uskoa. Min\u00e4 olen kuitenkin niin kyyninen, ett\u00e4 en usko virkamiesten aloitteelliseen tiedotusintoon. Mist\u00e4 ihmeest\u00e4 meille nyt olisi l\u00f6ytynyt niin tiedotusmy\u00f6nteinen virkamieskunta, ett\u00e4 se ihan omin p\u00e4in jalkautuu pitkin maata sivist\u00e4m\u00e4\u00e4n kansaa? Ei mist\u00e4\u00e4n, kyll\u00e4 n\u00e4m\u00e4 matkasaarnaajat ovat liikkeell\u00e4 poliitisesta k\u00e4skyst\u00e4. K\u00e4skij\u00f6in\u00e4 ovat sek\u00e4 kokoomuslainen valtiovarainministeri ett\u00e4 muu hallitus, joita hirvitt\u00e4\u00e4 kansan tyytym\u00e4tt\u00f6myys takausten jatkuvaan kasvuun. Nyt on kierrett\u00e4v\u00e4 todistelemassa, ett\u00e4 ei takaus tarkoita maksusitoumusta, vaikka sit\u00e4h\u00e4n se juuri tarkoittaakin.<\/p>\n<p>Ep\u00e4uskoa lis\u00e4\u00e4 kiertueen tarkka ajoitus alkamaan kaksi ja puoli viikkoa ennen vaaleja. On aika kummallista, ett\u00e4 ajatus kansansivistysty\u00f6st\u00e4 p\u00e4lk\u00e4hti virkamiesten p\u00e4\u00e4h\u00e4n juuri nyt.<\/p>\n<p>Samoilla luennoilla voidaan ihmisille kertoa muutakin nykyhallituksen linjaa my\u00f6t\u00e4ilev\u00e4\u00e4 vaikkapa julkisen talouden kest\u00e4vyysvajeesta, josta my\u00f6s on levitetty kerettil\u00e4isi\u00e4 k\u00e4sityksi\u00e4. Esimerkiksi Aalto-yliopiston kansantaloustieteen professori Pertti Haaparanta on kertonut, ett\u00e4 kest\u00e4vyysvaje on liioiteltua. Lis\u00e4ksi ministeri\u00f6 puhuu siit\u00e4 harhanjohtavasti, puutteellisesti ja leikkausintoisesti. Puheet antavat selv\u00e4sti ymm\u00e4rt\u00e4\u00e4, ett\u00e4 virkamiehet laativat kuumeisesti tulevia leikkauslistoja ja leikkaukset kohdistuvat erityisesti sosialietuuksiin.<\/p>\n<p>N\u00e4m\u00e4 kaikki asiat liittyv\u00e4t toisiinsa ja ovat osa poliittista peli\u00e4. Kansalle puhutaan yleiseurooppalaisesta julkisen talouden kriisist\u00e4, vaikka kyse on pankkikriisist\u00e4 ja sijoittajien tukem\u00edsesta. Heid\u00e4n pelastamisekseen on jostain tingitt\u00e4v\u00e4 ja juuri sosiaalietuuksien leikkaaminen sopii hyvin nykyhallituksen linjaan. Juuri t\u00e4t\u00e4 tarkoitusta varten valtiovarainministeri on l\u00e4hett\u00e4nyt sananjulistajat asialle. Jos ette nyt usko, niin vaalien j\u00e4lkeen itkette ja uskotte.<\/p>\n","protected":false},"excerpt":{"rendered":"<p>Eilen uutisissa kerrottiin, ett\u00e4 valtiovarainministeri\u00f6n virkamiehet ovat jalkautuneet kansan pariin kertomaan Euroopan&hellip;<\/p>\n","protected":false},"author":62,"featured_media":0,"comment_status":"open","ping_status":"open","sticky":false,"template":"","format":"standard","meta":{"footnotes":""},"categories":[438,510],"tags":[778,779,780,781,782,783],"acf":[],"platta":{"numLikes":1,"numComments":4,"category":null,"themes":[],"commercial_partner":null,"thumbnail":false,"blog_id":64},"jetpack_featured_media_url":"","_links":{"self":[{"href":"https:\/\/blogit.apu.fi\/uuninpankkopoikasakutimonen\/api\/wp\/v2\/posts\/524"}],"collection":[{"href":"https:\/\/blogit.apu.fi\/uuninpankkopoikasakutimonen\/api\/wp\/v2\/posts"}],"about":[{"href":"https:\/\/blogit.apu.fi\/uuninpankkopoikasakutimonen\/api\/wp\/v2\/types\/post"}],"author":[{"embeddable":true,"href":"https:\/\/blogit.apu.fi\/uuninpankkopoikasakutimonen\/api\/wp\/v2\/users\/62"}],"replies":[{"embeddable":true,"href":"https:\/\/blogit.apu.fi\/uuninpankkopoikasakutimonen\/api\/wp\/v2\/comments?post=524"}],"version-history":[{"count":1,"href":"https:\/\/blogit.apu.fi\/uuninpankkopoikasakutimonen\/api\/wp\/v2\/posts\/524\/revisions"}],"predecessor-version":[{"id":23197,"href":"https:\/\/blogit.apu.fi\/uuninpankkopoikasakutimonen\/api\/wp\/v2\/posts\/524\/revisions\/23197"}],"wp:attachment":[{"href":"https:\/\/blogit.apu.fi\/uuninpankkopoikasakutimonen\/api\/wp\/v2\/media?parent=524"}],"wp:term":[{"taxonomy":"category","embeddable":true,"href":"https:\/\/blogit.apu.fi\/uuninpankkopoikasakutimonen\/api\/wp\/v2\/categories?post=524"},{"taxonomy":"post_tag","embeddable":true,"href":"https:\/\/blogit.apu.fi\/uuninpankkopoikasakutimonen\/api\/wp\/v2\/tags?post=524"}],"curies":[{"name":"wp","href":"https:\/\/api.w.org\/{rel}","templated":true}]}}